{"id":559279,"date":"2022-11-04T09:03:59","date_gmt":"2022-11-04T08:03:59","guid":{"rendered":"https:\/\/www.hashtag.al\/?p=559279"},"modified":"2022-11-04T09:03:59","modified_gmt":"2022-11-04T08:03:59","slug":"zelensky-sulmet-ruse-kane-lene-4-5-milione-ukrainas-pa-drita","status":"publish","type":"post","link":"https:\/\/www.hashtag.al\/index.php\/2022\/11\/04\/zelensky-sulmet-ruse-kane-lene-4-5-milione-ukrainas-pa-drita\/","title":{"rendered":"Zelensky: Sulmet ruse kan\u00eb l\u00ebn\u00eb 4.5 milion\u00eb ukrainas pa drita","gt_translate_keys":[{"key":"rendered","format":"text"}]},"content":{"rendered":"<p><span style=\"color: #000000;\"><a href=\"https:\/\/www.hashtag.al\/wp-content\/uploads\/2022\/11\/Capture.jpg\"><img loading=\"lazy\" decoding=\"async\" class=\"aligncenter size-full wp-image-559280\" src=\"https:\/\/www.hashtag.al\/wp-content\/uploads\/2022\/11\/Capture.jpg\" alt=\"\" width=\"764\" height=\"426\" srcset=\"https:\/\/www.hashtag.al\/wp-content\/uploads\/2022\/11\/Capture.jpg 764w, https:\/\/www.hashtag.al\/wp-content\/uploads\/2022\/11\/Capture-300x167.jpg 300w\" sizes=\"auto, (max-width: 764px) 100vw, 764px\" \/><\/a><\/span><\/p>\n<p><span style=\"color: #000000;\">Presidenti i Ukrain\u00ebs, Volodymyr Zelensky, ka akuzuar Kremlinin se po i drejtohet \u201c<em>terrorizmit energjetik<\/em>\u201d pasi trupat ruse kan\u00eb pak p\u00ebrfitime n\u00eb fush\u00ebn e betej\u00ebs.<\/span><\/p>\n<p><span style=\"color: #000000;\">Zelensky tha se 4.5 milion\u00eb njer\u00ebz n\u00eb Ukrain\u00eb kishin mbetur pa energji elektrike pas sulmeve ruse n\u00eb rrjetin e saj energjetik.<\/span><\/p>\n<p><span style=\"color: #000000;\">Si\u00e7 shkruan <span style=\"color: #0000ff;\"><a style=\"color: #0000ff;\" href=\"https:\/\/www.bbc.com\/news\/world-europe-63508836\">BBC<\/a><\/span>, n\u00eb jav\u00ebt e fundit, Rusia ka kryer sulme n\u00eb shkall\u00eb t\u00eb gjer\u00eb me raketa dhe drone n\u00eb objektet e energjis\u00eb ukrainase.<\/span><\/p>\n<p><span style=\"color: #000000;\">Sulmet vijn\u00eb pasi zyrtar\u00ebt thon\u00eb se trupat ruse ka t\u00eb ngjar\u00eb t\u00eb t\u00ebrhiqen nga qyteti ky\u00e7 jugor Kherson.<\/span><\/p>\n<p><span style=\"color: #000000;\">Pasi p\u00ebsoi nj\u00eb seri humbjesh t\u00eb dhimbshme n\u00eb fush\u00ebn e betej\u00ebs, Rusia ka shtuar sulmet n\u00eb jav\u00ebt e fundit ndaj infrastruktur\u00ebs s\u00eb energjis\u00eb elektrike n\u00eb qytete larg vijave t\u00eb frontit.<\/span><\/p>\n<p><span style=\"color: #000000;\">Vet\u00ebm n\u00eb muajin e fundit, nj\u00eb e treta e termocentraleve t\u00eb vendit thuhet se jan\u00eb shkat\u00ebrruar, sipas Presidentit Zelensky.<\/span><\/p>\n<p><span style=\"color: #000000;\">Si rezultat, qeveria ukrainase \u00ebsht\u00eb detyruar t\u00eb nxis\u00eb popullsin\u00eb t\u00eb p\u00ebrpiqet t\u00eb p\u00ebrdor\u00eb energjin\u00eb me kursim.<\/span><\/p>\n<p><span style=\"color: #000000;\"><em>\u201cRreth 4.5 milion\u00eb konsumator\u00eb jan\u00eb shk\u00ebputur p\u00ebrkoh\u00ebsisht nga konsumi i energjis\u00eb.\u201d<\/em>&#8211; tha Presidenti Zelensky n\u00eb fjalimin e tij mbr\u00ebmjen e s\u00eb enjtes.<\/span><\/p>\n<p><span style=\"color: #000000;\">Ai tha se sh\u00ebnjestrimi i infrastruktur\u00ebs energjetike nga Rusia ishte nj\u00eb shenj\u00eb &#8220;<em>dob\u00ebsie<\/em>&#8221; pasi forcat ruse nuk arrijn\u00eb t\u00eb b\u00ebjn\u00eb shum\u00eb terren n\u00eb vij\u00ebn e frontit.<\/span><\/p>\n<p><span style=\"color: #000000;\"><em>&#8220;Vet\u00eb fakti q\u00eb Rusia po i drejtohet terrorizmit energjetik tregon dob\u00ebsin\u00eb e armikut ton\u00eb.&#8221;<\/em>&#8211; tha ai.<\/span><\/p>\n<p><em><span style=\"color: #000000;\">&#8220;Ata nuk mund ta mposhtin Ukrain\u00ebn n\u00eb fush\u00ebn e betej\u00ebs, k\u00ebshtu q\u00eb ata p\u00ebrpiqen t\u00eb thyejn\u00eb njer\u00ebzit tan\u00eb n\u00eb k\u00ebt\u00eb m\u00ebnyr\u00eb.&#8221;<\/span><\/em><\/p>\n<p><span style=\"color: #000000;\">Ministria e Mbrojtjes e Rusis\u00eb e ka konfirmuar se po synon infrastruktur\u00ebn energjetike t\u00eb Ukrain\u00ebs. Akuza e Zelensky vjen pas disa raporteve se trupat ruse po largohen nga qyteti i pushtuar i Khersonit, duke sinjalizuar nj\u00eb t\u00ebrheqje t\u00eb madhe p\u00ebr Rusin\u00eb.<\/span><\/p>\n<p><span style=\"color: #000000;\">Nj\u00eb zyrtar i instaluar nga Rusia n\u00eb rajonin e Khersonit, Kirill Stremousov, u tha mediave ruse se Moska &#8220;<em>ka t\u00eb ngjar\u00eb&#8221;<\/em> t\u00eb t\u00ebrheq\u00eb trupat e saj nga zona.<\/span><\/p>\n<p><span style=\"color: #000000;\">Dhe sipas nj\u00eb zyrtari per\u00ebndimor, duke folur n\u00eb kushte anonimiteti, shumica e oficer\u00ebve komandues rus\u00eb tashm\u00eb jan\u00eb t\u00ebrhequr nga qyteti.<\/span><\/p>\n<p><span style=\"color: #000000;\">N\u00eb vend q\u00eb t\u00eb p\u00ebrpiqeshin t\u00eb mbanin kontrollin e qytetit, ata than\u00eb se trupat ruse po nd\u00ebrtonin pozicionet e tyre mbrojt\u00ebse n\u00eb an\u00ebn tjet\u00ebr t\u00eb lumit Dnipro, si pjes\u00eb e nj\u00eb l\u00ebvizjeje m\u00eb t\u00eb gjer\u00eb ruse p\u00ebr t\u00eb vendosur linja m\u00eb t\u00eb mira mbrojt\u00ebse n\u00eb t\u00eb gjith\u00eb Ukrain\u00ebn jugore dhe lindore p\u00ebrpara mb\u00ebrritjes s\u00eb dimrit.<\/span><\/p>\n<p><span style=\"color: #000000;\">\u00cbsht\u00eb e v\u00ebshtir\u00eb t\u00eb dihet se \u00e7far\u00eb po ndodh sakt\u00ebsisht brenda qytetit, por zyrtari tha se rezervist\u00ebt e mobilizuar rus\u00eb ishin d\u00ebrguar n\u00eb qytet p\u00ebr t\u00eb mbuluar t\u00ebrheqjen p\u00ebrfundimtare kur t\u00eb ndodh\u00eb.<\/span><\/p>\n<p><span style=\"color: #000000;\">P\u00ebrve\u00e7 k\u00ebsaj, korrespondenti i <span style=\"color: #0000ff;\"><a style=\"color: #0000ff;\" href=\"https:\/\/www.bbc.com\/news\/world-europe-63508836\">BBC<\/a><\/span>-s\u00eb p\u00ebr \u00e7\u00ebshtjet nd\u00ebrkomb\u00ebtare, Paul Adams, thot\u00eb se bankat thuhet se jan\u00eb boshatisur dhe muzet\u00eb jan\u00eb pla\u00e7kitur.<\/span><\/p>\n","protected":false,"gt_translate_keys":[{"key":"rendered","format":"html"}]},"excerpt":{"rendered":"<p>Presidenti i Ukrain\u00ebs, Volodymyr Zelensky, ka akuzuar Kremlinin se po i drejtohet \u201cterrorizmit energjetik\u201d pasi trupat ruse kan\u00eb pak p\u00ebrfitime n\u00eb fush\u00ebn e betej\u00ebs. Zelensky tha se 4.5 milion\u00eb njer\u00ebz n\u00eb Ukrain\u00eb kishin mbetur pa energji elektrike pas sulmeve ruse n\u00eb rrjetin e saj energjetik. Si\u00e7 shkruan BBC, n\u00eb jav\u00ebt e fundit, Rusia ka kryer [&hellip;]<\/p>\n","protected":false,"gt_translate_keys":[{"key":"rendered","format":"html"}]},"author":30,"featured_media":559280,"comment_status":"closed","ping_status":"closed","sticky":false,"template":"","format":"standard","meta":{"footnotes":""},"categories":[6,13],"tags":[],"class_list":["post-559279","post","type-post","status-publish","format-standard","has-post-thumbnail","hentry","category-nderkombetare","category-te-fundit"],"gt_translate_keys":[{"key":"link","format":"url"}],"_links":{"self":[{"href":"https:\/\/www.hashtag.al\/index.php\/wp-json\/wp\/v2\/posts\/559279","targetHints":{"allow":["GET"]}}],"collection":[{"href":"https:\/\/www.hashtag.al\/index.php\/wp-json\/wp\/v2\/posts"}],"about":[{"href":"https:\/\/www.hashtag.al\/index.php\/wp-json\/wp\/v2\/types\/post"}],"author":[{"embeddable":true,"href":"https:\/\/www.hashtag.al\/index.php\/wp-json\/wp\/v2\/users\/30"}],"replies":[{"embeddable":true,"href":"https:\/\/www.hashtag.al\/index.php\/wp-json\/wp\/v2\/comments?post=559279"}],"version-history":[{"count":0,"href":"https:\/\/www.hashtag.al\/index.php\/wp-json\/wp\/v2\/posts\/559279\/revisions"}],"wp:featuredmedia":[{"embeddable":true,"href":"https:\/\/www.hashtag.al\/index.php\/wp-json\/wp\/v2\/media\/559280"}],"wp:attachment":[{"href":"https:\/\/www.hashtag.al\/index.php\/wp-json\/wp\/v2\/media?parent=559279"}],"wp:term":[{"taxonomy":"category","embeddable":true,"href":"https:\/\/www.hashtag.al\/index.php\/wp-json\/wp\/v2\/categories?post=559279"},{"taxonomy":"post_tag","embeddable":true,"href":"https:\/\/www.hashtag.al\/index.php\/wp-json\/wp\/v2\/tags?post=559279"}],"curies":[{"name":"wp","href":"https:\/\/api.w.org\/{rel}","templated":true}]}}