{"id":559232,"date":"2022-11-03T19:40:45","date_gmt":"2022-11-03T18:40:45","guid":{"rendered":"https:\/\/www.hashtag.al\/?p=559232"},"modified":"2022-11-03T19:40:45","modified_gmt":"2022-11-03T18:40:45","slug":"rama-shqiperia-mori-kryesimin-e-procesit-te-berlinit-ne-6-dhjetor-samiti-be-ballkani-perendimor","status":"publish","type":"post","link":"https:\/\/www.hashtag.al\/index.php\/2022\/11\/03\/rama-shqiperia-mori-kryesimin-e-procesit-te-berlinit-ne-6-dhjetor-samiti-be-ballkani-perendimor\/","title":{"rendered":"Rama: Shqip\u00ebria mori kryesimin e Procesit t\u00eb Berlinit, n\u00eb 6 dhjetor Samiti BE-Ballkani Per\u00ebndimor","gt_translate_keys":[{"key":"rendered","format":"text"}]},"content":{"rendered":"<p><span style=\"color: #000000;\"><a href=\"https:\/\/www.hashtag.al\/wp-content\/uploads\/2022\/11\/rama-scholz-leyen.png\"><img loading=\"lazy\" decoding=\"async\" class=\"aligncenter size-full wp-image-559233\" src=\"https:\/\/www.hashtag.al\/wp-content\/uploads\/2022\/11\/rama-scholz-leyen.png\" alt=\"\" width=\"873\" height=\"524\" srcset=\"https:\/\/www.hashtag.al\/wp-content\/uploads\/2022\/11\/rama-scholz-leyen.png 873w, https:\/\/www.hashtag.al\/wp-content\/uploads\/2022\/11\/rama-scholz-leyen-300x180.png 300w, https:\/\/www.hashtag.al\/wp-content\/uploads\/2022\/11\/rama-scholz-leyen-768x461.png 768w\" sizes=\"auto, (max-width: 873px) 100vw, 873px\" \/><\/a><\/span><\/p>\n<p><span style=\"color: #000000;\">Kryeministri Edi Rama njoftoi se Shqip\u00ebria ka marr\u00eb kryesimin e Procesit t\u00eb Berlinit dhe se m\u00eb 6 dhjetor do organizohet n\u00eb Tiran\u00eb Samiti i Bashkimit Evropian me Ballkanin Per\u00ebndimor.<\/span><\/p>\n<p><span style=\"color: #000000;\">Kryetari i qeveris\u00eb gjithashtu shpreh dhe nj\u00eb lutje p\u00ebr shqiptar\u00ebt q\u00eb komunikojn\u00eb me bot\u00ebn t\u00eb mos e shajn\u00eb at\u00eb n\u00eb gjuh\u00eb t\u00eb huaj.<\/span><\/p>\n<p><span style=\"color: #000000;\"><strong>\u201c<\/strong><em>Sot Shqip\u00ebris\u00eb iu dha me propozim t\u00eb kancelarit Scholz, kryesimi i Procesit t\u00eb Berlinit dhe organizimi n\u00eb Tiran\u00eb i Samitit t\u00eb ardhsh\u00ebm. M\u00eb 6 dhjetor n\u00eb Shqip\u00ebri do t\u00eb mbahet i pari Samit i Bashkimit Europian me Ballkanin Per\u00ebndimor n\u00eb rajonin ton\u00eb. K\u00ebto ngjarje t\u00eb m\u00ebdha nd\u00ebrkomb\u00ebtare t\u00eb pandodhura kurr\u00eb m\u00eb par\u00eb n\u00eb Shqip\u00ebri, t\u00eb paimagjinueshme deri disa koh\u00eb m\u00eb par\u00eb p\u00ebr t\u2019iu besuar nj\u00eb qeverie t\u00eb Shqip\u00ebris\u00eb, jan\u00eb dometh\u00ebn\u00ebse p\u00ebr shkall\u00ebn e respektit q\u00eb Shqip\u00ebria ka fituar nd\u00ebrkomb\u00ebtarisht. Ne mbetemi nj\u00eb vend i vog\u00ebl, me hallet e problemet tona q\u00eb duan koh\u00ebn, durimin e pun\u00ebn ton\u00eb p\u00ebr t\u2019u zgjidhur, por ne sot kemi fituar respekt duke u dh\u00ebn\u00eb t\u00eb gjith\u00ebve respekt, por edhe duke k\u00ebrkuar respekt nga t\u00eb gjith\u00eb. Lutem \u00e7do dit\u00eb q\u00eb t\u00eb gjith\u00eb ne, shqiptar\u00ebt, n\u00eb radh\u00eb t\u00eb par\u00eb ata q\u00eb komunikojn\u00eb me bot\u00ebn, politikan\u00eb, gazetar\u00eb, artist\u00eb, sportist\u00eb e t\u00eb tjer\u00eb, ta m\u00ebsojm\u00eb nga popuj t\u00eb tjer\u00eb pa humbur akoma koh\u00eb t\u00eb pafundme, se Shqip\u00ebria \u00ebsht\u00eb sht\u00ebpia jon\u00eb, q\u00eb nuk shahet kurr\u00eb n\u00eb gjuh\u00eb t\u00eb huaj, por vet\u00ebm mbrohet e promovohet p\u00ebr nj\u00ebmij\u00eb e nj\u00eb t\u00eb mirat e saj. Nd\u00ebrsa p\u00ebr t\u00eb metat e mang\u00ebsit\u00eb, d\u00ebmtimet e riparimet q\u00eb ka nevoj\u00eb, na del e tepron ta b\u00ebjm\u00eb n\u00eb shqipen ton\u00eb t\u00eb bukur dhe t\u00eb pasur<\/em>\u201d-shkruan Rama.<\/span><\/p>\n<p>&nbsp;<\/p>\n","protected":false,"gt_translate_keys":[{"key":"rendered","format":"html"}]},"excerpt":{"rendered":"<p>Kryeministri Edi Rama njoftoi se Shqip\u00ebria ka marr\u00eb kryesimin e Procesit t\u00eb Berlinit dhe se m\u00eb 6 dhjetor do organizohet n\u00eb Tiran\u00eb Samiti i Bashkimit Evropian me Ballkanin Per\u00ebndimor. Kryetari i qeveris\u00eb gjithashtu shpreh dhe nj\u00eb lutje p\u00ebr shqiptar\u00ebt q\u00eb komunikojn\u00eb me bot\u00ebn t\u00eb mos e shajn\u00eb at\u00eb n\u00eb gjuh\u00eb t\u00eb huaj. \u201cSot Shqip\u00ebris\u00eb iu [&hellip;]<\/p>\n","protected":false,"gt_translate_keys":[{"key":"rendered","format":"html"}]},"author":32,"featured_media":559233,"comment_status":"closed","ping_status":"closed","sticky":false,"template":"","format":"standard","meta":{"footnotes":""},"categories":[65,13],"tags":[],"class_list":["post-559232","post","type-post","status-publish","format-standard","has-post-thumbnail","hentry","category-lajme","category-te-fundit"],"gt_translate_keys":[{"key":"link","format":"url"}],"_links":{"self":[{"href":"https:\/\/www.hashtag.al\/index.php\/wp-json\/wp\/v2\/posts\/559232","targetHints":{"allow":["GET"]}}],"collection":[{"href":"https:\/\/www.hashtag.al\/index.php\/wp-json\/wp\/v2\/posts"}],"about":[{"href":"https:\/\/www.hashtag.al\/index.php\/wp-json\/wp\/v2\/types\/post"}],"author":[{"embeddable":true,"href":"https:\/\/www.hashtag.al\/index.php\/wp-json\/wp\/v2\/users\/32"}],"replies":[{"embeddable":true,"href":"https:\/\/www.hashtag.al\/index.php\/wp-json\/wp\/v2\/comments?post=559232"}],"version-history":[{"count":0,"href":"https:\/\/www.hashtag.al\/index.php\/wp-json\/wp\/v2\/posts\/559232\/revisions"}],"wp:featuredmedia":[{"embeddable":true,"href":"https:\/\/www.hashtag.al\/index.php\/wp-json\/wp\/v2\/media\/559233"}],"wp:attachment":[{"href":"https:\/\/www.hashtag.al\/index.php\/wp-json\/wp\/v2\/media?parent=559232"}],"wp:term":[{"taxonomy":"category","embeddable":true,"href":"https:\/\/www.hashtag.al\/index.php\/wp-json\/wp\/v2\/categories?post=559232"},{"taxonomy":"post_tag","embeddable":true,"href":"https:\/\/www.hashtag.al\/index.php\/wp-json\/wp\/v2\/tags?post=559232"}],"curies":[{"name":"wp","href":"https:\/\/api.w.org\/{rel}","templated":true}]}}