{"id":559115,"date":"2022-11-03T11:35:46","date_gmt":"2022-11-03T10:35:46","guid":{"rendered":"https:\/\/www.hashtag.al\/?p=559115"},"modified":"2022-11-03T11:35:46","modified_gmt":"2022-11-03T10:35:46","slug":"kercenohet-aktorja-qe-publikoi-videon-e-dhunes-ndaj-se-moshuares-ne-azil","status":"publish","type":"post","link":"https:\/\/www.hashtag.al\/index.php\/2022\/11\/03\/kercenohet-aktorja-qe-publikoi-videon-e-dhunes-ndaj-se-moshuares-ne-azil\/","title":{"rendered":"K\u00ebrc\u00ebnohet aktorja q\u00eb publikoi videon e dhun\u00ebs ndaj s\u00eb moshuar\u00ebs n\u00eb azil","gt_translate_keys":[{"key":"rendered","format":"text"}]},"content":{"rendered":"<p><span style=\"color: #000000;\"><img loading=\"lazy\" decoding=\"async\" class=\"aligncenter size-full wp-image-559116\" src=\"https:\/\/www.hashtag.al\/wp-content\/uploads\/2022\/11\/kaltrina.png\" alt=\"\" width=\"696\" height=\"322\" srcset=\"https:\/\/www.hashtag.al\/wp-content\/uploads\/2022\/11\/kaltrina.png 696w, https:\/\/www.hashtag.al\/wp-content\/uploads\/2022\/11\/kaltrina-300x139.png 300w\" sizes=\"auto, (max-width: 696px) 100vw, 696px\" \/><\/span><\/p>\n<p><span style=\"color: #000000;\">Aktorja e aktivistja Kaltrina Zeneli, e cila ishte e para q\u00eb publikoi dje videon e dhun\u00ebs ndaj s\u00eb moshuar\u00ebs n\u00eb nj\u00eb azil n\u00eb Pej\u00eb, ka pohuar se \u00ebsht\u00eb k\u00ebrc\u00ebnuar. Ajo ka th\u00ebn\u00eb se ka marr\u00eb qindra k\u00ebrc\u00ebnime mes t\u00eb cil\u00ebve nj\u00ebri ishte me jet\u00eb.<\/span><\/p>\n<p><span style=\"color: #000000;\"><em>\u201cVe\u00e7 mos t\u00eb pafsha n\u00eb rrug\u00eb se kam me t\u2019mbyt.\u201d<\/em> &#8211; tha Zeneli n\u00eb nj\u00eb deklarat\u00eb p\u00ebr KTV n\u00eb Kosov\u00eb.<\/span><\/p>\n<p><span style=\"color: #000000;\">Ajo tha m\u00eb tej se nuk e ka b\u00ebr\u00eb ajo videon po thjesht e ka shp\u00ebrndar\u00eb duke theksuar se mesazhe k\u00ebrc\u00ebnuese kan\u00eb marr\u00eb edhe profilet e tjera n\u00eb rrjetet sociale q\u00eb kan\u00eb t\u00eb nj\u00ebjtin em\u00ebr.<\/span><\/p>\n<p><span style=\"color: #000000;\"><em>\u201cUn\u00eb punoj n\u00eb Artpolis, nj\u00eb organizat\u00eb feministe dhe reagojm\u00eb p\u00ebr raste t\u00eb ndryshme kur ka dhun\u00eb familjare. Gjat\u00eb koh\u00ebs q\u00eb kam qen\u00eb me koleg\u00ebt pak para provave, m\u00eb ka shkrujt dikush dhe ka k\u00ebrkuar me dit qysh me raportu nj\u00eb dhun\u00eb. I thash\u00eb thirre policin\u00eb, ata t\u00eb drejtojn\u00eb ku duhesh me shku. M\u00eb tha, a mundesh me ma gjet nj\u00eb num\u00ebr q\u00eb merret k\u00ebto raste dhe po m\u00eb tregon q\u00eb \u00ebsht\u00eb ushtru dhun\u00eb ndaj nj\u00eb t\u00eb moshuare. Un\u00eb prap\u00eb i thash\u00eb thirre policin\u00eb. E vazhdova dit\u00ebn. Pas dy-tre or\u00ebsh e pyeta a ka marr\u00eb b\u00ebr\u00eb denoncimin. M\u00eb tha q\u00eb ishte duke pritur p\u00ebr t\u00eb shkuar n\u00eb polici. Por aty ma ka d\u00ebrgu videon. Pasi e kam pa, nuk mujta me prit m\u00eb dhe e kam postuar menj\u00ebher\u00eb. Nuk kam mundur ta shoh videon deri n\u00eb fund. Jam shtangur, nuk kam dit me reagu. E kam qit n\u00ebn\u00ebn time n\u00eb vend t\u00eb saj. Nuk e di, s\u2019po gjej fjal\u00eb t\u00eb p\u00ebrshkruaj.\u201d<\/em> &#8211; tha Zeneli p\u00ebr KTV.<\/span><\/p>\n","protected":false,"gt_translate_keys":[{"key":"rendered","format":"html"}]},"excerpt":{"rendered":"<p>Aktorja e aktivistja Kaltrina Zeneli, e cila ishte e para q\u00eb publikoi dje videon e dhun\u00ebs ndaj s\u00eb moshuar\u00ebs n\u00eb nj\u00eb azil n\u00eb Pej\u00eb, ka pohuar se \u00ebsht\u00eb k\u00ebrc\u00ebnuar. Ajo ka th\u00ebn\u00eb se ka marr\u00eb qindra k\u00ebrc\u00ebnime mes t\u00eb cil\u00ebve nj\u00ebri ishte me jet\u00eb. \u201cVe\u00e7 mos t\u00eb pafsha n\u00eb rrug\u00eb se kam me t\u2019mbyt.\u201d &#8211; [&hellip;]<\/p>\n","protected":false,"gt_translate_keys":[{"key":"rendered","format":"html"}]},"author":51,"featured_media":559116,"comment_status":"closed","ping_status":"closed","sticky":false,"template":"","format":"standard","meta":{"footnotes":""},"categories":[65,13],"tags":[],"class_list":["post-559115","post","type-post","status-publish","format-standard","has-post-thumbnail","hentry","category-lajme","category-te-fundit"],"gt_translate_keys":[{"key":"link","format":"url"}],"_links":{"self":[{"href":"https:\/\/www.hashtag.al\/index.php\/wp-json\/wp\/v2\/posts\/559115","targetHints":{"allow":["GET"]}}],"collection":[{"href":"https:\/\/www.hashtag.al\/index.php\/wp-json\/wp\/v2\/posts"}],"about":[{"href":"https:\/\/www.hashtag.al\/index.php\/wp-json\/wp\/v2\/types\/post"}],"author":[{"embeddable":true,"href":"https:\/\/www.hashtag.al\/index.php\/wp-json\/wp\/v2\/users\/51"}],"replies":[{"embeddable":true,"href":"https:\/\/www.hashtag.al\/index.php\/wp-json\/wp\/v2\/comments?post=559115"}],"version-history":[{"count":0,"href":"https:\/\/www.hashtag.al\/index.php\/wp-json\/wp\/v2\/posts\/559115\/revisions"}],"wp:featuredmedia":[{"embeddable":true,"href":"https:\/\/www.hashtag.al\/index.php\/wp-json\/wp\/v2\/media\/559116"}],"wp:attachment":[{"href":"https:\/\/www.hashtag.al\/index.php\/wp-json\/wp\/v2\/media?parent=559115"}],"wp:term":[{"taxonomy":"category","embeddable":true,"href":"https:\/\/www.hashtag.al\/index.php\/wp-json\/wp\/v2\/categories?post=559115"},{"taxonomy":"post_tag","embeddable":true,"href":"https:\/\/www.hashtag.al\/index.php\/wp-json\/wp\/v2\/tags?post=559115"}],"curies":[{"name":"wp","href":"https:\/\/api.w.org\/{rel}","templated":true}]}}