{"id":559112,"date":"2022-11-03T11:13:12","date_gmt":"2022-11-03T10:13:12","guid":{"rendered":"https:\/\/www.hashtag.al\/?p=559112"},"modified":"2022-11-03T11:13:12","modified_gmt":"2022-11-03T10:13:12","slug":"shtepia-e-pelosit-pa-personel-sigurie-kur-ndodhi-sulmi-prokurori","status":"publish","type":"post","link":"https:\/\/www.hashtag.al\/index.php\/2022\/11\/03\/shtepia-e-pelosit-pa-personel-sigurie-kur-ndodhi-sulmi-prokurori\/","title":{"rendered":"\u201cSht\u00ebpia e Pelosit pa personel sigurie kur ndodhi sulmi\u201d &#8211; Prokurori","gt_translate_keys":[{"key":"rendered","format":"text"}]},"content":{"rendered":"<p><img loading=\"lazy\" decoding=\"async\" class=\"aligncenter wp-image-559113 size-full\" src=\"https:\/\/www.hashtag.al\/wp-content\/uploads\/2022\/11\/pelosit.jpeg\" alt=\"\" width=\"1200\" height=\"807\" srcset=\"https:\/\/www.hashtag.al\/wp-content\/uploads\/2022\/11\/pelosit.jpeg 1200w, https:\/\/www.hashtag.al\/wp-content\/uploads\/2022\/11\/pelosit-300x202.jpeg 300w, https:\/\/www.hashtag.al\/wp-content\/uploads\/2022\/11\/pelosit-1024x689.jpeg 1024w, https:\/\/www.hashtag.al\/wp-content\/uploads\/2022\/11\/pelosit-768x516.jpeg 768w\" sizes=\"auto, (max-width: 1200px) 100vw, 1200px\" \/><\/p>\n<p><span style=\"color: #000000;\">Asnj\u00eb personel sigurie nuk ishte i pranish\u00ebm n\u00eb rezidenc\u00ebn Pelosi kur nj\u00eb burr\u00eb dyshohet se hyri n\u00eb 28 tetor dhe sulmoi Paul Pelosi, bashk\u00ebshortin e kryetares s\u00eb Kongresit, demokrates Nancy Pelosi me nj\u00eb \u00e7eki\u00e7, tha prokurori i San Franciskos m\u00eb 31 tetor.<\/span><\/p>\n<p><span style=\"color: #000000;\"><em>&#8220;Nuk kishte asnj\u00eb siguri.&#8221;<\/em> &#8211; u tha gazetar\u00ebve prokurorja e p\u00ebrkohshme e rrethit, Brooke Jenkins gjat\u00eb nj\u00eb konference p\u00ebr shtyp, teksa njoftoi akuzat ndaj autorit t\u00eb dyshuar David DePape p\u00ebr krime q\u00eb p\u00ebrfshijn\u00eb tentativ\u00eb vrasjeje.<\/span><\/p>\n<p><span style=\"color: #000000;\">DePape, 42 vje\u00e7, ishte n\u00eb gjendje t\u00eb thyente dritaren e der\u00ebs s\u00eb xhamit n\u00eb pjes\u00ebn e pasme t\u00eb rezidenc\u00ebs Pelosi n\u00eb San Francisko dhe t\u00eb futej me forc\u00eb brenda, tha Jenkins. Ai m\u00eb pas u ngjit lart n\u00eb dhom\u00ebn e gjumit, ku po flinte Paul Pelosi, sipas autoriteteve.<\/span><\/p>\n<p><span style=\"color: #000000;\">Pelosi, 82 vje\u00e7, u zgjua nga DePape, i cili pyeti se ku ishte Nancy Pelosi. Kur iu tha se ajo nuk ishte aty, ai tha se do e priste. Paul Pelosi k\u00ebrkoi t\u00eb p\u00ebrdorte banj\u00ebn, sipas Jenkins dhe nd\u00ebrsa ishte brenda thirri 911. Oficer\u00ebt e policis\u00eb mb\u00ebrrit\u00ebn brenda dy minutash nga telefonata, tha Jenkins.<\/span><\/p>\n<p><span style=\"color: #000000;\">Oficer\u00ebt trokit\u00ebn n\u00eb der\u00eb, megjithat\u00eb, personi q\u00eb ia hapi at\u00eb policis\u00eb mbetet i paqart\u00eb. Nj\u00eb deklarat\u00eb e FBI-s\u00eb thoshte se ishte Pelosi, por Jenkins tha se autoritetet nuk e din\u00eb se cili prej burrave hapi der\u00ebn.<\/span><\/p>\n<p><span style=\"color: #000000;\">DePape m\u00eb von\u00eb u tha oficer\u00ebve se ai synonte t\u00eb rr\u00ebmbente kryetaren e Kongresit dhe ta merrte n\u00eb pyetje, sipas deklarat\u00ebs n\u00ebn betim. N\u00ebse ajo nuk do thoshte t\u00eb v\u00ebrtet\u00ebn, ai tha se do t&#8217;i thyente kapak\u00ebt e gjurit.<\/span><\/p>\n<p><span style=\"color: #000000;\">Oficer\u00ebt e policis\u00eb s\u00eb San Franciskos aktualisht po ruajn\u00eb rezidenc\u00ebn Pelosi, tha Scott. Nj\u00eb z\u00ebdh\u00ebn\u00ebs i familjes Pelosit nuk iu p\u00ebrgjigj k\u00ebrkesave p\u00ebr koment n\u00eb lidhje me munges\u00ebn e siguris\u00eb n\u00eb rezidenc\u00eb. Nancy Pelosi dhe burri i saj, Paul Pelosi, kan\u00eb nj\u00eb pasuri t\u00eb kombinuar prej rreth 344 milion\u00eb dollar\u00ebsh.<\/span><\/p>\n","protected":false,"gt_translate_keys":[{"key":"rendered","format":"html"}]},"excerpt":{"rendered":"<p>Asnj\u00eb personel sigurie nuk ishte i pranish\u00ebm n\u00eb rezidenc\u00ebn Pelosi kur nj\u00eb burr\u00eb dyshohet se hyri n\u00eb 28 tetor dhe sulmoi Paul Pelosi, bashk\u00ebshortin e kryetares s\u00eb Kongresit, demokrates Nancy Pelosi me nj\u00eb \u00e7eki\u00e7, tha prokurori i San Franciskos m\u00eb 31 tetor. &#8220;Nuk kishte asnj\u00eb siguri.&#8221; &#8211; u tha gazetar\u00ebve prokurorja e p\u00ebrkohshme e rrethit, [&hellip;]<\/p>\n","protected":false,"gt_translate_keys":[{"key":"rendered","format":"html"}]},"author":51,"featured_media":559113,"comment_status":"closed","ping_status":"closed","sticky":false,"template":"","format":"standard","meta":{"footnotes":""},"categories":[53],"tags":[],"class_list":["post-559112","post","type-post","status-publish","format-standard","has-post-thumbnail","hentry","category-fast-foodi"],"gt_translate_keys":[{"key":"link","format":"url"}],"_links":{"self":[{"href":"https:\/\/www.hashtag.al\/index.php\/wp-json\/wp\/v2\/posts\/559112","targetHints":{"allow":["GET"]}}],"collection":[{"href":"https:\/\/www.hashtag.al\/index.php\/wp-json\/wp\/v2\/posts"}],"about":[{"href":"https:\/\/www.hashtag.al\/index.php\/wp-json\/wp\/v2\/types\/post"}],"author":[{"embeddable":true,"href":"https:\/\/www.hashtag.al\/index.php\/wp-json\/wp\/v2\/users\/51"}],"replies":[{"embeddable":true,"href":"https:\/\/www.hashtag.al\/index.php\/wp-json\/wp\/v2\/comments?post=559112"}],"version-history":[{"count":0,"href":"https:\/\/www.hashtag.al\/index.php\/wp-json\/wp\/v2\/posts\/559112\/revisions"}],"wp:featuredmedia":[{"embeddable":true,"href":"https:\/\/www.hashtag.al\/index.php\/wp-json\/wp\/v2\/media\/559113"}],"wp:attachment":[{"href":"https:\/\/www.hashtag.al\/index.php\/wp-json\/wp\/v2\/media?parent=559112"}],"wp:term":[{"taxonomy":"category","embeddable":true,"href":"https:\/\/www.hashtag.al\/index.php\/wp-json\/wp\/v2\/categories?post=559112"},{"taxonomy":"post_tag","embeddable":true,"href":"https:\/\/www.hashtag.al\/index.php\/wp-json\/wp\/v2\/tags?post=559112"}],"curies":[{"name":"wp","href":"https:\/\/api.w.org\/{rel}","templated":true}]}}