{"id":558952,"date":"2022-11-02T15:41:22","date_gmt":"2022-11-02T14:41:22","guid":{"rendered":"https:\/\/www.hashtag.al\/?p=558952"},"modified":"2022-11-02T16:35:15","modified_gmt":"2022-11-02T15:35:15","slug":"video-shokuese-ne-kosove-sanitaret-rrahin-dhe-tallin-te-moshuaren-ne-azil","status":"publish","type":"post","link":"https:\/\/www.hashtag.al\/index.php\/2022\/11\/02\/video-shokuese-ne-kosove-sanitaret-rrahin-dhe-tallin-te-moshuaren-ne-azil\/","title":{"rendered":"VIDEO SHOKUESE N\u00cb KOSOV\u00cb &#8211; Sanitaret rrahin dhe tallin t\u00eb moshuar\u00ebn n\u00eb azil","gt_translate_keys":[{"key":"rendered","format":"text"}]},"content":{"rendered":"<p><span style=\"color: #000000;\"><a href=\"https:\/\/www.hashtag.al\/wp-content\/uploads\/2022\/11\/WhatsApp-Image-2022-11-02-at-3.41.04-PM.jpeg\"><img loading=\"lazy\" decoding=\"async\" class=\"aligncenter size-full wp-image-558957\" src=\"https:\/\/www.hashtag.al\/wp-content\/uploads\/2022\/11\/WhatsApp-Image-2022-11-02-at-3.41.04-PM.jpeg\" alt=\"\" width=\"1600\" height=\"810\" srcset=\"https:\/\/www.hashtag.al\/wp-content\/uploads\/2022\/11\/WhatsApp-Image-2022-11-02-at-3.41.04-PM.jpeg 1600w, https:\/\/www.hashtag.al\/wp-content\/uploads\/2022\/11\/WhatsApp-Image-2022-11-02-at-3.41.04-PM-300x152.jpeg 300w, https:\/\/www.hashtag.al\/wp-content\/uploads\/2022\/11\/WhatsApp-Image-2022-11-02-at-3.41.04-PM-1024x518.jpeg 1024w, https:\/\/www.hashtag.al\/wp-content\/uploads\/2022\/11\/WhatsApp-Image-2022-11-02-at-3.41.04-PM-768x389.jpeg 768w, https:\/\/www.hashtag.al\/wp-content\/uploads\/2022\/11\/WhatsApp-Image-2022-11-02-at-3.41.04-PM-1536x778.jpeg 1536w\" sizes=\"auto, (max-width: 1600px) 100vw, 1600px\" \/><\/a><\/span><\/p>\n<p><span style=\"color: #000000;\">Aktorja Kaltrina Zeneli ka publikuar sot nj\u00eb video tejet shqet\u00ebsuese n\u00eb &#8220;Facebook&#8221;, ku nj\u00eb infermiere shihet duke rrahur nj\u00eb grua t\u00eb moshuar n\u00eb Sht\u00ebpin\u00eb e t\u00eb Moshuarve n\u00eb Pej\u00eb.<\/span><\/p>\n<p><span style=\"color: #000000;\">N\u00eb momentin q\u00eb infermierja dhunon pacienten, koleget e saj e filmojn\u00eb.<\/span><\/p>\n<p><span style=\"color: #000000;\"><em>\u201cPak jam tu ja hi qysh di me sill un\u00eb, pak jam tu ja hi.\u201d-<\/em> d\u00ebgjohet duke th\u00ebn\u00eb infermierja, teksa koleget e saj qeshin.<\/span><\/p>\n<div style=\"width: 240px;\" class=\"wp-video\"><video class=\"wp-video-shortcode\" id=\"video-558952-1\" width=\"240\" height=\"426\" preload=\"metadata\" controls=\"controls\"><source type=\"video\/mp4\" src=\"https:\/\/www.hashtag.al\/wp-content\/uploads\/2022\/11\/314042315_138134918985062_4602491389834277282_n.mp4?_=1\" \/><a href=\"https:\/\/www.hashtag.al\/wp-content\/uploads\/2022\/11\/314042315_138134918985062_4602491389834277282_n.mp4\">https:\/\/www.hashtag.al\/wp-content\/uploads\/2022\/11\/314042315_138134918985062_4602491389834277282_n.mp4<\/a><\/video><\/div>\n<p>&nbsp;<\/p>\n<p><span style=\"color: #000000;\">Krahas videos, aktorja u ka b\u00ebr\u00eb thirrje instancave t\u00eb shtetit q\u00eb t\u00eb reagojn\u00eb.<\/span><\/p>\n<p><span style=\"color: #000000;\"><em>\u201cDo me thane spo di as se ka me ja nis e as cka me shkrujte ma perpara.\u00a0<\/em><em>Qe cka ndodhe ne vendin tone edhe kto raste si duket jane krejtesisht normale per personat qe vec punojne aty edhe marrin rroge me u KUJDESE per keta persona e QE kujdesi qe po u bojka prej anes se tyre. <\/em><em>Si duket kjo qe ka nje dite normale edhe nje gja normale qe po ndodhka edhe qe njeri i gjalle spo u merrka me kete pune. <\/em><em>MONSTRUMA.\u201d<\/em>&#8211; shkruan aktorja teksa etiketon disa institucione dhe disa media n\u00eb Kosov\u00eb.<\/span><\/p>\n<p><span style=\"color: #000000;\">Pas k\u00ebtij denoncimi nga aktorja, l<\/span><span style=\"color: #000000;\">idhur me ngjarjen, Policia ka arrestuar dy vajza. Sipas <span style=\"color: #0000ff;\"><a style=\"color: #0000ff;\" href=\"https:\/\/klankosova.tv\/arrestohet-edhe-kryeinfermierja-e-shtepise-se-pleqve-ne-peje\/\">Klan Kosov\u00ebs<\/a><\/span>, nj\u00ebra prej tyre \u00ebsht\u00eb kryeinfermierja n\u00eb Sht\u00ebpin\u00eb e t\u00eb moshuarvve.<\/span><\/p>\n<p><span style=\"color: #000000;\"><strong>Njoftimi i plot\u00eb i Prokuroris\u00eb:<\/strong><\/span><\/p>\n<p><span style=\"color: #000000;\">Prokuroria Themelore n\u00eb Pej\u00eb, njofton opinionin publik se pas publikimit t\u00eb video incizimit n\u00eb rrjetet sociale t\u00eb sulmit n\u00eb sht\u00ebpin\u00eb e t\u00eb moshuarave n\u00eb Pej\u00eb, Kryeprokurori i Prokuroris\u00eb Themelore n\u00eb Pej\u00eb, ka angazhuar dy prokuror\u00eb t\u00eb shtetit dhe ka autorizuar Policin\u00eb e Kosov\u00ebs q\u00eb t\u00eb nd\u00ebrmerren masat e nevojshme ligjore ndaj personave q\u00eb kan\u00eb kryer k\u00ebt\u00eb vep\u00ebr penale.<\/span><\/p>\n<p><span style=\"color: #000000;\">Dy prokuror\u00ebt e shteti dhe Policia e Kosov\u00ebs n\u00eb vendin ku dyshohet s\u00eb \u00ebsht\u00eb kryer vepra penale, kan\u00eb identifikuar dhe arrestuar dy persona t\u00eb dyshuar dhe t\u00eb nj\u00ebjtit me urdh\u00ebr t\u00eb Prokurorit t\u00eb Shtetit jan\u00eb ndaluar p\u00ebr 48 or\u00eb, n\u00ebn dyshimin se n\u00eb bashk\u00ebkryerje kan\u00eb kryer vepr\u00ebn penale \u201cSulmi\u201d dhe vepr\u00ebn penale \u201cndihma n\u00eb kryerjen e vepr\u00ebs penale Sulmi\u201d.<\/span><\/p>\n<p><span style=\"color: #000000;\">Prokurori i Shtetit brenda afatit ligjor do t\u00eb shqyrtoj mund\u00ebsin e paraqitjes se k\u00ebrkes\u00eb p\u00ebr caktimin e mas\u00ebs se paraburgimit n\u00eb gjykat\u00ebn kompetente dhe gjithashtu lidhur me ket\u00eb \u00e7\u00ebshtje penale do nd\u00ebrmerren t\u00eb gjitha veprimet e nevojshme hetimore.<\/span><\/p>\n<p><span style=\"color: #000000;\">Prokuroria Themelore n\u00eb Pej\u00eb, p\u00ebr veprimet e nd\u00ebrmarra rreth k\u00ebsaj \u00e7\u00ebshtje penale do t\u00eb njoftoj\u00eb me koh\u00eb opinionin publik. \u200b<\/span><\/p>\n","protected":false,"gt_translate_keys":[{"key":"rendered","format":"html"}]},"excerpt":{"rendered":"<p>Aktorja Kaltrina Zeneli ka publikuar sot nj\u00eb video tejet shqet\u00ebsuese n\u00eb &#8220;Facebook&#8221;, ku nj\u00eb infermiere shihet duke rrahur nj\u00eb grua t\u00eb moshuar n\u00eb Sht\u00ebpin\u00eb e t\u00eb Moshuarve n\u00eb Pej\u00eb. N\u00eb momentin q\u00eb infermierja dhunon pacienten, koleget e saj e filmojn\u00eb. \u201cPak jam tu ja hi qysh di me sill un\u00eb, pak jam tu ja hi.\u201d- [&hellip;]<\/p>\n","protected":false,"gt_translate_keys":[{"key":"rendered","format":"html"}]},"author":30,"featured_media":558957,"comment_status":"closed","ping_status":"closed","sticky":false,"template":"","format":"standard","meta":{"footnotes":""},"categories":[22,149,13],"tags":[],"class_list":["post-558952","post","type-post","status-publish","format-standard","has-post-thumbnail","hentry","category-ballina","category-kosoverajon","category-te-fundit"],"gt_translate_keys":[{"key":"link","format":"url"}],"_links":{"self":[{"href":"https:\/\/www.hashtag.al\/index.php\/wp-json\/wp\/v2\/posts\/558952","targetHints":{"allow":["GET"]}}],"collection":[{"href":"https:\/\/www.hashtag.al\/index.php\/wp-json\/wp\/v2\/posts"}],"about":[{"href":"https:\/\/www.hashtag.al\/index.php\/wp-json\/wp\/v2\/types\/post"}],"author":[{"embeddable":true,"href":"https:\/\/www.hashtag.al\/index.php\/wp-json\/wp\/v2\/users\/30"}],"replies":[{"embeddable":true,"href":"https:\/\/www.hashtag.al\/index.php\/wp-json\/wp\/v2\/comments?post=558952"}],"version-history":[{"count":0,"href":"https:\/\/www.hashtag.al\/index.php\/wp-json\/wp\/v2\/posts\/558952\/revisions"}],"wp:featuredmedia":[{"embeddable":true,"href":"https:\/\/www.hashtag.al\/index.php\/wp-json\/wp\/v2\/media\/558957"}],"wp:attachment":[{"href":"https:\/\/www.hashtag.al\/index.php\/wp-json\/wp\/v2\/media?parent=558952"}],"wp:term":[{"taxonomy":"category","embeddable":true,"href":"https:\/\/www.hashtag.al\/index.php\/wp-json\/wp\/v2\/categories?post=558952"},{"taxonomy":"post_tag","embeddable":true,"href":"https:\/\/www.hashtag.al\/index.php\/wp-json\/wp\/v2\/tags?post=558952"}],"curies":[{"name":"wp","href":"https:\/\/api.w.org\/{rel}","templated":true}]}}