{"id":558765,"date":"2022-11-01T19:51:56","date_gmt":"2022-11-01T18:51:56","guid":{"rendered":"https:\/\/www.hashtag.al\/?p=558765"},"modified":"2022-11-01T19:53:03","modified_gmt":"2022-11-01T18:53:03","slug":"berisha-do-jete-kohe-protestash-nuk-do-kete-votim-me-ramen-ne-parlament","status":"publish","type":"post","link":"https:\/\/www.hashtag.al\/index.php\/2022\/11\/01\/berisha-do-jete-kohe-protestash-nuk-do-kete-votim-me-ramen-ne-parlament\/","title":{"rendered":"Berisha: Do jet\u00eb koh\u00eb protestash, nuk do ket\u00eb votim me Ram\u00ebn n\u00eb parlament","gt_translate_keys":[{"key":"rendered","format":"text"}]},"content":{"rendered":"<p><span style=\"color: #000000;\"><a href=\"https:\/\/www.hashtag.al\/wp-content\/uploads\/2022\/11\/berisha.png\"><img loading=\"lazy\" decoding=\"async\" class=\"aligncenter size-full wp-image-558766\" src=\"https:\/\/www.hashtag.al\/wp-content\/uploads\/2022\/11\/berisha.png\" alt=\"\" width=\"745\" height=\"422\" srcset=\"https:\/\/www.hashtag.al\/wp-content\/uploads\/2022\/11\/berisha.png 745w, https:\/\/www.hashtag.al\/wp-content\/uploads\/2022\/11\/berisha-300x170.png 300w\" sizes=\"auto, (max-width: 745px) 100vw, 745px\" \/><\/a><\/span><\/p>\n<p><span style=\"color: #000000;\">Kryetari i Partis\u00eb Demokratike, Sali Berisha, nga mbledhja me drejtuesit e deg\u00ebve t\u00eb Tiran\u00ebs, paralajm\u00ebroi nj\u00eb periudh\u00eb protestash e cila do filloj\u00eb me at\u00eb t\u00eb 12 n\u00ebntorit.<\/span><\/p>\n<p><span style=\"color: #000000;\">Berisha theksoi se Rama ka shkelur \u00e7do ligj e norm\u00eb morale.<\/span><\/p>\n<p><span style=\"color: #000000;\">\u201c<em>Ky njeri ka tejkaluar ligj e kushtetut\u00eb, norma morale dhe \u00e7do gj\u00eb. Ky ka b\u00ebr\u00eb shqiptar\u00ebt t\u00eb huaj n\u00eb vendin e tyre. Vet\u00eb udh\u00ebton me charter, por shkolla n\u00eb Kolonj\u00eb nuk ka banka. Jemi n\u00eb betej\u00eb, secili demokrat e simpatizant duhet ta konsideroj\u00eb se jemi n\u00eb betej\u00eb, kemi caktuar dat\u00ebn 12 si dit\u00ebn e protest\u00ebs m\u00eb t\u00eb fuqishme q\u00eb ka njohur vendi. Kjo do jet\u00eb koh\u00eb protestash, mos t\u00eb kemi asnj\u00eb iluzion. Nuk ka votim me Edi Ram\u00ebn. Ky na sfidoi haptas n\u00eb Peshkopi, do ta b\u00ebjm\u00eb t\u00ebrmet, cunam. Nuk e imagjinoni se \u00e7far\u00eb klubi i neveritsh\u00ebm \u00ebsht\u00eb parlamenti shqiptar, nuk ka asnj\u00eb ligj e rregull, aty \u00ebsht\u00eb turp t\u00eb futesh, nuk respektojn\u00eb asgj\u00eb. Sillen si rruge\u00e7\u00ebr, qoft\u00eb me rregulloren apo me fjalorin, me t\u00eb gjitha, shkojm\u00eb p\u00ebr qytetar\u00ebt<\/em>\u201d,-deklaroi Berisha.<\/span><\/p>\n","protected":false,"gt_translate_keys":[{"key":"rendered","format":"html"}]},"excerpt":{"rendered":"<p>Kryetari i Partis\u00eb Demokratike, Sali Berisha, nga mbledhja me drejtuesit e deg\u00ebve t\u00eb Tiran\u00ebs, paralajm\u00ebroi nj\u00eb periudh\u00eb protestash e cila do filloj\u00eb me at\u00eb t\u00eb 12 n\u00ebntorit. Berisha theksoi se Rama ka shkelur \u00e7do ligj e norm\u00eb morale. \u201cKy njeri ka tejkaluar ligj e kushtetut\u00eb, norma morale dhe \u00e7do gj\u00eb. Ky ka b\u00ebr\u00eb shqiptar\u00ebt t\u00eb [&hellip;]<\/p>\n","protected":false,"gt_translate_keys":[{"key":"rendered","format":"html"}]},"author":32,"featured_media":558766,"comment_status":"closed","ping_status":"closed","sticky":false,"template":"","format":"standard","meta":{"footnotes":""},"categories":[65,13],"tags":[],"class_list":["post-558765","post","type-post","status-publish","format-standard","has-post-thumbnail","hentry","category-lajme","category-te-fundit"],"gt_translate_keys":[{"key":"link","format":"url"}],"_links":{"self":[{"href":"https:\/\/www.hashtag.al\/index.php\/wp-json\/wp\/v2\/posts\/558765","targetHints":{"allow":["GET"]}}],"collection":[{"href":"https:\/\/www.hashtag.al\/index.php\/wp-json\/wp\/v2\/posts"}],"about":[{"href":"https:\/\/www.hashtag.al\/index.php\/wp-json\/wp\/v2\/types\/post"}],"author":[{"embeddable":true,"href":"https:\/\/www.hashtag.al\/index.php\/wp-json\/wp\/v2\/users\/32"}],"replies":[{"embeddable":true,"href":"https:\/\/www.hashtag.al\/index.php\/wp-json\/wp\/v2\/comments?post=558765"}],"version-history":[{"count":0,"href":"https:\/\/www.hashtag.al\/index.php\/wp-json\/wp\/v2\/posts\/558765\/revisions"}],"wp:featuredmedia":[{"embeddable":true,"href":"https:\/\/www.hashtag.al\/index.php\/wp-json\/wp\/v2\/media\/558766"}],"wp:attachment":[{"href":"https:\/\/www.hashtag.al\/index.php\/wp-json\/wp\/v2\/media?parent=558765"}],"wp:term":[{"taxonomy":"category","embeddable":true,"href":"https:\/\/www.hashtag.al\/index.php\/wp-json\/wp\/v2\/categories?post=558765"},{"taxonomy":"post_tag","embeddable":true,"href":"https:\/\/www.hashtag.al\/index.php\/wp-json\/wp\/v2\/tags?post=558765"}],"curies":[{"name":"wp","href":"https:\/\/api.w.org\/{rel}","templated":true}]}}