{"id":558699,"date":"2022-11-01T15:25:14","date_gmt":"2022-11-01T14:25:14","guid":{"rendered":"https:\/\/www.hashtag.al\/?p=558699"},"modified":"2022-11-01T15:25:14","modified_gmt":"2022-11-01T14:25:14","slug":"lavrov-askush-nuk-mund-te-ndaloje-ekonomine-e-rusise-apo-te-minoje-stabilitetin-politik","status":"publish","type":"post","link":"https:\/\/www.hashtag.al\/index.php\/2022\/11\/01\/lavrov-askush-nuk-mund-te-ndaloje-ekonomine-e-rusise-apo-te-minoje-stabilitetin-politik\/","title":{"rendered":"Lavrov: Askush nuk mund t\u00eb ndaloj\u00eb ekonomin\u00eb e Rusis\u00eb apo t\u00eb minoj\u00eb stabilitetin politik","gt_translate_keys":[{"key":"rendered","format":"text"}]},"content":{"rendered":"<p><span style=\"color: #000000;\"><a href=\"https:\/\/www.hashtag.al\/wp-content\/uploads\/2022\/11\/Lavrov.jpg\"><img loading=\"lazy\" decoding=\"async\" class=\"aligncenter size-full wp-image-558700\" src=\"https:\/\/www.hashtag.al\/wp-content\/uploads\/2022\/11\/Lavrov.jpg\" alt=\"\" width=\"785\" height=\"487\" srcset=\"https:\/\/www.hashtag.al\/wp-content\/uploads\/2022\/11\/Lavrov.jpg 785w, https:\/\/www.hashtag.al\/wp-content\/uploads\/2022\/11\/Lavrov-300x186.jpg 300w, https:\/\/www.hashtag.al\/wp-content\/uploads\/2022\/11\/Lavrov-768x476.jpg 768w\" sizes=\"auto, (max-width: 785px) 100vw, 785px\" \/><\/a><\/span><\/p>\n<p><span style=\"color: #000000;\">Ministri i jasht\u00ebm Sergej Lavrov thot\u00eb se askush nuk do t\u00eb jet\u00eb n\u00eb gjendje t\u00eb ndaloj\u00eb ekonomin\u00eb ruse ose t\u00eb minoj\u00eb stabilitetin politik n\u00eb vend.<\/span><\/p>\n<p><span style=\"color: #000000;\"><em>\u201c\u00cbsht\u00eb e sigurt t\u00eb thuhet se askush nuk do t\u00eb jet\u00eb n\u00eb gjendje t\u00eb ndaloj\u00eb ekonomin\u00eb ruse ose t\u00eb minoj\u00eb stabilitetin e brendsh\u00ebm politik.\u201d<\/em>&#8211; theksoi Lavrov sipas <span style=\"color: #0000ff;\"><a style=\"color: #0000ff;\" href=\"https:\/\/tass.com\/politics\/1530715\">TASS<\/a><\/span>.<\/span><\/p>\n<p><span style=\"color: #000000;\">K\u00ebt\u00eb deklarat\u00eb ai e b\u00ebri n\u00eb nj\u00eb mesazh p\u00ebr pjes\u00ebmarr\u00ebsit n\u00eb nj\u00eb konferenc\u00eb tematike bot\u00ebrore t\u00eb bashkatdhetar\u00ebve rus\u00eb q\u00eb banojn\u00eb jasht\u00eb shtetit, t\u00eb quajtur &#8220;<em>Bashk\u00ebpunimi ekonomik: Bashkatdhetar\u00ebt dhe rajonet ruse. Duke iu p\u00ebrgjigjur Sfidave t\u00eb Koh\u00ebs\u201d.<\/em><\/span><\/p>\n<p><span style=\"color: #000000;\">Sipas ministrit Lavrov, duke marr\u00eb parasysh veprimet \u201cdestruktive\u201d t\u00eb Per\u00ebndimit, Rusia vazhdon t\u00eb ndjek\u00eb n\u00eb m\u00ebnyr\u00eb t\u00eb q\u00ebndrueshme kursin e vet, pavar\u00ebsisht nga \u00e7do v\u00ebshtir\u00ebsi.<\/span><\/p>\n<p><span style=\"color: #000000;\"><em>&#8220;Ne u p\u00ebrball\u00ebm me sanksione m\u00eb par\u00eb. P\u00ebrvoja e dekadave t\u00eb fundit na ndihmon t\u00eb kemi sukses n\u00eb tejkalimin e sfid\u00ebs.&#8221;-<\/em>vuri n\u00eb dukje kryediplomati.<\/span><\/p>\n<p><span style=\"color: #000000;\">Lavrov theksoi se Rusia nuk po p\u00ebrballet me izolim n\u00eb sken\u00ebn nd\u00ebrkomb\u00ebtare.<em> &#8220;Ne kemi shum\u00eb miq n\u00eb t\u00eb gjith\u00eb bot\u00ebn. Ne i forcojm\u00eb vazhdimisht marr\u00ebdh\u00ebniet me nj\u00eb gam\u00eb t\u00eb gjer\u00eb vendesh brenda CIS, n\u00eb Azi, Lindjen e Mesme, Afrik\u00eb dhe Amerik\u00ebn Latine.&#8221;-<\/em> specifikoi ai.<\/span><\/p>\n<p><span style=\"color: #000000;\">Ministri i Jasht\u00ebm rus tha gjithashtu se Moska nuk k\u00ebrkon t\u00eb murosej nga partner\u00ebt e saj t\u00eb biznesit n\u00eb Evrop\u00eb dhe Amerik\u00ebn e Veriut. <em>\u201cNuk ka qen\u00eb kurr\u00eb zgjedhja jon\u00eb p\u00ebr t\u00eb nd\u00ebrprer\u00eb lidhjet reciproke t\u00eb dobishme.\u201d<\/em>&#8211; p\u00ebrfundoi ai.<\/span><\/p>\n","protected":false,"gt_translate_keys":[{"key":"rendered","format":"html"}]},"excerpt":{"rendered":"<p>Ministri i jasht\u00ebm Sergej Lavrov thot\u00eb se askush nuk do t\u00eb jet\u00eb n\u00eb gjendje t\u00eb ndaloj\u00eb ekonomin\u00eb ruse ose t\u00eb minoj\u00eb stabilitetin politik n\u00eb vend. \u201c\u00cbsht\u00eb e sigurt t\u00eb thuhet se askush nuk do t\u00eb jet\u00eb n\u00eb gjendje t\u00eb ndaloj\u00eb ekonomin\u00eb ruse ose t\u00eb minoj\u00eb stabilitetin e brendsh\u00ebm politik.\u201d&#8211; theksoi Lavrov sipas TASS. K\u00ebt\u00eb deklarat\u00eb [&hellip;]<\/p>\n","protected":false,"gt_translate_keys":[{"key":"rendered","format":"html"}]},"author":30,"featured_media":558700,"comment_status":"closed","ping_status":"closed","sticky":false,"template":"","format":"standard","meta":{"footnotes":""},"categories":[6,13],"tags":[],"class_list":["post-558699","post","type-post","status-publish","format-standard","has-post-thumbnail","hentry","category-nderkombetare","category-te-fundit"],"gt_translate_keys":[{"key":"link","format":"url"}],"_links":{"self":[{"href":"https:\/\/www.hashtag.al\/index.php\/wp-json\/wp\/v2\/posts\/558699","targetHints":{"allow":["GET"]}}],"collection":[{"href":"https:\/\/www.hashtag.al\/index.php\/wp-json\/wp\/v2\/posts"}],"about":[{"href":"https:\/\/www.hashtag.al\/index.php\/wp-json\/wp\/v2\/types\/post"}],"author":[{"embeddable":true,"href":"https:\/\/www.hashtag.al\/index.php\/wp-json\/wp\/v2\/users\/30"}],"replies":[{"embeddable":true,"href":"https:\/\/www.hashtag.al\/index.php\/wp-json\/wp\/v2\/comments?post=558699"}],"version-history":[{"count":0,"href":"https:\/\/www.hashtag.al\/index.php\/wp-json\/wp\/v2\/posts\/558699\/revisions"}],"wp:featuredmedia":[{"embeddable":true,"href":"https:\/\/www.hashtag.al\/index.php\/wp-json\/wp\/v2\/media\/558700"}],"wp:attachment":[{"href":"https:\/\/www.hashtag.al\/index.php\/wp-json\/wp\/v2\/media?parent=558699"}],"wp:term":[{"taxonomy":"category","embeddable":true,"href":"https:\/\/www.hashtag.al\/index.php\/wp-json\/wp\/v2\/categories?post=558699"},{"taxonomy":"post_tag","embeddable":true,"href":"https:\/\/www.hashtag.al\/index.php\/wp-json\/wp\/v2\/tags?post=558699"}],"curies":[{"name":"wp","href":"https:\/\/api.w.org\/{rel}","templated":true}]}}