{"id":558506,"date":"2022-10-31T18:56:16","date_gmt":"2022-10-31T17:56:16","guid":{"rendered":"https:\/\/www.hashtag.al\/?p=558506"},"modified":"2022-10-31T19:07:52","modified_gmt":"2022-10-31T18:07:52","slug":"ankohet-arben-kraja-qeveria-ne-menyre-te-dhunshme-na-ka-nderprere-buxhetin","status":"publish","type":"post","link":"https:\/\/www.hashtag.al\/index.php\/2022\/10\/31\/ankohet-arben-kraja-qeveria-ne-menyre-te-dhunshme-na-ka-nderprere-buxhetin\/","title":{"rendered":"Ankohet Arben Kraja: Qeveria n\u00eb m\u00ebnyr\u00eb t\u00eb dhunshme na ka nd\u00ebrprer\u00eb buxhetin","gt_translate_keys":[{"key":"rendered","format":"text"}]},"content":{"rendered":"<p><span style=\"color: #000000;\"><a href=\"https:\/\/www.hashtag.al\/wp-content\/uploads\/2022\/10\/WhatsApp-Image-2022-10-31-at-6.48.04-PM.jpeg\"><img loading=\"lazy\" decoding=\"async\" class=\"aligncenter size-full wp-image-558507\" src=\"https:\/\/www.hashtag.al\/wp-content\/uploads\/2022\/10\/WhatsApp-Image-2022-10-31-at-6.48.04-PM.jpeg\" alt=\"\" width=\"640\" height=\"455\" srcset=\"https:\/\/www.hashtag.al\/wp-content\/uploads\/2022\/10\/WhatsApp-Image-2022-10-31-at-6.48.04-PM.jpeg 640w, https:\/\/www.hashtag.al\/wp-content\/uploads\/2022\/10\/WhatsApp-Image-2022-10-31-at-6.48.04-PM-300x213.jpeg 300w\" sizes=\"auto, (max-width: 640px) 100vw, 640px\" \/><\/a><\/span><\/p>\n<p><span style=\"color: #000000;\">Kreu i SPAK-ut Arben Kraja \u00ebsht\u00eb ankuar sot n\u00eb Komisionin e Ligjeve lidhur me fondet p\u00ebr institucionin q\u00eb ai drejton duke k\u00ebrkuar m\u00eb shum\u00eb para.<\/span><\/p>\n<p><span style=\"color: #000000;\"><em>\u201cNa \u00ebsht\u00eb dh\u00ebn\u00eb m\u00eb pak se kemi k\u00ebrkuar.\u201d<\/em>&#8211; tha Kraja.\u00a0<\/span><\/p>\n<p><span style=\"color: #000000;\">Kreu i SPAK-ut deklaroi se kan\u00eb b\u00ebr\u00eb k\u00ebrkes\u00eb p\u00ebr nj\u00eb fond shtes\u00eb duke paraqitur rezerva n\u00eb lidhje me nd\u00ebrprerjen e fondeve t\u00eb caktuara. Sipas tij, kjo kufizon pavar\u00ebsin\u00eb e institucionit p\u00ebr t\u00eb funksionuar.<\/span><\/p>\n<p><span style=\"color: #000000;\"><em>\u201cEdhe nj\u00eb k\u00ebrkes\u00eb p\u00ebr Ministrin\u00eb e Financave. Her\u00eb pas here me akt normative \u00ebsht\u00eb nd\u00ebrhyr\u00eb n\u00eb buxhetin e SPAK-ut duke nd\u00ebrprer\u00eb fonde t\u00eb caktuara. Okej un\u00eb e mir\u00ebkuptoj kriz\u00ebn, I kuptoj t\u00eb gjitha. Nuk kemi reaguar&#8230; Por duke filluar nga viti 2023 nj\u00eb praktik\u00eb e till\u00eb nuk mund t\u00eb ndodh\u00eb m\u00eb. Nuk duhet t\u00eb ket\u00eb prerje t\u00eb nj\u00ebanshme t\u00eb dhunshme t\u00eb buxhetit t\u00eb nj\u00eb institucioni t\u00eb pavarur sepse mendoj se futet tek kufizimet e pavar\u00ebsis\u00eb s\u00eb nj\u00eb institucioni p\u00ebr t\u00eb funksionuar. K\u00ebt\u00eb e kisha parimore.\u201d-<\/em> deklaroi Kraja.<\/span><\/p>\n<p><span style=\"color: #000000;\">P\u00ebr buxhetin e vitit 2023, Kraja k\u00ebrkoi q\u00eb Ministria e Financave t\u00eb miratoj\u00eb edhe nj\u00eb shtes\u00eb prej 15 punonj\u00ebsish dhe fonde p\u00ebr investime q\u00eb lindin gjat\u00eb pun\u00ebs.<\/span><\/p>\n<p><iframe loading=\"lazy\" style=\"border: none; overflow: hidden;\" src=\"https:\/\/www.facebook.com\/plugins\/video.php?height=314&amp;href=https%3A%2F%2Fwww.facebook.com%2Fkuvendishqiperise%2Fvideos%2F464651282428976%2F&amp;show_text=false&amp;width=560&amp;t=0\" width=\"560\" height=\"314\" frameborder=\"0\" scrolling=\"no\" allowfullscreen=\"allowfullscreen\"><\/iframe><\/p>\n","protected":false,"gt_translate_keys":[{"key":"rendered","format":"html"}]},"excerpt":{"rendered":"<p>Kreu i SPAK-ut Arben Kraja \u00ebsht\u00eb ankuar sot n\u00eb Komisionin e Ligjeve lidhur me fondet p\u00ebr institucionin q\u00eb ai drejton duke k\u00ebrkuar m\u00eb shum\u00eb para. \u201cNa \u00ebsht\u00eb dh\u00ebn\u00eb m\u00eb pak se kemi k\u00ebrkuar.\u201d&#8211; tha Kraja.\u00a0 Kreu i SPAK-ut deklaroi se kan\u00eb b\u00ebr\u00eb k\u00ebrkes\u00eb p\u00ebr nj\u00eb fond shtes\u00eb duke paraqitur rezerva n\u00eb lidhje me nd\u00ebrprerjen e [&hellip;]<\/p>\n","protected":false,"gt_translate_keys":[{"key":"rendered","format":"html"}]},"author":30,"featured_media":558507,"comment_status":"closed","ping_status":"closed","sticky":false,"template":"","format":"standard","meta":{"footnotes":""},"categories":[22,65,13],"tags":[],"class_list":["post-558506","post","type-post","status-publish","format-standard","has-post-thumbnail","hentry","category-ballina","category-lajme","category-te-fundit"],"gt_translate_keys":[{"key":"link","format":"url"}],"_links":{"self":[{"href":"https:\/\/www.hashtag.al\/index.php\/wp-json\/wp\/v2\/posts\/558506","targetHints":{"allow":["GET"]}}],"collection":[{"href":"https:\/\/www.hashtag.al\/index.php\/wp-json\/wp\/v2\/posts"}],"about":[{"href":"https:\/\/www.hashtag.al\/index.php\/wp-json\/wp\/v2\/types\/post"}],"author":[{"embeddable":true,"href":"https:\/\/www.hashtag.al\/index.php\/wp-json\/wp\/v2\/users\/30"}],"replies":[{"embeddable":true,"href":"https:\/\/www.hashtag.al\/index.php\/wp-json\/wp\/v2\/comments?post=558506"}],"version-history":[{"count":0,"href":"https:\/\/www.hashtag.al\/index.php\/wp-json\/wp\/v2\/posts\/558506\/revisions"}],"wp:featuredmedia":[{"embeddable":true,"href":"https:\/\/www.hashtag.al\/index.php\/wp-json\/wp\/v2\/media\/558507"}],"wp:attachment":[{"href":"https:\/\/www.hashtag.al\/index.php\/wp-json\/wp\/v2\/media?parent=558506"}],"wp:term":[{"taxonomy":"category","embeddable":true,"href":"https:\/\/www.hashtag.al\/index.php\/wp-json\/wp\/v2\/categories?post=558506"},{"taxonomy":"post_tag","embeddable":true,"href":"https:\/\/www.hashtag.al\/index.php\/wp-json\/wp\/v2\/tags?post=558506"}],"curies":[{"name":"wp","href":"https:\/\/api.w.org\/{rel}","templated":true}]}}