{"id":558499,"date":"2022-10-31T18:06:26","date_gmt":"2022-10-31T17:06:26","guid":{"rendered":"https:\/\/www.hashtag.al\/?p=558499"},"modified":"2022-10-31T18:58:20","modified_gmt":"2022-10-31T17:58:20","slug":"meta-ligji-i-dosjeve-per-te-me-goditur-mua-rama-e-qarte-ka-qene-bashkepunetor-i-ish-sigurimit","status":"publish","type":"post","link":"https:\/\/www.hashtag.al\/index.php\/2022\/10\/31\/meta-ligji-i-dosjeve-per-te-me-goditur-mua-rama-e-qarte-ka-qene-bashkepunetor-i-ish-sigurimit\/","title":{"rendered":"Meta: Ligji i dosjeve p\u00ebr t\u00eb m\u00eb goditur mua, Rama e qart\u00eb ka qen\u00eb bashk\u00ebpun\u00ebtor i ish-Sigurimit","gt_translate_keys":[{"key":"rendered","format":"text"}]},"content":{"rendered":"<p><span style=\"color: #000000;\"><a href=\"https:\/\/www.hashtag.al\/wp-content\/uploads\/2022\/10\/IM-6.jpg\"><img loading=\"lazy\" decoding=\"async\" class=\"aligncenter size-full wp-image-558500\" src=\"https:\/\/www.hashtag.al\/wp-content\/uploads\/2022\/10\/IM-6.jpg\" alt=\"\" width=\"913\" height=\"529\" srcset=\"https:\/\/www.hashtag.al\/wp-content\/uploads\/2022\/10\/IM-6.jpg 913w, https:\/\/www.hashtag.al\/wp-content\/uploads\/2022\/10\/IM-6-300x174.jpg 300w, https:\/\/www.hashtag.al\/wp-content\/uploads\/2022\/10\/IM-6-768x445.jpg 768w, https:\/\/www.hashtag.al\/wp-content\/uploads\/2022\/10\/IM-6-250x145.jpg 250w\" sizes=\"auto, (max-width: 913px) 100vw, 913px\" \/><\/a><\/span><\/p>\n<p><span style=\"color: #000000;\">Kryetari i Partis\u00eb s\u00eb Liris\u00eb Ilir Meta thot\u00eb se bashk\u00ebpun\u00ebtor i ish-Sigurimit t\u00eb Shtetit ka qen\u00eb vet\u00eb kryeministri Edi Rama, pasi sipas tij ai ka qen\u00eb piktor i nj\u00eb reviste t\u00eb koh\u00ebs. K\u00ebt\u00eb deklarat\u00eb ai e b\u00ebri nd\u00ebrsa ishte i ftuar n\u00eb programin \u201cZona Zero\u201d n\u00eb \u201cTop News\u201d, ku u pyet lidhur me akuzat ndaj tij dhe p\u00ebrplasjen me Autoritetin e Dosjeve.<\/span><\/p>\n<p><span style=\"color: #000000;\"><em>\u00a0\u201cNj\u00eb gj\u00eb \u00ebsht\u00eb shum\u00eb e qart\u00eb, q\u00eb Edi Rama ka qen\u00eb bashk\u00ebpun\u00ebtor i ish-Sigurimit t\u00eb Shtetit. Kjo pasi Rama ka qen\u00eb piktor i revist\u00ebs s\u00eb koh\u00ebs. Gjith\u00e7ka nisi pasi un\u00eb lash\u00eb detyr\u00ebn ligji q\u00eb u miratua \u00ebsht\u00eb shum\u00eb i qart\u00eb p\u00ebr t\u00eb gjith\u00eb shqiptar\u00ebt. Gjith\u00e7ka nisi me nj\u00eb VFLP, me nj\u00eb email. Tani pse u shqet\u00ebsove ti q\u00eb emaili thoshte q\u00eb ky Ilir Metaj ka b\u00ebr\u00eb k\u00ebt\u00eb e at\u00eb. Po kur t\u00eb doli d\u00ebshmitari q\u00eb tha q\u00eb k\u00ebto q\u00eb thuhen jan\u00eb falsifikime? Po ti \u00e7a halli kishe? Ti i ke c\u00ebnuar jet\u00ebn private, i ke nxjerr\u00eb emrin. Ti nuk je as n\u00eb an\u00ebn e t\u00eb v\u00ebrtet\u00ebs e as n\u00eb an\u00ebn e ligjit. Ky ligj ishte p\u00ebr t\u00eb goditur Ilir Met\u00ebn e p\u00ebr t\u00eb b\u00ebr\u00eb zhurm\u00eb. Un\u00eb t\u00eb kam \u00e7uar n\u00eb Prokurori pasi ti je falsifikator.\u201d-<\/em> u shpreh Meta.<\/span><\/p>\n<p><span style=\"color: #000000;\">Ish-presidenti theksoi se ka nisur nj\u00eb proces gjyq\u00ebsor kund\u00ebr Autoritetet t\u00eb Dosjeve.<\/span><\/p>\n","protected":false,"gt_translate_keys":[{"key":"rendered","format":"html"}]},"excerpt":{"rendered":"<p>Kryetari i Partis\u00eb s\u00eb Liris\u00eb Ilir Meta thot\u00eb se bashk\u00ebpun\u00ebtor i ish-Sigurimit t\u00eb Shtetit ka qen\u00eb vet\u00eb kryeministri Edi Rama, pasi sipas tij ai ka qen\u00eb piktor i nj\u00eb reviste t\u00eb koh\u00ebs. K\u00ebt\u00eb deklarat\u00eb ai e b\u00ebri nd\u00ebrsa ishte i ftuar n\u00eb programin \u201cZona Zero\u201d n\u00eb \u201cTop News\u201d, ku u pyet lidhur me akuzat ndaj [&hellip;]<\/p>\n","protected":false,"gt_translate_keys":[{"key":"rendered","format":"html"}]},"author":30,"featured_media":558500,"comment_status":"closed","ping_status":"closed","sticky":false,"template":"","format":"standard","meta":{"footnotes":""},"categories":[65,13],"tags":[],"class_list":["post-558499","post","type-post","status-publish","format-standard","has-post-thumbnail","hentry","category-lajme","category-te-fundit"],"gt_translate_keys":[{"key":"link","format":"url"}],"_links":{"self":[{"href":"https:\/\/www.hashtag.al\/index.php\/wp-json\/wp\/v2\/posts\/558499","targetHints":{"allow":["GET"]}}],"collection":[{"href":"https:\/\/www.hashtag.al\/index.php\/wp-json\/wp\/v2\/posts"}],"about":[{"href":"https:\/\/www.hashtag.al\/index.php\/wp-json\/wp\/v2\/types\/post"}],"author":[{"embeddable":true,"href":"https:\/\/www.hashtag.al\/index.php\/wp-json\/wp\/v2\/users\/30"}],"replies":[{"embeddable":true,"href":"https:\/\/www.hashtag.al\/index.php\/wp-json\/wp\/v2\/comments?post=558499"}],"version-history":[{"count":0,"href":"https:\/\/www.hashtag.al\/index.php\/wp-json\/wp\/v2\/posts\/558499\/revisions"}],"wp:featuredmedia":[{"embeddable":true,"href":"https:\/\/www.hashtag.al\/index.php\/wp-json\/wp\/v2\/media\/558500"}],"wp:attachment":[{"href":"https:\/\/www.hashtag.al\/index.php\/wp-json\/wp\/v2\/media?parent=558499"}],"wp:term":[{"taxonomy":"category","embeddable":true,"href":"https:\/\/www.hashtag.al\/index.php\/wp-json\/wp\/v2\/categories?post=558499"},{"taxonomy":"post_tag","embeddable":true,"href":"https:\/\/www.hashtag.al\/index.php\/wp-json\/wp\/v2\/tags?post=558499"}],"curies":[{"name":"wp","href":"https:\/\/api.w.org\/{rel}","templated":true}]}}