{"id":558495,"date":"2022-10-31T17:53:58","date_gmt":"2022-10-31T16:53:58","guid":{"rendered":"https:\/\/www.hashtag.al\/?p=558495"},"modified":"2022-10-31T17:53:58","modified_gmt":"2022-10-31T16:53:58","slug":"fillon-ne-nju-jork-gjyqi-kunder-biznesit-te-trumpit-per-mashtrim-me-taksat","status":"publish","type":"post","link":"https:\/\/www.hashtag.al\/index.php\/2022\/10\/31\/fillon-ne-nju-jork-gjyqi-kunder-biznesit-te-trumpit-per-mashtrim-me-taksat\/","title":{"rendered":"Fillon n\u00eb Nju Jork gjyqi kund\u00ebr biznesit t\u00eb Trumpit p\u00ebr mashtrim me taksat","gt_translate_keys":[{"key":"rendered","format":"text"}]},"content":{"rendered":"<p><span style=\"color: #000000;\"><a href=\"https:\/\/www.hashtag.al\/wp-content\/uploads\/2022\/10\/TRUMP-4.jpg\"><img loading=\"lazy\" decoding=\"async\" class=\"aligncenter size-full wp-image-558496\" src=\"https:\/\/www.hashtag.al\/wp-content\/uploads\/2022\/10\/TRUMP-4.jpg\" alt=\"\" width=\"848\" height=\"474\" srcset=\"https:\/\/www.hashtag.al\/wp-content\/uploads\/2022\/10\/TRUMP-4.jpg 848w, https:\/\/www.hashtag.al\/wp-content\/uploads\/2022\/10\/TRUMP-4-300x168.jpg 300w, https:\/\/www.hashtag.al\/wp-content\/uploads\/2022\/10\/TRUMP-4-768x429.jpg 768w\" sizes=\"auto, (max-width: 848px) 100vw, 848px\" \/><\/a><\/span><\/p>\n<p><span style=\"color: #000000;\">Nj\u00eb gjyq penal ka nisur n\u00eb Nju Jork kund\u00ebr Organizat\u00ebs Trump, e cila akuzohet se ka paguar p\u00ebrfitime t\u00eb pataksuara p\u00ebr drejtuesit e saj p\u00ebr 15 vjet.<\/span><\/p>\n<p><span style=\"color: #000000;\">Biznesi i pasurive t\u00eb paluajtshme \u00ebsht\u00eb i drejtuar nga familja e ish-presidentit Donald Trump, por as ai dhe as an\u00ebtar\u00ebt e familjes s\u00eb tij nuk jan\u00eb n\u00eb gjyq.<\/span><\/p>\n<p><span style=\"color: #000000;\">Nj\u00eb ish-ekzekutiv, i cili ka punuar p\u00ebr Trumpin p\u00ebr dekada dhe u deklarua fajtor n\u00eb gusht, pritet t\u00eb d\u00ebshmoj\u00eb.<\/span><\/p>\n<p><span style=\"color: #000000;\">Sipas <span style=\"color: #0000ff;\"><a style=\"color: #0000ff;\" href=\"https:\/\/www.bbc.com\/news\/world-us-canada-63461588\">BBC<\/a><\/span>-s\u00eb, ky \u00ebsht\u00eb nj\u00eb nga tre rastet ligjore me t\u00eb cilat p\u00ebrballen Trump dhe kompania e tij n\u00eb Nju Jork.<\/span><\/p>\n<p><span style=\"color: #000000;\">Prokuror\u00ebt e qytetit t\u00eb Nju Jorkut akuzojn\u00eb kompanin\u00eb se ka p\u00ebrdorur nj\u00eb skem\u00eb p\u00ebr t\u00eb paguar drejtuesit e saj duke u ofruar atyre p\u00ebrfitime t\u00eb pataksuara.<\/span><\/p>\n<p><span style=\"color: #000000;\">Kompania akuzohet p\u00ebr komplot, mashtrim tatimor kriminal dhe falsifikimin e t\u00eb dh\u00ebnave t\u00eb biznesit. N\u00ebse d\u00ebnohet, kompania mund t\u00eb p\u00ebrballet me gjoba q\u00eb arrijn\u00eb n\u00eb m\u00eb shum\u00eb se 1 milion dollar\u00eb dhe mund t\u00eb p\u00ebrballet me v\u00ebshtir\u00ebsi n\u00eb sigurimin e kredive dhe financimit.<\/span><\/p>\n<p><span style=\"color: #000000;\">Allen Weisselberg, i cili ka qen\u00eb shef financiar p\u00ebr nj\u00eb koh\u00eb t\u00eb gjat\u00eb p\u00ebr Organizat\u00ebn Trump, u deklarua fajtor p\u00ebr krime financiare n\u00eb gusht si pjes\u00eb e \u00e7\u00ebshtjes dhe po bashk\u00ebpunon me prokuror\u00ebt n\u00eb k\u00ebmbim t\u00eb nj\u00eb d\u00ebnimi m\u00eb t\u00eb but\u00eb.<\/span><\/p>\n<p><span style=\"color: #000000;\">Ai pritet t\u00eb d\u00ebshmoj\u00eb jav\u00ebn e ardhshme n\u00eb sall\u00ebn e gjyqit n\u00eb Manhatan dhe do t\u00eb p\u00ebrballet me d\u00ebnimin pasi t\u00eb flas\u00eb. Ai mund t\u00eb d\u00ebnohet me 5 deri n\u00eb 15 vjet n\u00ebse refuzon t\u00eb bashk\u00ebpunoj\u00eb n\u00eb gjyq.<\/span><\/p>\n<p><span style=\"color: #000000;\">N\u00eb nj\u00eb marr\u00ebveshje p\u00ebr pranimin e faj\u00ebsis\u00eb, 75-vje\u00e7ari pranoi p\u00ebrfshirjen e tij n\u00eb skem\u00eb dhe p\u00ebrfitimin e shkollimit privat p\u00ebr nip\u00ebrit e tij, makin\u00eb BMW dhe nj\u00eb sht\u00ebpi n\u00eb Manhattan n\u00eb k\u00ebmbim t\u00eb pun\u00ebs s\u00eb tij.<\/span><\/p>\n<p><span style=\"color: #000000;\">P\u00ebrzgjedhja e juris\u00eb p\u00ebrfundoi t\u00eb premten pasi u zgjodh\u00ebn kat\u00ebr gra dhe tet\u00eb burra, si dhe gjasht\u00eb alternativa n\u00eb rast se nj\u00eb juri shkarkohet p\u00ebr \u00e7far\u00ebdo arsye. Avokat\u00ebt mbrojt\u00ebs p\u00ebr Organizat\u00ebn Trump thon\u00eb se ka qen\u00eb e v\u00ebshtir\u00eb p\u00ebr t\u00eb gjetur jurist\u00eb neutral\u00eb dhe u kan\u00eb b\u00ebr\u00eb thirrje avokat\u00ebve q\u00eb t\u00eb &#8220;<em>mbajn\u00eb politik\u00ebn larg<\/em>&#8221; sall\u00ebs s\u00eb gjyqit. Trump e ka kritikuar \u00e7\u00ebshtjen e cila ka marr\u00eb tre vjet p\u00ebr t&#8217;u sjell\u00eb n\u00eb gjyq duke e konsideruar si nj\u00eb &#8220;<em>gjueti shtrigash<\/em>&#8220;.<\/span><\/p>\n<p><span style=\"color: #000000;\">Ai nuk pritet t\u00eb d\u00ebshmoj\u00eb apo t\u00eb marr\u00eb pjes\u00eb n\u00eb gjyq, por gjykat\u00ebsi q\u00eb mbik\u00ebqyr \u00e7\u00ebshtjen jav\u00ebn e kaluar paralajm\u00ebroi se zoti Trump dhe tre f\u00ebmij\u00ebt e tij m\u00eb t\u00eb m\u00ebdhenj mund t\u00eb thirren p\u00ebr t\u00eb d\u00ebshmuar.<\/span><\/p>\n","protected":false,"gt_translate_keys":[{"key":"rendered","format":"html"}]},"excerpt":{"rendered":"<p>Nj\u00eb gjyq penal ka nisur n\u00eb Nju Jork kund\u00ebr Organizat\u00ebs Trump, e cila akuzohet se ka paguar p\u00ebrfitime t\u00eb pataksuara p\u00ebr drejtuesit e saj p\u00ebr 15 vjet. Biznesi i pasurive t\u00eb paluajtshme \u00ebsht\u00eb i drejtuar nga familja e ish-presidentit Donald Trump, por as ai dhe as an\u00ebtar\u00ebt e familjes s\u00eb tij nuk jan\u00eb n\u00eb gjyq. [&hellip;]<\/p>\n","protected":false,"gt_translate_keys":[{"key":"rendered","format":"html"}]},"author":30,"featured_media":558496,"comment_status":"closed","ping_status":"closed","sticky":false,"template":"","format":"standard","meta":{"footnotes":""},"categories":[6,13],"tags":[],"class_list":["post-558495","post","type-post","status-publish","format-standard","has-post-thumbnail","hentry","category-nderkombetare","category-te-fundit"],"gt_translate_keys":[{"key":"link","format":"url"}],"_links":{"self":[{"href":"https:\/\/www.hashtag.al\/index.php\/wp-json\/wp\/v2\/posts\/558495","targetHints":{"allow":["GET"]}}],"collection":[{"href":"https:\/\/www.hashtag.al\/index.php\/wp-json\/wp\/v2\/posts"}],"about":[{"href":"https:\/\/www.hashtag.al\/index.php\/wp-json\/wp\/v2\/types\/post"}],"author":[{"embeddable":true,"href":"https:\/\/www.hashtag.al\/index.php\/wp-json\/wp\/v2\/users\/30"}],"replies":[{"embeddable":true,"href":"https:\/\/www.hashtag.al\/index.php\/wp-json\/wp\/v2\/comments?post=558495"}],"version-history":[{"count":0,"href":"https:\/\/www.hashtag.al\/index.php\/wp-json\/wp\/v2\/posts\/558495\/revisions"}],"wp:featuredmedia":[{"embeddable":true,"href":"https:\/\/www.hashtag.al\/index.php\/wp-json\/wp\/v2\/media\/558496"}],"wp:attachment":[{"href":"https:\/\/www.hashtag.al\/index.php\/wp-json\/wp\/v2\/media?parent=558495"}],"wp:term":[{"taxonomy":"category","embeddable":true,"href":"https:\/\/www.hashtag.al\/index.php\/wp-json\/wp\/v2\/categories?post=558495"},{"taxonomy":"post_tag","embeddable":true,"href":"https:\/\/www.hashtag.al\/index.php\/wp-json\/wp\/v2\/tags?post=558495"}],"curies":[{"name":"wp","href":"https:\/\/api.w.org\/{rel}","templated":true}]}}