{"id":558419,"date":"2022-10-31T13:36:00","date_gmt":"2022-10-31T12:36:00","guid":{"rendered":"https:\/\/www.hashtag.al\/?p=558419"},"modified":"2022-10-31T13:36:00","modified_gmt":"2022-10-31T12:36:00","slug":"alibeaj-e-vasili-debate-ne-komisionin-e-reformes-zgjedhore-o-enkelejd-ver-arsyen-ne-pune","status":"publish","type":"post","link":"https:\/\/www.hashtag.al\/index.php\/2022\/10\/31\/alibeaj-e-vasili-debate-ne-komisionin-e-reformes-zgjedhore-o-enkelejd-ver-arsyen-ne-pune\/","title":{"rendered":"Alibeaj e Vasili debate n\u00eb komisionin e Reform\u00ebs Zgjedhore: O Enkelejd, v\u00ebr arsyen n\u00eb pun\u00eb\u2026","gt_translate_keys":[{"key":"rendered","format":"text"}]},"content":{"rendered":"<p><span style=\"color: #000000;\"><img loading=\"lazy\" decoding=\"async\" class=\"aligncenter size-full wp-image-558420\" src=\"https:\/\/www.hashtag.al\/wp-content\/uploads\/2022\/10\/alibeajgjiknuri.jpg\" alt=\"\" width=\"565\" height=\"321\" srcset=\"https:\/\/www.hashtag.al\/wp-content\/uploads\/2022\/10\/alibeajgjiknuri.jpg 565w, https:\/\/www.hashtag.al\/wp-content\/uploads\/2022\/10\/alibeajgjiknuri-300x170.jpg 300w\" sizes=\"auto, (max-width: 565px) 100vw, 565px\" \/><\/span><\/p>\n<p><span style=\"color: #000000;\">Me debate \u00ebsht\u00eb shoq\u00ebruar mbledhja e sotme e Komisionit t\u00eb Reform\u00ebs Zgjedhore. <\/span><\/p>\n<p><span style=\"color: #000000;\">Deputeti i Partis\u00eb s\u00eb Liris\u00eb, Vasili i \u00ebsht\u00eb drejtuar deputetit t\u00eb PD-s\u00eb Alibeaj duke i th\u00ebn\u00eb se ajo q\u00eb po ndodh n\u00eb mbledhje \u00ebsht\u00eb tallje me Kodin Zgjedhor.<\/span><\/p>\n<p><span style=\"color: #000000;\"><em>\u201cO Enkelejd v\u00ebr arsyen n\u00eb pun\u00eb. An\u00ebtaret e komisionit n\u00eb t\u00eb majt\u00eb e t\u00eb djatht\u00eb kan\u00eb marr\u00eb materialin n\u00eb or\u00ebn 9 e gjysm\u00eb. Mos vazhdo kot se nuk ka logjik\u00eb, un\u00eb do ta b\u00ebj publike k\u00ebt\u00eb. L\u00ebri k\u00ebto muhabete, jan\u00eb histori fshati. Kjo \u00ebsht\u00eb tallje me kodin zgjedhor. N\u00ebse ke n\u00eb mendje nj\u00eb q\u00ebndrim qesharak t\u00eb opozit\u00ebs kjo \u00ebsht\u00eb puna jote, koha nuk \u00ebsht\u00eb e mjaftueshme p\u00ebr asnj\u00eb ekspert q\u00eb t\u00eb analizoj\u00eb materialin si\u00e7 duhet. Materiali duhet minimalisht dy dit\u00eb m\u00eb par\u00eb, kjo nuk ka ndodhur kurr\u00eb m\u00eb par\u00eb.\u201d<\/em> &#8211; tha Vasili.<\/span><\/p>\n<p><span style=\"color: #000000;\">Alibeaj nga ana e tij \u00ebsht\u00eb p\u00ebrgjigjur duke th\u00ebn\u00eb se rendi i dit\u00ebs \u00ebsht\u00eb p\u00ebrcaktuar dhe se ekspert\u00ebt kan\u00eb pasur gjith\u00eb koh\u00ebn e duhur p\u00ebr t\u00eb analizuar materialin. <\/span><\/p>\n<p><span style=\"color: #000000;\">Ai tha gjithashtu se socialist\u00ebve u intereson vonesa kurse opozita duhet t\u00eb ec\u00eb sa m\u00eb shpejt.<\/span><\/p>\n<p><span style=\"color: #000000;\"><em>\u201cRendi i dit\u00ebs \u00ebsht\u00eb i p\u00ebrcaktuar, ekspert\u00ebt kan\u00eb punuar, kan\u00eb pasur koh\u00ebn p\u00ebr t\u00eb reaguar, doni ta ktheni n\u00eb loj\u00eb politike, eksperti yn\u00eb t\u00eb prezantoj\u00eb materialin q\u00eb ka, t\u00eb m\u00ebrkur\u00ebn t\u00eb mblidhemi e t\u00eb shqyrtojm\u00eb. Ta them dhe nj\u00eb gj\u00eb tjet\u00ebr, n\u00eb telefonin tim do doja t\u00eb kisha materialin e t\u00eb gjith\u00ebve edhe t\u00eb zonj\u00ebs Caka dhe t\u00eb tjer\u00ebve, se vet\u00ebm n\u00eb ket\u00eb m\u00ebnyr\u00eb funksionon, un\u00eb dua t\u00eb ecim shpejt, k\u00ebta e kan\u00eb n\u00eb terezi, opozita duhet t\u00eb ec\u00eb nj\u00eb or\u00eb e m\u00eb par\u00eb. Materiali i ekspertit t\u00eb PD u \u00ebsht\u00eb shp\u00ebrndar\u00eb t\u00eb gjith\u00ebve. Pak r\u00ebnd\u00ebsi ka kur ka ardhur. Duhet t\u00eb vazhdojm\u00eb shpejt, kaq pak jam duke th\u00ebn\u00eb. Ndryshimet q\u00eb duhen b\u00ebr\u00eb jan\u00eb masive. Do pun\u00eb, hajde t\u00eb punojm\u00eb. Etiketimet \u00ebsht\u00eb mir\u00eb t\u2019i t\u00ebrhiqni. Un\u00eb dua t\u00eb respektoj pun\u00ebn e ekspertit ton\u00eb. K\u00ebto historit\u00eb erdhi n\u00eb m\u00ebngjes apo jo ne t\u00eb opozit\u00ebs nuk duhet t\u2019i zhvillojm\u00eb. K\u00ebtyre koleg\u00ebve t\u00eb opozit\u00ebs q\u00eb thon\u00eb nuk kemi koh\u00eb, nuk e pranoj. Un\u00eb nuk b\u00ebj kompromis p\u00ebr pun\u00ebn, prezantimin do e d\u00ebgjojm\u00eb sot, do zhvillojm\u00eb nj\u00eb mbledhje, do b\u00ebj propozimin tim q\u00eb p\u00ebr k\u00ebt\u00eb pun\u00eb q\u00eb \u00ebsht\u00eb b\u00ebr\u00eb, t\u00eb m\u00ebrkur\u00ebn ky komision t\u00eb diskutoj\u00eb dhe t\u00eb votoj\u00eb si\u00e7 mendon.\u201d<\/em> &#8211; tha Alibeaj.<\/span><\/p>\n","protected":false,"gt_translate_keys":[{"key":"rendered","format":"html"}]},"excerpt":{"rendered":"<p>Me debate \u00ebsht\u00eb shoq\u00ebruar mbledhja e sotme e Komisionit t\u00eb Reform\u00ebs Zgjedhore. Deputeti i Partis\u00eb s\u00eb Liris\u00eb, Vasili i \u00ebsht\u00eb drejtuar deputetit t\u00eb PD-s\u00eb Alibeaj duke i th\u00ebn\u00eb se ajo q\u00eb po ndodh n\u00eb mbledhje \u00ebsht\u00eb tallje me Kodin Zgjedhor. \u201cO Enkelejd v\u00ebr arsyen n\u00eb pun\u00eb. An\u00ebtaret e komisionit n\u00eb t\u00eb majt\u00eb e t\u00eb djatht\u00eb [&hellip;]<\/p>\n","protected":false,"gt_translate_keys":[{"key":"rendered","format":"html"}]},"author":51,"featured_media":558420,"comment_status":"closed","ping_status":"closed","sticky":false,"template":"","format":"standard","meta":{"footnotes":""},"categories":[65,13],"tags":[],"class_list":["post-558419","post","type-post","status-publish","format-standard","has-post-thumbnail","hentry","category-lajme","category-te-fundit"],"gt_translate_keys":[{"key":"link","format":"url"}],"_links":{"self":[{"href":"https:\/\/www.hashtag.al\/index.php\/wp-json\/wp\/v2\/posts\/558419","targetHints":{"allow":["GET"]}}],"collection":[{"href":"https:\/\/www.hashtag.al\/index.php\/wp-json\/wp\/v2\/posts"}],"about":[{"href":"https:\/\/www.hashtag.al\/index.php\/wp-json\/wp\/v2\/types\/post"}],"author":[{"embeddable":true,"href":"https:\/\/www.hashtag.al\/index.php\/wp-json\/wp\/v2\/users\/51"}],"replies":[{"embeddable":true,"href":"https:\/\/www.hashtag.al\/index.php\/wp-json\/wp\/v2\/comments?post=558419"}],"version-history":[{"count":0,"href":"https:\/\/www.hashtag.al\/index.php\/wp-json\/wp\/v2\/posts\/558419\/revisions"}],"wp:featuredmedia":[{"embeddable":true,"href":"https:\/\/www.hashtag.al\/index.php\/wp-json\/wp\/v2\/media\/558420"}],"wp:attachment":[{"href":"https:\/\/www.hashtag.al\/index.php\/wp-json\/wp\/v2\/media?parent=558419"}],"wp:term":[{"taxonomy":"category","embeddable":true,"href":"https:\/\/www.hashtag.al\/index.php\/wp-json\/wp\/v2\/categories?post=558419"},{"taxonomy":"post_tag","embeddable":true,"href":"https:\/\/www.hashtag.al\/index.php\/wp-json\/wp\/v2\/tags?post=558419"}],"curies":[{"name":"wp","href":"https:\/\/api.w.org\/{rel}","templated":true}]}}