{"id":558394,"date":"2022-10-31T11:35:48","date_gmt":"2022-10-31T10:35:48","guid":{"rendered":"https:\/\/www.hashtag.al\/?p=558394"},"modified":"2022-10-31T11:36:25","modified_gmt":"2022-10-31T10:36:25","slug":"deputetet-e-pd-se-e-manja-perplasen-per-aministine-ne-burgje-do-perdoren-per-zgjedhjet-lokale-te-vitit-2023","status":"publish","type":"post","link":"https:\/\/www.hashtag.al\/index.php\/2022\/10\/31\/deputetet-e-pd-se-e-manja-perplasen-per-aministine-ne-burgje-do-perdoren-per-zgjedhjet-lokale-te-vitit-2023\/","title":{"rendered":"Deputet\u00ebt e PD-s\u00eb e Manja p\u00ebrplasen p\u00ebr amnistin\u00eb n\u00eb burgje: Do p\u00ebrdoren p\u00ebr zgjedhjet lokale t\u00eb vitit 2023","gt_translate_keys":[{"key":"rendered","format":"text"}]},"content":{"rendered":"<p><span style=\"color: #000000;\"><img loading=\"lazy\" decoding=\"async\" class=\"aligncenter size-full wp-image-558395\" src=\"https:\/\/www.hashtag.al\/wp-content\/uploads\/2022\/10\/salianji.png\" alt=\"\" width=\"1231\" height=\"668\" srcset=\"https:\/\/www.hashtag.al\/wp-content\/uploads\/2022\/10\/salianji.png 1231w, https:\/\/www.hashtag.al\/wp-content\/uploads\/2022\/10\/salianji-300x163.png 300w, https:\/\/www.hashtag.al\/wp-content\/uploads\/2022\/10\/salianji-1024x556.png 1024w, https:\/\/www.hashtag.al\/wp-content\/uploads\/2022\/10\/salianji-768x417.png 768w\" sizes=\"auto, (max-width: 1231px) 100vw, 1231px\" \/><\/span><\/p>\n<p><span style=\"color: #000000;\">Ministri i Drejt\u00ebsis\u00eb Manja e deputet\u00ebt e PD-s\u00eb jan\u00eb p\u00ebrplasur n\u00eb mbledhjen e Komisionit t\u00eb Siguris\u00eb Komb\u00ebtare lidhur me projektin e qeveris\u00eb p\u00ebr aministi n\u00eb burgje. <\/span><\/p>\n<p><span style=\"color: #000000;\">Manja tha se amnistia n\u00eb burgje n\u00eb periudh\u00ebn e fundit t\u00eb vitit \u00ebsht\u00eb tradit\u00eb q\u00eb \u00ebsht\u00eb ushtruar her\u00eb pas here q\u00eb prej vitit 2013. <\/span><\/p>\n<p><span style=\"color: #000000;\">Ai shtoi se amnistia po studiohet nga Ministria e Drejt\u00ebsis\u00eb e Drejtoria e Burgjeve dhe se do leht\u00ebsoj\u00eb mbipopullimin n\u00eb burgje.<\/span><\/p>\n<p><span style=\"color: #000000;\"><em>\u201cUn\u00eb kam ardhur n\u00eb komision dhe p\u00ebr t\u00eb ndryshuar nj\u00eb standart se diskutimi p\u00ebr buxhetin \u00ebsht\u00eb politik e pastaj teknik. Nuk mund t\u00eb vij\u00eb nj\u00eb institucion i var\u00ebsis\u00eb p\u00ebr t\u00eb diskutuar buxhetin, se po t\u00eb ishte i karakterit teknik shifrat jan\u00eb aty e diskutimi do ishte i mbyllur. Pra \u00ebsht\u00eb standart q\u00eb ne e vendosim. Lidhur me amnistin\u00eb penale dua t\u00eb jem i qart\u00eb, se sa her\u00eb ka periudha zgjedhore e flitet p\u00ebr amnistri penale ka tendenc\u00eb p\u00ebr t\u2019i g\u00ebrshetuar k\u00ebto dy gj\u00ebra. Amnistia penale \u00ebsht\u00eb tradit\u00eb, niset nga parimet e humanizmit e q\u00ebllimeve q\u00eb ka d\u00ebnimi, \u00ebsht\u00eb ushtruar her\u00eb pas her\u00eb aministia, ka pasur q\u00eb n\u00eb 2013 e fundit \u00ebsht\u00eb b\u00ebr\u00eb n\u00eb 2020, jemi n\u00eb nj\u00eb proces t\u00eb studimit e analizimit t\u00eb gjith\u00eb faktor\u00ebve e indikator\u00ebve q\u00eb merr n\u00eb konsiderat\u00eb nj\u00eb amnisti penale e pse jo ministria e drejt\u00ebsis\u00eb do propozoj\u00eb por q\u00eb ska lidhje me zgjehdjet se t\u00eb paraburgosurit e ushtrojn\u00eb te drejten e vot\u00ebs dhe pa pasur amnisti. T\u00eb paraburgosurit dhe t\u00eb d\u00ebnuarit do votojn\u00eb. Sa e gjer\u00eb do jet\u00eb kjo amnisti n\u00ebse do ket\u00eb ndjekjen penale, gjykimin dhe ekzekutimin e vendimeve penale, pra t\u00eb tre fazat, k\u00ebt\u00eb po e studiojm\u00eb n\u00eb ministri me Drejtorin\u00eb e Burgjeve.\u201d<\/em> &#8211; tha Manja.<\/span><\/p>\n<p><span style=\"color: #000000;\">Nd\u00ebrkoh\u00eb opozita tha se nisma e qeveris\u00eb p\u00ebr aministi n\u00eb\u00a0 burgje vjen pak muaj para zgjedhjeve lokale dhe se ata mund t\u00eb p\u00ebrdoren p\u00ebr t\u00eb mbledhur vota.<\/span><\/p>\n<p><span style=\"color: #000000;\"><em>\u201cDuke qen\u00eb se n\u00eb vitin q\u00eb vjen \u00ebsht\u00eb shpallur data e zgjedhjeve lokale a ka nj\u00eb studim lidhur me amnistin\u00eb apo \u00ebsht\u00eb di\u00e7ka q\u00eb do b\u00ebhet n\u00eb fund t\u00eb vitit p\u00ebr q\u00ebllime elektorale? A ka ndonj\u00eb gj\u00eb t\u00eb studiuar apo ka di\u00e7ka q\u00eb do shp\u00ebrthej\u00eb para zgjedhjeve?\u201d<\/em> &#8211; tha deputeti i PD-s\u00eb, Ferdinand Xhaferri.<\/span><\/p>\n<p><span style=\"color: #000000;\">Deputeti tjet\u00ebr i PD-s\u00eb Salianji tha se n\u00eb burgjet e vendit ka vet\u00ebm hallexhinj dhe se duhet arritur nj\u00eb marr\u00ebveshje ekstradimi me Emiratet e Bashkuara Arabe.<\/span><\/p>\n<p><span style=\"color: #000000;\"><em>\u201cKeni dijeni p\u00ebr keqtrajtimin n\u00eb burgje n\u00eb Elbasan. Kam lexuar nj\u00eb let\u00ebr q\u00eb nuk kishte barazi n\u00eb burgje. Ka qen\u00eb nj\u00eb periudh\u00eb protestash nga opozita dhe q\u00ebllimisht u la q\u00eb k\u00ebta protestues t\u00eb shmangeshin nga amnistia e sot e k\u00ebsaj dite dhjet\u00ebra prej tyre vijojn\u00eb n\u00ebp\u00ebr dyert e gjykatave me presion nga qeveria. N\u00eb vendin ton\u00eb duket se burgjet po popullohen nga hallexhinjt\u00eb! P\u00ebr t\u00eb tjer\u00ebt q\u00eb jan\u00eb v\u00ebrtet rrezik nuk \u00ebsht\u00eb puna juaj. Me Emiratet e Bahkuara psh ekstradimet jan\u00eb t\u00eb domosdoshme. K\u00ebta q\u00eb nd\u00ebrtojn\u00eb n\u00eb mes t\u00eb Tiran\u00ebs q\u00eb edhe vendosin se kush duhet t\u00eb futet n\u00eb burg, mendoj se \u00ebsht\u00eb p\u00ebrgjegj\u00ebsia juaj p\u00ebr t\u00eb zgjidhur.\u201d<\/em><\/span><\/p>\n","protected":false,"gt_translate_keys":[{"key":"rendered","format":"html"}]},"excerpt":{"rendered":"<p>Ministri i Drejt\u00ebsis\u00eb Manja e deputet\u00ebt e PD-s\u00eb jan\u00eb p\u00ebrplasur n\u00eb mbledhjen e Komisionit t\u00eb Siguris\u00eb Komb\u00ebtare lidhur me projektin e qeveris\u00eb p\u00ebr aministi n\u00eb burgje. Manja tha se amnistia n\u00eb burgje n\u00eb periudh\u00ebn e fundit t\u00eb vitit \u00ebsht\u00eb tradit\u00eb q\u00eb \u00ebsht\u00eb ushtruar her\u00eb pas here q\u00eb prej vitit 2013. Ai shtoi se amnistia po [&hellip;]<\/p>\n","protected":false,"gt_translate_keys":[{"key":"rendered","format":"html"}]},"author":51,"featured_media":558395,"comment_status":"closed","ping_status":"closed","sticky":false,"template":"","format":"standard","meta":{"footnotes":""},"categories":[65,13],"tags":[],"class_list":["post-558394","post","type-post","status-publish","format-standard","has-post-thumbnail","hentry","category-lajme","category-te-fundit"],"gt_translate_keys":[{"key":"link","format":"url"}],"_links":{"self":[{"href":"https:\/\/www.hashtag.al\/index.php\/wp-json\/wp\/v2\/posts\/558394","targetHints":{"allow":["GET"]}}],"collection":[{"href":"https:\/\/www.hashtag.al\/index.php\/wp-json\/wp\/v2\/posts"}],"about":[{"href":"https:\/\/www.hashtag.al\/index.php\/wp-json\/wp\/v2\/types\/post"}],"author":[{"embeddable":true,"href":"https:\/\/www.hashtag.al\/index.php\/wp-json\/wp\/v2\/users\/51"}],"replies":[{"embeddable":true,"href":"https:\/\/www.hashtag.al\/index.php\/wp-json\/wp\/v2\/comments?post=558394"}],"version-history":[{"count":0,"href":"https:\/\/www.hashtag.al\/index.php\/wp-json\/wp\/v2\/posts\/558394\/revisions"}],"wp:featuredmedia":[{"embeddable":true,"href":"https:\/\/www.hashtag.al\/index.php\/wp-json\/wp\/v2\/media\/558395"}],"wp:attachment":[{"href":"https:\/\/www.hashtag.al\/index.php\/wp-json\/wp\/v2\/media?parent=558394"}],"wp:term":[{"taxonomy":"category","embeddable":true,"href":"https:\/\/www.hashtag.al\/index.php\/wp-json\/wp\/v2\/categories?post=558394"},{"taxonomy":"post_tag","embeddable":true,"href":"https:\/\/www.hashtag.al\/index.php\/wp-json\/wp\/v2\/tags?post=558394"}],"curies":[{"name":"wp","href":"https:\/\/api.w.org\/{rel}","templated":true}]}}