{"id":558261,"date":"2022-10-30T17:27:25","date_gmt":"2022-10-30T16:27:25","guid":{"rendered":"https:\/\/www.hashtag.al\/?p=558261"},"modified":"2022-10-30T17:27:25","modified_gmt":"2022-10-30T16:27:25","slug":"sulmet-me-bomba-ne-somali-vrasin-100-njerez","status":"publish","type":"post","link":"https:\/\/www.hashtag.al\/index.php\/2022\/10\/30\/sulmet-me-bomba-ne-somali-vrasin-100-njerez\/","title":{"rendered":"Sulmet me bomba n\u00eb Somali vrasin 100 njer\u00ebz","gt_translate_keys":[{"key":"rendered","format":"text"}]},"content":{"rendered":"<p><span style=\"color: #000000;\"><a href=\"https:\/\/www.hashtag.al\/wp-content\/uploads\/2022\/10\/SOMALI-1.jpg\"><img loading=\"lazy\" decoding=\"async\" class=\"aligncenter size-full wp-image-558262\" src=\"https:\/\/www.hashtag.al\/wp-content\/uploads\/2022\/10\/SOMALI-1.jpg\" alt=\"\" width=\"775\" height=\"435\" srcset=\"https:\/\/www.hashtag.al\/wp-content\/uploads\/2022\/10\/SOMALI-1.jpg 775w, https:\/\/www.hashtag.al\/wp-content\/uploads\/2022\/10\/SOMALI-1-300x168.jpg 300w, https:\/\/www.hashtag.al\/wp-content\/uploads\/2022\/10\/SOMALI-1-768x431.jpg 768w\" sizes=\"auto, (max-width: 775px) 100vw, 775px\" \/><\/a><\/span><\/p>\n<p><span style=\"color: #000000;\">Shp\u00ebrthimet e dy makinave bomb\u00eb pran\u00eb nj\u00eb kryq\u00ebzimi t\u00eb ngarkuar n\u00eb kryeqytetin e Somalis\u00eb, Mogadishu, vran\u00eb t\u00eb pakt\u00ebn 100 njer\u00ebz. K\u00ebshtu ka njoftuar presidenti i vendit Hassan Sheikh Mohamud.<\/span><\/p>\n<p><span style=\"color: #000000;\">Ai \u00ebsht\u00eb shprehur se midis viktimave<em> \u201cq\u00eb u masakruan ishin edhe n\u00ebna me f\u00ebmij\u00ebt e tyre n\u00eb krah\u00eb\u201d.<\/em><\/span><\/p>\n<p><span style=\"color: #000000;\">Si\u00e7 shkruan <span style=\"color: #0000ff;\"><a style=\"color: #0000ff;\" href=\"https:\/\/www.bbc.com\/news\/world-africa-63445415\">BBC<\/a><\/span>, presidendi b\u00ebri apel p\u00ebr ndihm\u00eb mjek\u00ebsore nd\u00ebrkomb\u00ebtare p\u00ebr t&#8217;u marr\u00eb me 300 t\u00eb plagosurit.<\/span><\/p>\n<p><span style=\"color: #000000;\">Ai faj\u00ebsoi grupin militant al-Shabab p\u00ebr sulmin e s\u00eb shtun\u00ebs, i cili kishte n\u00eb sh\u00ebnjest\u00ebr Ministrin\u00eb e Arsimit. Nj\u00eb deg\u00eb e al-Kaed\u00ebs, al-Shabab \u00ebsht\u00eb p\u00ebrfshir\u00eb n\u00eb nj\u00eb konflikt t\u00eb gjat\u00eb me qeverin\u00eb federale somaleze.<\/span><\/p>\n<p><span style=\"color: #000000;\">Presidenti Mohamud, i cili ka pes\u00eb muaj n\u00eb pushtet, premtoi &#8220;<em>luft\u00eb totale<\/em>&#8221; kund\u00ebr militant\u00ebve islamik\u00eb pasi ata sulmuan nj\u00eb hotel n\u00eb Mogadishu n\u00eb gusht duke vrar\u00eb t\u00eb pakt\u00ebn 21 persona.<\/span><\/p>\n<p><span style=\"color: #000000;\">Shp\u00ebrthimet e s\u00eb shtun\u00ebs ndodh\u00ebn brenda disa minutave nga nj\u00ebra-tjetra, duke shkat\u00ebrruar nd\u00ebrtesa dhe automjete n\u00eb af\u00ebrsi.<\/span><\/p>\n<p><span style=\"color: #000000;\">I pari goditi ministrin\u00eb e Arsimit dhe m\u00eb pas i dyti ndodhi kur ekipet mjek\u00ebsore mb\u00ebrrit\u00ebn p\u00ebr t&#8217;u marr\u00eb me pasojat.<\/span><\/p>\n<p><span style=\"color: #000000;\">Nj\u00eb kamion shp\u00ebrtheu n\u00eb t\u00eb nj\u00ebjt\u00ebn kryq\u00ebzim pothuajse sakt\u00ebsisht pes\u00eb vjet m\u00eb par\u00eb, duke l\u00ebn\u00eb m\u00eb shum\u00eb se 500 njer\u00ebz t\u00eb vdekur &#8211; sulmi m\u00eb i keq i till\u00eb n\u00eb historin\u00eb e vendit.<\/span><\/p>\n<p><span style=\"color: #000000;\">Pas sulmit t\u00eb s\u00eb shtun\u00ebs, qindra njer\u00ebz jan\u00eb mbledhur pran\u00eb zon\u00ebs, duke k\u00ebrkuar p\u00ebr an\u00ebtar\u00ebt e humbur t\u00eb familjes. Mes t\u00eb vrar\u00ebve ishte edhe nj\u00eb gazetar i njohur dhe oficer i lart\u00eb policie.<\/span><\/p>\n<p><span style=\"color: #000000;\"><em>&#8220;Un\u00eb jam k\u00ebtu p\u00ebr t&#8217;i th\u00ebn\u00eb popullit somalez se sulme t\u00eb tilla t\u00eb tetorit nuk do t\u00eb ndodhin m\u00eb, me d\u00ebshir\u00ebn e Zotit.&#8221;-<\/em> tha Presidenti Mohamud pasi vizitoi sken\u00ebn e sulmit.<\/span><\/p>\n","protected":false,"gt_translate_keys":[{"key":"rendered","format":"html"}]},"excerpt":{"rendered":"<p>Shp\u00ebrthimet e dy makinave bomb\u00eb pran\u00eb nj\u00eb kryq\u00ebzimi t\u00eb ngarkuar n\u00eb kryeqytetin e Somalis\u00eb, Mogadishu, vran\u00eb t\u00eb pakt\u00ebn 100 njer\u00ebz. K\u00ebshtu ka njoftuar presidenti i vendit Hassan Sheikh Mohamud. Ai \u00ebsht\u00eb shprehur se midis viktimave \u201cq\u00eb u masakruan ishin edhe n\u00ebna me f\u00ebmij\u00ebt e tyre n\u00eb krah\u00eb\u201d. Si\u00e7 shkruan BBC, presidendi b\u00ebri apel p\u00ebr ndihm\u00eb [&hellip;]<\/p>\n","protected":false,"gt_translate_keys":[{"key":"rendered","format":"html"}]},"author":30,"featured_media":558262,"comment_status":"closed","ping_status":"closed","sticky":false,"template":"","format":"standard","meta":{"footnotes":""},"categories":[6,13],"tags":[],"class_list":["post-558261","post","type-post","status-publish","format-standard","has-post-thumbnail","hentry","category-nderkombetare","category-te-fundit"],"gt_translate_keys":[{"key":"link","format":"url"}],"_links":{"self":[{"href":"https:\/\/www.hashtag.al\/index.php\/wp-json\/wp\/v2\/posts\/558261","targetHints":{"allow":["GET"]}}],"collection":[{"href":"https:\/\/www.hashtag.al\/index.php\/wp-json\/wp\/v2\/posts"}],"about":[{"href":"https:\/\/www.hashtag.al\/index.php\/wp-json\/wp\/v2\/types\/post"}],"author":[{"embeddable":true,"href":"https:\/\/www.hashtag.al\/index.php\/wp-json\/wp\/v2\/users\/30"}],"replies":[{"embeddable":true,"href":"https:\/\/www.hashtag.al\/index.php\/wp-json\/wp\/v2\/comments?post=558261"}],"version-history":[{"count":0,"href":"https:\/\/www.hashtag.al\/index.php\/wp-json\/wp\/v2\/posts\/558261\/revisions"}],"wp:featuredmedia":[{"embeddable":true,"href":"https:\/\/www.hashtag.al\/index.php\/wp-json\/wp\/v2\/media\/558262"}],"wp:attachment":[{"href":"https:\/\/www.hashtag.al\/index.php\/wp-json\/wp\/v2\/media?parent=558261"}],"wp:term":[{"taxonomy":"category","embeddable":true,"href":"https:\/\/www.hashtag.al\/index.php\/wp-json\/wp\/v2\/categories?post=558261"},{"taxonomy":"post_tag","embeddable":true,"href":"https:\/\/www.hashtag.al\/index.php\/wp-json\/wp\/v2\/tags?post=558261"}],"curies":[{"name":"wp","href":"https:\/\/api.w.org\/{rel}","templated":true}]}}