{"id":558252,"date":"2022-10-30T16:20:36","date_gmt":"2022-10-30T15:20:36","guid":{"rendered":"https:\/\/www.hashtag.al\/?p=558252"},"modified":"2022-10-30T16:20:36","modified_gmt":"2022-10-30T15:20:36","slug":"tragjedia-e-halloween-it-ne-korene-e-jugut-berisha-ngushellime-per-familjet-e-viktimave-lutem-per-sherimin-e-te-plagosurve","status":"publish","type":"post","link":"https:\/\/www.hashtag.al\/index.php\/2022\/10\/30\/tragjedia-e-halloween-it-ne-korene-e-jugut-berisha-ngushellime-per-familjet-e-viktimave-lutem-per-sherimin-e-te-plagosurve\/","title":{"rendered":"Tragjedia e Halloween-it n\u00eb Koren\u00eb e Jugut, Berisha: Ngush\u00ebllime p\u00ebr familjet e viktimave, lutem p\u00ebr sh\u00ebrimin e t\u00eb plagosurve","gt_translate_keys":[{"key":"rendered","format":"text"}]},"content":{"rendered":"<p><span style=\"color: #000000;\"><a href=\"https:\/\/www.hashtag.al\/wp-content\/uploads\/2022\/09\/sali-berisha-5.jpg\"><img loading=\"lazy\" decoding=\"async\" class=\"aligncenter size-full wp-image-551939\" src=\"https:\/\/www.hashtag.al\/wp-content\/uploads\/2022\/09\/sali-berisha-5.jpg\" alt=\"\" width=\"1024\" height=\"683\" srcset=\"https:\/\/www.hashtag.al\/wp-content\/uploads\/2022\/09\/sali-berisha-5.jpg 1024w, https:\/\/www.hashtag.al\/wp-content\/uploads\/2022\/09\/sali-berisha-5-300x200.jpg 300w, https:\/\/www.hashtag.al\/wp-content\/uploads\/2022\/09\/sali-berisha-5-768x512.jpg 768w\" sizes=\"auto, (max-width: 1024px) 100vw, 1024px\" \/><\/a><br \/>\n<\/span><\/p>\n<p><span style=\"color: #000000;\">Kryetari i Partis\u00eb Demokratike Sali Berisha ka reaguar n\u00eb lidhje me tragjedin\u00eb q\u00eb ka ndodhur n\u00eb kryeqytetin e Kores\u00eb s\u00eb Jugut, Seul, ku mbi 150 persona humb\u00ebn jet\u00ebn pasi u shtyp\u00ebn me nj\u00ebri-tjetrin nd\u00ebrsa festonin Halloween-in.<\/span><\/p>\n<p><span style=\"color: #000000;\">N\u00eb nj\u00eb postim n\u00eb Facebook, Berisha shpreh ngush\u00ebllimet e tij p\u00ebr familjet e viktimave dhe shton se lutet p\u00ebr sh\u00ebrimin e atyre q\u00eb mbet\u00ebn t\u00eb plagosur n\u00eb k\u00ebt\u00eb tragjedi.<\/span><\/p>\n<p><em><span style=\"color: #000000;\">\u201cNj\u00eb tragjedi e v\u00ebrtet\u00eb n\u00eb fest\u00ebn e Halloween n\u00eb Seul!<\/span><\/em><\/p>\n<p><em><span style=\"color: #000000;\">T\u00eb dashur miq,<\/span><\/em><\/p>\n<p><em><span style=\"color: #000000;\">Mbi 150 persona kan\u00eb vdekur dhe mbi 80 jan\u00eb plagosur n\u00eb nj\u00eb shtypje masive t\u00eb mas\u00ebs s\u00eb madhe t\u00eb njer\u00ebzve q\u00eb po festonin Halloween-in n\u00eb Seul n\u00eb Koren\u00eb e Jugut.<\/span><\/em><\/p>\n<p><span style=\"color: #000000;\"><em>Me k\u00ebt\u00eb rast, i shpreh ngush\u00ebllimet me t\u00eb ndjera familjeve t\u00eb viktimave q\u00eb humb\u00ebn jet\u00ebn n\u00eb k\u00ebt\u00eb tragjedi t\u00eb r\u00ebnd\u00eb, si dhe autoriteteve t\u00eb vendit dhe lutem p\u00ebr sh\u00ebrimin e plot\u00eb t\u00eb t\u00eb plagosurve.\u201d-<\/em> shkruan Berisha.<\/span><\/p>\n<p><span style=\"color: #000000;\">Ky reagim i kryedemokratit vjen pasi t\u00eb pakt\u00ebn 151 persona raportohet se kan\u00eb humbur jet\u00ebn n\u00eb Seul pasi nj\u00eb turm\u00eb njer\u00ebzish q\u00eb ishin mbledhur p\u00ebr t\u00eb festuar Halloween-in n\u00eb nj\u00eb rrugic\u00eb t\u00eb ngusht\u00eb, p\u00ebrfunduan duke u shtypur me nj\u00ebri-tjetrin.<\/span><\/p>\n<p><span style=\"color: #000000;\">Mbi 100 mij\u00eb persona, shumica prej tyre t\u00eb maskuar p\u00ebr fest\u00eb, ishin mbledhur t\u00eb shtun\u00ebn mbr\u00ebma n\u00eb at\u00eb q\u00eb do t\u00eb ishte festa e par\u00eb e Halloween-it n\u00eb tre vite.<\/span><\/p>\n<p><span style=\"color: #000000;\">Mediat n\u00eb vend raportuan p\u00ebr skena kaotike t\u00eb shkaktuara nga numri i madh i njer\u00ebzve n\u00eb rrug\u00eb p\u00ebrpara se t\u00eb ndodhte incidenti tragjik, shum\u00eb pak pas or\u00ebs 22.00.<\/span><\/p>\n<p><span style=\"color: #000000;\">Numri i viktimave mund t\u00eb rritet m\u00eb tej pasi, sipas raportimeve, 20 nga 82 t\u00eb plagosurit jan\u00eb n\u00eb gjendje t\u00eb r\u00ebnd\u00eb n\u00eb spitalet p\u00ebrreth kryeqytetit t\u00eb Kores\u00eb s\u00eb Jugut.\u00a0<\/span><\/p>\n","protected":false,"gt_translate_keys":[{"key":"rendered","format":"html"}]},"excerpt":{"rendered":"<p>Kryetari i Partis\u00eb Demokratike Sali Berisha ka reaguar n\u00eb lidhje me tragjedin\u00eb q\u00eb ka ndodhur n\u00eb kryeqytetin e Kores\u00eb s\u00eb Jugut, Seul, ku mbi 150 persona humb\u00ebn jet\u00ebn pasi u shtyp\u00ebn me nj\u00ebri-tjetrin nd\u00ebrsa festonin Halloween-in. N\u00eb nj\u00eb postim n\u00eb Facebook, Berisha shpreh ngush\u00ebllimet e tij p\u00ebr familjet e viktimave dhe shton se lutet p\u00ebr [&hellip;]<\/p>\n","protected":false,"gt_translate_keys":[{"key":"rendered","format":"html"}]},"author":30,"featured_media":551939,"comment_status":"closed","ping_status":"closed","sticky":false,"template":"","format":"standard","meta":{"footnotes":""},"categories":[65,13],"tags":[],"class_list":["post-558252","post","type-post","status-publish","format-standard","has-post-thumbnail","hentry","category-lajme","category-te-fundit"],"gt_translate_keys":[{"key":"link","format":"url"}],"_links":{"self":[{"href":"https:\/\/www.hashtag.al\/index.php\/wp-json\/wp\/v2\/posts\/558252","targetHints":{"allow":["GET"]}}],"collection":[{"href":"https:\/\/www.hashtag.al\/index.php\/wp-json\/wp\/v2\/posts"}],"about":[{"href":"https:\/\/www.hashtag.al\/index.php\/wp-json\/wp\/v2\/types\/post"}],"author":[{"embeddable":true,"href":"https:\/\/www.hashtag.al\/index.php\/wp-json\/wp\/v2\/users\/30"}],"replies":[{"embeddable":true,"href":"https:\/\/www.hashtag.al\/index.php\/wp-json\/wp\/v2\/comments?post=558252"}],"version-history":[{"count":0,"href":"https:\/\/www.hashtag.al\/index.php\/wp-json\/wp\/v2\/posts\/558252\/revisions"}],"wp:featuredmedia":[{"embeddable":true,"href":"https:\/\/www.hashtag.al\/index.php\/wp-json\/wp\/v2\/media\/551939"}],"wp:attachment":[{"href":"https:\/\/www.hashtag.al\/index.php\/wp-json\/wp\/v2\/media?parent=558252"}],"wp:term":[{"taxonomy":"category","embeddable":true,"href":"https:\/\/www.hashtag.al\/index.php\/wp-json\/wp\/v2\/categories?post=558252"},{"taxonomy":"post_tag","embeddable":true,"href":"https:\/\/www.hashtag.al\/index.php\/wp-json\/wp\/v2\/tags?post=558252"}],"curies":[{"name":"wp","href":"https:\/\/api.w.org\/{rel}","templated":true}]}}