{"id":558240,"date":"2022-10-30T15:09:45","date_gmt":"2022-10-30T14:09:45","guid":{"rendered":"https:\/\/www.hashtag.al\/?p=558240"},"modified":"2022-10-30T15:11:43","modified_gmt":"2022-10-30T14:11:43","slug":"rama-godet-top-channel-gjobaxhinj-ekranesh","status":"publish","type":"post","link":"https:\/\/www.hashtag.al\/index.php\/2022\/10\/30\/rama-godet-top-channel-gjobaxhinj-ekranesh\/","title":{"rendered":"Rama godet Top Channel: Gjobaxhinj ekranesh","gt_translate_keys":[{"key":"rendered","format":"text"}]},"content":{"rendered":"<p><span style=\"color: #000000;\"><a style=\"color: #000000;\" href=\"https:\/\/www.hashtag.al\/wp-content\/uploads\/2022\/10\/rama-top-channel.jpeg\"><img loading=\"lazy\" decoding=\"async\" class=\"aligncenter size-full wp-image-558241\" src=\"https:\/\/www.hashtag.al\/wp-content\/uploads\/2022\/10\/rama-top-channel.jpeg\" alt=\"\" width=\"1600\" height=\"820\" srcset=\"https:\/\/www.hashtag.al\/wp-content\/uploads\/2022\/10\/rama-top-channel.jpeg 1600w, https:\/\/www.hashtag.al\/wp-content\/uploads\/2022\/10\/rama-top-channel-300x154.jpeg 300w, https:\/\/www.hashtag.al\/wp-content\/uploads\/2022\/10\/rama-top-channel-1024x525.jpeg 1024w, https:\/\/www.hashtag.al\/wp-content\/uploads\/2022\/10\/rama-top-channel-768x394.jpeg 768w, https:\/\/www.hashtag.al\/wp-content\/uploads\/2022\/10\/rama-top-channel-1536x787.jpeg 1536w, https:\/\/www.hashtag.al\/wp-content\/uploads\/2022\/10\/rama-top-channel-568x290.jpeg 568w\" sizes=\"auto, (max-width: 1600px) 100vw, 1600px\" \/><\/a><\/span><\/p>\n<p><span style=\"color: #000000;\">Kryeministri Edi Rama ka goditur Top Channel duke shkruar se k\u00ebrkon nxitje kund\u00ebr qeveris\u00eb p\u00ebr shkak se do favore t\u00eb paligjshme.<\/span><\/p>\n<p><span style=\"color: #000000;\">Rama p\u00ebrmend tre titujsh kronike t\u00eb medias t\u00eb cilat i quan \u201ctituj lajmesh t\u00eb rreme n\u00eb ekrane private\u201d.<\/span><\/p>\n<p><span style=\"color: #000000;\">\u201c7<em>00 mij\u00eb shqiptar\u00eb kan\u00eb ikur 12 vitet e fundit\u201d-\u201c7 punonj\u00ebs n\u00eb dit\u00eb ikin nga policia\u201d-\u201dTre vite pas t\u00ebrmetit s\u2019kan\u00eb sht\u00ebpi\u201d. K\u00ebta jan\u00eb tituj lajmesh t\u00eb rreme n\u00eb ekrane private komb\u00ebtare q\u00eb kan\u00eb nj\u00eb mision: Dizinformim e nxitje kund\u00ebr qeveris\u00eb! Arsyeja? Duan favore t\u00eb paligjshme!<\/em><\/span><\/p>\n<p><span style=\"color: #000000;\"><em>Aleanca e Rublave \u00ebsht\u00eb p\u00ebrdit\u00eb e m\u00eb e qart\u00eb, \u00e7do dit\u00eb e m\u00eb e t\u00ebrbuar, dit\u00eb pas dite m\u00eb e d\u00ebshp\u00ebruar! Nj\u00eb z\u00ebdh\u00ebn\u00ebs i saj, ngr\u00ebn\u00ebs i paepur i turpit me buk\u00eb apo i buk\u00ebs me turp: S\u2019kan\u00eb faj ata q\u00eb shpifin, po ka faj kryeministri q\u00eb s\u2019b\u00ebn transparenc\u00eb p\u00ebr \u00e7do shpifje! DavaRublash<\/em>\u201d-shkruan Rama.<\/span><\/p>\n<p><span style=\"color: #000000;\">Prej dhjet\u00ebra dit\u00ebsh Top Channel ka b\u00ebr\u00eb nj\u00eb seri lajmesh q\u00eb tenton t\u00eb godas\u00eb qeverin\u00eb nd\u00ebrsa n\u00eb nj\u00eb<span style=\"color: #3366ff;\"><a style=\"color: #3366ff;\" href=\"https:\/\/top-channel.tv\/2022\/10\/28\/udhetimet-me-charter-kryeministri-rama-reagon-me-neveri-por-neveri-ndaj-kujt-dhe-per-cfare\/\"> lajm<\/a><\/span> t\u00eb dy dit\u00ebve m\u00eb par\u00eb ngrinte disa pyetje pas reagimit t\u00eb Ram\u00ebs p\u00ebr udh\u00ebtimet e tij me charter,\u00a0 duke k\u00ebrkuar t\u00eb gjente se ndaj kujt ishte reagimi me neveri i kreut t\u00eb qeveris\u00eb&#8221;<\/span><\/p>\n<p><span style=\"color: #000000;\">Nuk dihet arsyeja se pse Rama dhe Top Channel kan\u00eb hyr\u00eb n\u00eb nj\u00eb p\u00ebrplasje s\u00eb bashku nd\u00ebrsa kryeministri n\u00eb postimin e tij t\u00eb sot\u00ebm thot\u00eb se \u201c<em>duan favore t\u00eb paligjshme<\/em>\u201d.<\/span><\/p>\n","protected":false,"gt_translate_keys":[{"key":"rendered","format":"html"}]},"excerpt":{"rendered":"<p>Kryeministri Edi Rama ka goditur Top Channel duke shkruar se k\u00ebrkon nxitje kund\u00ebr qeveris\u00eb p\u00ebr shkak se do favore t\u00eb paligjshme. Rama p\u00ebrmend tre titujsh kronike t\u00eb medias t\u00eb cilat i quan \u201ctituj lajmesh t\u00eb rreme n\u00eb ekrane private\u201d. \u201c700 mij\u00eb shqiptar\u00eb kan\u00eb ikur 12 vitet e fundit\u201d-\u201c7 punonj\u00ebs n\u00eb dit\u00eb ikin nga policia\u201d-\u201dTre vite [&hellip;]<\/p>\n","protected":false,"gt_translate_keys":[{"key":"rendered","format":"html"}]},"author":32,"featured_media":558241,"comment_status":"closed","ping_status":"closed","sticky":false,"template":"","format":"standard","meta":{"footnotes":""},"categories":[22,65,13],"tags":[],"class_list":["post-558240","post","type-post","status-publish","format-standard","has-post-thumbnail","hentry","category-ballina","category-lajme","category-te-fundit"],"gt_translate_keys":[{"key":"link","format":"url"}],"_links":{"self":[{"href":"https:\/\/www.hashtag.al\/index.php\/wp-json\/wp\/v2\/posts\/558240","targetHints":{"allow":["GET"]}}],"collection":[{"href":"https:\/\/www.hashtag.al\/index.php\/wp-json\/wp\/v2\/posts"}],"about":[{"href":"https:\/\/www.hashtag.al\/index.php\/wp-json\/wp\/v2\/types\/post"}],"author":[{"embeddable":true,"href":"https:\/\/www.hashtag.al\/index.php\/wp-json\/wp\/v2\/users\/32"}],"replies":[{"embeddable":true,"href":"https:\/\/www.hashtag.al\/index.php\/wp-json\/wp\/v2\/comments?post=558240"}],"version-history":[{"count":0,"href":"https:\/\/www.hashtag.al\/index.php\/wp-json\/wp\/v2\/posts\/558240\/revisions"}],"wp:featuredmedia":[{"embeddable":true,"href":"https:\/\/www.hashtag.al\/index.php\/wp-json\/wp\/v2\/media\/558241"}],"wp:attachment":[{"href":"https:\/\/www.hashtag.al\/index.php\/wp-json\/wp\/v2\/media?parent=558240"}],"wp:term":[{"taxonomy":"category","embeddable":true,"href":"https:\/\/www.hashtag.al\/index.php\/wp-json\/wp\/v2\/categories?post=558240"},{"taxonomy":"post_tag","embeddable":true,"href":"https:\/\/www.hashtag.al\/index.php\/wp-json\/wp\/v2\/tags?post=558240"}],"curies":[{"name":"wp","href":"https:\/\/api.w.org\/{rel}","templated":true}]}}