{"id":557917,"date":"2022-10-28T10:53:25","date_gmt":"2022-10-28T08:53:25","guid":{"rendered":"https:\/\/www.hashtag.al\/?p=557917"},"modified":"2022-10-28T10:53:25","modified_gmt":"2022-10-28T08:53:25","slug":"bardhi-pas-daljes-nga-spak-per-inceneratorin-e-tiranes-ska-asnje-zhvillim-personat-e-kallezuar-nga-pd-fillojne-nga-rama-e-deri-te-nepunesit","status":"publish","type":"post","link":"https:\/\/www.hashtag.al\/index.php\/2022\/10\/28\/bardhi-pas-daljes-nga-spak-per-inceneratorin-e-tiranes-ska-asnje-zhvillim-personat-e-kallezuar-nga-pd-fillojne-nga-rama-e-deri-te-nepunesit\/","title":{"rendered":"Bardhi pas daljes nga SPAK: P\u00ebr inceneratorin e Tiran\u00ebs s\u2019ka asnj\u00eb zhvillim, personat e kall\u00ebzuar nga PD fillojn\u00eb nga Rama e deri te n\u00ebpun\u00ebsit","gt_translate_keys":[{"key":"rendered","format":"text"}]},"content":{"rendered":"<p><span style=\"color: #000000;\"><img loading=\"lazy\" decoding=\"async\" class=\"aligncenter size-full wp-image-557919\" src=\"https:\/\/www.hashtag.al\/wp-content\/uploads\/2022\/10\/bardhispak2.png\" alt=\"\" width=\"1225\" height=\"596\" srcset=\"https:\/\/www.hashtag.al\/wp-content\/uploads\/2022\/10\/bardhispak2.png 1225w, https:\/\/www.hashtag.al\/wp-content\/uploads\/2022\/10\/bardhispak2-300x146.png 300w, https:\/\/www.hashtag.al\/wp-content\/uploads\/2022\/10\/bardhispak2-1024x498.png 1024w, https:\/\/www.hashtag.al\/wp-content\/uploads\/2022\/10\/bardhispak2-768x374.png 768w\" sizes=\"auto, (max-width: 1225px) 100vw, 1225px\" \/><\/span><\/p>\n<p><span style=\"color: #000000;\">Deputeti i PD-s\u00eb Bardhi tha pas daljes nga SPAK se hetimet p\u00ebr incenerator\u00ebt jasn\u00eb duke p\u00ebrparuar nd\u00ebrsa pohoi se ishte aty n\u00eb cil\u00ebsin\u00eb e kall\u00ebzuesit n\u00eb em\u00ebr t\u00eb PD-s\u00eb t\u00eb \u00e7\u00ebshtjes n\u00eb hetim. <\/span><\/p>\n<p><span style=\"color: #000000;\">Ai pohoi gjithashtu se lidhur me inceneratorin e Tiran\u00ebs nuk ka asnj\u00eb zhvillim. <\/span><\/p>\n<p><span style=\"color: #000000;\">Ish-Sekretari i selis\u00eb blu theksoi se ka k\u00ebrkuar q\u00eb materialet shtes\u00eb t\u00eb dor\u00ebzuara prej tij t\u00eb jen\u00eb pjes\u00eb e dosjes hetimore nd\u00ebrsa shtoi se personat e kall\u00ebzuar fillojn\u00eb nga kryeministri Rama deri te n\u00ebpun\u00ebsit e thjesht\u00eb.<\/span><\/p>\n<p><span style=\"color: #000000;\"><em>\u201cSot isha si kall\u00ebzues p\u00ebr inceneratorin e Elbasanit q\u00eb mesa duket \u00ebsht\u00eb duke p\u00ebrparuar n\u00eb hetime. Kam konfirmuar kall\u00ebzimin e b\u00ebr\u00eb n\u00eb em\u00ebr t\u00eb PD dhe inkurajoj SPAK p\u00ebr t\u00eb \u00e7uar para p\u00ebrgjegj\u00ebsis\u00eb p\u00ebrgjegj\u00ebsit. Jemi n\u00eb dijeni q\u00eb deri tani nuk ka zhvillim sa i p\u00ebrket inceneratorit t\u00eb Tiran\u00ebs. SPAK do t\u00eb duhet t\u00eb na kthej\u00eb mbrapsht besimin. Qytetar\u00ebt presin edhe p\u00ebr afera t\u00eb tjera korruptive. Kam k\u00ebrkuar t\u00eb merren n\u00eb cil\u00ebsin\u00eb e prov\u00ebs edhe materialet p\u00ebr incenerator\u00ebt. Ka pasur nj\u00eb shtes\u00eb n\u00eb PD dhe kam k\u00ebrkuar q\u00eb edhe materialet t\u00eb jen\u00eb pjes\u00eb e dosjes hetimore. Personat e kall\u00ebzuar fillojn\u00eb nga kryeministri e deri tek n\u00ebnpun\u00ebsit q\u00eb jan\u00eb persona p\u00ebrgjegj\u00ebs t\u00eb komisioneve n\u00eb koncensione.\u201d<\/em> &#8211; tha Bardhi.<\/span><\/p>\n","protected":false,"gt_translate_keys":[{"key":"rendered","format":"html"}]},"excerpt":{"rendered":"<p>Deputeti i PD-s\u00eb Bardhi tha pas daljes nga SPAK se hetimet p\u00ebr incenerator\u00ebt jasn\u00eb duke p\u00ebrparuar nd\u00ebrsa pohoi se ishte aty n\u00eb cil\u00ebsin\u00eb e kall\u00ebzuesit n\u00eb em\u00ebr t\u00eb PD-s\u00eb t\u00eb \u00e7\u00ebshtjes n\u00eb hetim. Ai pohoi gjithashtu se lidhur me inceneratorin e Tiran\u00ebs nuk ka asnj\u00eb zhvillim. Ish-Sekretari i selis\u00eb blu theksoi se ka k\u00ebrkuar q\u00eb [&hellip;]<\/p>\n","protected":false,"gt_translate_keys":[{"key":"rendered","format":"html"}]},"author":51,"featured_media":557919,"comment_status":"closed","ping_status":"closed","sticky":false,"template":"","format":"standard","meta":{"footnotes":""},"categories":[65,13],"tags":[],"class_list":["post-557917","post","type-post","status-publish","format-standard","has-post-thumbnail","hentry","category-lajme","category-te-fundit"],"gt_translate_keys":[{"key":"link","format":"url"}],"_links":{"self":[{"href":"https:\/\/www.hashtag.al\/index.php\/wp-json\/wp\/v2\/posts\/557917","targetHints":{"allow":["GET"]}}],"collection":[{"href":"https:\/\/www.hashtag.al\/index.php\/wp-json\/wp\/v2\/posts"}],"about":[{"href":"https:\/\/www.hashtag.al\/index.php\/wp-json\/wp\/v2\/types\/post"}],"author":[{"embeddable":true,"href":"https:\/\/www.hashtag.al\/index.php\/wp-json\/wp\/v2\/users\/51"}],"replies":[{"embeddable":true,"href":"https:\/\/www.hashtag.al\/index.php\/wp-json\/wp\/v2\/comments?post=557917"}],"version-history":[{"count":0,"href":"https:\/\/www.hashtag.al\/index.php\/wp-json\/wp\/v2\/posts\/557917\/revisions"}],"wp:featuredmedia":[{"embeddable":true,"href":"https:\/\/www.hashtag.al\/index.php\/wp-json\/wp\/v2\/media\/557919"}],"wp:attachment":[{"href":"https:\/\/www.hashtag.al\/index.php\/wp-json\/wp\/v2\/media?parent=557917"}],"wp:term":[{"taxonomy":"category","embeddable":true,"href":"https:\/\/www.hashtag.al\/index.php\/wp-json\/wp\/v2\/categories?post=557917"},{"taxonomy":"post_tag","embeddable":true,"href":"https:\/\/www.hashtag.al\/index.php\/wp-json\/wp\/v2\/tags?post=557917"}],"curies":[{"name":"wp","href":"https:\/\/api.w.org\/{rel}","templated":true}]}}