{"id":557792,"date":"2022-10-27T16:54:57","date_gmt":"2022-10-27T14:54:57","guid":{"rendered":"https:\/\/www.hashtag.al\/?p=557792"},"modified":"2022-10-27T16:54:57","modified_gmt":"2022-10-27T14:54:57","slug":"takimi-me-von-der-leyen-albin-kurti-aplikojme-per-anetaresim-ne-be-para-perfundimit-te-ketij-viti","status":"publish","type":"post","link":"https:\/\/www.hashtag.al\/index.php\/2022\/10\/27\/takimi-me-von-der-leyen-albin-kurti-aplikojme-per-anetaresim-ne-be-para-perfundimit-te-ketij-viti\/","title":{"rendered":"Takimi me Von der Leyen\/ Albin Kurti: Aplikojm\u00eb p\u00ebr an\u00ebtar\u00ebsim n\u00eb BE para p\u00ebrfundimit t\u00eb k\u00ebtij viti","gt_translate_keys":[{"key":"rendered","format":"text"}]},"content":{"rendered":"<p><span style=\"color: #000000;\"><a href=\"https:\/\/www.hashtag.al\/wp-content\/uploads\/2022\/10\/K-2.jpg\"><img loading=\"lazy\" decoding=\"async\" class=\"aligncenter size-full wp-image-557793\" src=\"https:\/\/www.hashtag.al\/wp-content\/uploads\/2022\/10\/K-2.jpg\" alt=\"\" width=\"675\" height=\"450\" srcset=\"https:\/\/www.hashtag.al\/wp-content\/uploads\/2022\/10\/K-2.jpg 675w, https:\/\/www.hashtag.al\/wp-content\/uploads\/2022\/10\/K-2-300x200.jpg 300w\" sizes=\"auto, (max-width: 675px) 100vw, 675px\" \/><\/a><\/span><\/p>\n<p><span style=\"color: #000000;\">Pas takimit q\u00eb zhvilloi sot me presidenten e Komisionit Evropian, Ursula von der Leyen, kryeministri i Kosov\u00ebs, Albin Kurti deklaroi se qeveria e tij do t\u00eb aplikoj\u00eb p\u00ebr an\u00ebtar\u00ebsim n\u00eb Bashkimin Europian p\u00ebrpara p\u00ebrfundimit t\u00eb k\u00ebtij viti.<\/span><\/p>\n<p><span style=\"color: #000000;\">Zyra e Kurtit n\u00eb nj\u00eb komunikat\u00eb p\u00ebr mediet thot\u00eb se <em>\u201cSa i p\u00ebrket rrug\u00ebs s\u00eb Republik\u00ebs s\u00eb Kosov\u00ebs drejt Bashkimit Evropian, Kryeministri Kurti tha se Kosova do t\u00eb aplikoj\u00eb p\u00ebr an\u00ebtar\u00ebsim n\u00eb Bashkimin Evropian para p\u00ebrfundimit t\u00eb k\u00ebtij viti. Ky vendim vjen si rezultat i orientimit politik dhe vleror sa i Qeveris\u00eb ashtu edhe i qytetar\u00ebve t\u00eb Republik\u00ebs t\u00eb cil\u00ebt mb\u00ebshtesin masivisht dhe plot\u00ebsisht integrimin n\u00eb BE. Nd\u00ebrkaq sa i p\u00ebrket liberalizimit t\u00eb vizave, kryeministri Kurti u shpreh se Kosova ka plot\u00ebsuar t\u00eb gjitha kriteret dhe se liberalizimi tashm\u00eb \u00ebsht\u00eb m\u00eb se meritor p\u00ebr qytetar\u00ebt e Republik\u00ebs s\u00eb Kosov\u00ebs.\u201d<\/em><\/span><\/p>\n<p><span style=\"color: #000000;\">N\u00eb k\u00ebt\u00eb takim, Kurti e njoftoi von der Leyen p\u00ebr \u201c<em>avancimin e vazhduesh\u00ebm q\u00eb Kosova po sh\u00ebnon n\u00eb indikator\u00ebt ekonomik\u00eb dhe demokratik\u00eb, dhe p\u00ebr pun\u00ebn e qeveris\u00eb n\u00eb reform\u00ebn n\u00eb drejt\u00ebsi, p\u00ebrmbushjen e agjend\u00ebs evropiane dhe p\u00ebr luftimin e krimi dhe korrupsionit\u201d.<\/em><\/span><\/p>\n<p><span style=\"color: #000000;\">Gjithashtu, Kurti fal\u00ebnderoi BE-n\u00eb p\u00ebr 75 milion\u00eb eurot e ndara p\u00ebr Kosov\u00ebn n\u00eb ballafaqimin me kriz\u00ebn energjetike.<\/span><\/p>\n","protected":false,"gt_translate_keys":[{"key":"rendered","format":"html"}]},"excerpt":{"rendered":"<p>Pas takimit q\u00eb zhvilloi sot me presidenten e Komisionit Evropian, Ursula von der Leyen, kryeministri i Kosov\u00ebs, Albin Kurti deklaroi se qeveria e tij do t\u00eb aplikoj\u00eb p\u00ebr an\u00ebtar\u00ebsim n\u00eb Bashkimin Europian p\u00ebrpara p\u00ebrfundimit t\u00eb k\u00ebtij viti. Zyra e Kurtit n\u00eb nj\u00eb komunikat\u00eb p\u00ebr mediet thot\u00eb se \u201cSa i p\u00ebrket rrug\u00ebs s\u00eb Republik\u00ebs s\u00eb Kosov\u00ebs [&hellip;]<\/p>\n","protected":false,"gt_translate_keys":[{"key":"rendered","format":"html"}]},"author":30,"featured_media":557793,"comment_status":"closed","ping_status":"closed","sticky":false,"template":"","format":"standard","meta":{"footnotes":""},"categories":[149,13],"tags":[],"class_list":["post-557792","post","type-post","status-publish","format-standard","has-post-thumbnail","hentry","category-kosoverajon","category-te-fundit"],"gt_translate_keys":[{"key":"link","format":"url"}],"_links":{"self":[{"href":"https:\/\/www.hashtag.al\/index.php\/wp-json\/wp\/v2\/posts\/557792","targetHints":{"allow":["GET"]}}],"collection":[{"href":"https:\/\/www.hashtag.al\/index.php\/wp-json\/wp\/v2\/posts"}],"about":[{"href":"https:\/\/www.hashtag.al\/index.php\/wp-json\/wp\/v2\/types\/post"}],"author":[{"embeddable":true,"href":"https:\/\/www.hashtag.al\/index.php\/wp-json\/wp\/v2\/users\/30"}],"replies":[{"embeddable":true,"href":"https:\/\/www.hashtag.al\/index.php\/wp-json\/wp\/v2\/comments?post=557792"}],"version-history":[{"count":0,"href":"https:\/\/www.hashtag.al\/index.php\/wp-json\/wp\/v2\/posts\/557792\/revisions"}],"wp:featuredmedia":[{"embeddable":true,"href":"https:\/\/www.hashtag.al\/index.php\/wp-json\/wp\/v2\/media\/557793"}],"wp:attachment":[{"href":"https:\/\/www.hashtag.al\/index.php\/wp-json\/wp\/v2\/media?parent=557792"}],"wp:term":[{"taxonomy":"category","embeddable":true,"href":"https:\/\/www.hashtag.al\/index.php\/wp-json\/wp\/v2\/categories?post=557792"},{"taxonomy":"post_tag","embeddable":true,"href":"https:\/\/www.hashtag.al\/index.php\/wp-json\/wp\/v2\/tags?post=557792"}],"curies":[{"name":"wp","href":"https:\/\/api.w.org\/{rel}","templated":true}]}}