{"id":557731,"date":"2022-10-27T13:00:41","date_gmt":"2022-10-27T11:00:41","guid":{"rendered":"https:\/\/www.hashtag.al\/?p=557731"},"modified":"2022-10-27T13:00:41","modified_gmt":"2022-10-27T11:00:41","slug":"do-mbani-pergjegjesi-nese-humbisni-berisha-me-mua-ka-vetem-fitore-me-bashen-kishte-vetem-humbje","status":"publish","type":"post","link":"https:\/\/www.hashtag.al\/index.php\/2022\/10\/27\/do-mbani-pergjegjesi-nese-humbisni-berisha-me-mua-ka-vetem-fitore-me-bashen-kishte-vetem-humbje\/","title":{"rendered":"Do mbani p\u00ebrgjegj\u00ebsi n\u00ebse humbisni? Berisha: Me mua ka vet\u00ebm fitore, me Bash\u00ebn kishte vet\u00ebm humbje","gt_translate_keys":[{"key":"rendered","format":"text"}]},"content":{"rendered":"<p><span style=\"color: #000000;\"><a href=\"https:\/\/www.hashtag.al\/wp-content\/uploads\/2022\/10\/WhatsApp-Image-2022-10-27-at-12.40.13-PM.jpeg\"><img loading=\"lazy\" decoding=\"async\" class=\"aligncenter size-full wp-image-557732\" src=\"https:\/\/www.hashtag.al\/wp-content\/uploads\/2022\/10\/WhatsApp-Image-2022-10-27-at-12.40.13-PM.jpeg\" alt=\"\" width=\"1600\" height=\"1067\" srcset=\"https:\/\/www.hashtag.al\/wp-content\/uploads\/2022\/10\/WhatsApp-Image-2022-10-27-at-12.40.13-PM.jpeg 1600w, https:\/\/www.hashtag.al\/wp-content\/uploads\/2022\/10\/WhatsApp-Image-2022-10-27-at-12.40.13-PM-300x200.jpeg 300w, https:\/\/www.hashtag.al\/wp-content\/uploads\/2022\/10\/WhatsApp-Image-2022-10-27-at-12.40.13-PM-1024x683.jpeg 1024w, https:\/\/www.hashtag.al\/wp-content\/uploads\/2022\/10\/WhatsApp-Image-2022-10-27-at-12.40.13-PM-768x512.jpeg 768w, https:\/\/www.hashtag.al\/wp-content\/uploads\/2022\/10\/WhatsApp-Image-2022-10-27-at-12.40.13-PM-1536x1024.jpeg 1536w\" sizes=\"auto, (max-width: 1600px) 100vw, 1600px\" \/><\/a><\/span><\/p>\n<p><span style=\"color: #000000;\">N\u00eb konferenc\u00ebn e tyre t\u00eb p\u00ebrbashk\u00ebt p\u00ebr mediet, kryetari i PD-s\u00eb Sali Berisha dhe ai i PL-s\u00eb, Ilir Meta u shpreh\u00ebn t\u00eb sigurt\u00eb n\u00eb fitoren e 14 Majit.<\/span><\/p>\n<p><span style=\"color: #000000;\">Ata u pyet\u00ebn nga gaetar\u00ebt n\u00ebse do t\u00eb mbajn\u00eb p\u00ebrgjegj\u00ebsi n\u00ebse humbasin n\u00eb zgjedhje, por Berisha theksoi se n\u00eb marr\u00ebveshje me t\u00eb ka vet\u00ebm fitore.<\/span><\/p>\n<p><em><span style=\"color: #000000;\">\u201cMe Bash\u00ebn vet\u00ebm humbje ka pasur, me Berish\u00ebn marr\u00ebveshjet sjellin vet\u00ebm fitore. <\/span><\/em><em><span style=\"color: #000000;\">Ky \u00ebsht\u00eb realiteti, kaq kisha. <\/span><\/em><span style=\"color: #000000;\"><em>D\u00ebshmia m\u00eb flagrante \u00ebsht\u00eb incidenti \u2018Basha\u2019.\u201d<\/em>&#8211; tha Basha.<\/span><\/p>\n<p><span style=\"color: #000000;\">M\u00eb pas direkt ia priti Meta:<em> \u201cMadje fitore duke pasur kandidat Bash\u00ebn. Ka p\u00ebrfunduar nj\u00ebher\u00eb e mir\u00eb koha kur rezultati i ndeshjes trukohej nga Rama para se ajo t\u00eb fillonte. Kjo \u00ebsht\u00eb nj\u00eb ndeshje e v\u00ebrtet\u00eb, \u00ebsht\u00eb ekzistenciale p\u00ebr qytetar\u00ebt tan\u00eb. i shohim efektet e shpopullimit, jan\u00eb t\u00eb tmerrshme. \u00cbsht\u00eb shume e qart\u00eb kush \u00ebsht\u00eb i tmerruar nga kjo marr\u00ebveshje. \u00cbsht\u00eb nj\u00eb ndeshje jo vet\u00ebm p\u00ebr sot, por edhe p\u00ebr t\u00eb ardhmen.\u201d<\/em><\/span><\/p>\n","protected":false,"gt_translate_keys":[{"key":"rendered","format":"html"}]},"excerpt":{"rendered":"<p>N\u00eb konferenc\u00ebn e tyre t\u00eb p\u00ebrbashk\u00ebt p\u00ebr mediet, kryetari i PD-s\u00eb Sali Berisha dhe ai i PL-s\u00eb, Ilir Meta u shpreh\u00ebn t\u00eb sigurt\u00eb n\u00eb fitoren e 14 Majit. Ata u pyet\u00ebn nga gaetar\u00ebt n\u00ebse do t\u00eb mbajn\u00eb p\u00ebrgjegj\u00ebsi n\u00ebse humbasin n\u00eb zgjedhje, por Berisha theksoi se n\u00eb marr\u00ebveshje me t\u00eb ka vet\u00ebm fitore. \u201cMe Bash\u00ebn [&hellip;]<\/p>\n","protected":false,"gt_translate_keys":[{"key":"rendered","format":"html"}]},"author":30,"featured_media":557732,"comment_status":"closed","ping_status":"closed","sticky":false,"template":"","format":"standard","meta":{"footnotes":""},"categories":[65,13],"tags":[],"class_list":["post-557731","post","type-post","status-publish","format-standard","has-post-thumbnail","hentry","category-lajme","category-te-fundit"],"gt_translate_keys":[{"key":"link","format":"url"}],"_links":{"self":[{"href":"https:\/\/www.hashtag.al\/index.php\/wp-json\/wp\/v2\/posts\/557731","targetHints":{"allow":["GET"]}}],"collection":[{"href":"https:\/\/www.hashtag.al\/index.php\/wp-json\/wp\/v2\/posts"}],"about":[{"href":"https:\/\/www.hashtag.al\/index.php\/wp-json\/wp\/v2\/types\/post"}],"author":[{"embeddable":true,"href":"https:\/\/www.hashtag.al\/index.php\/wp-json\/wp\/v2\/users\/30"}],"replies":[{"embeddable":true,"href":"https:\/\/www.hashtag.al\/index.php\/wp-json\/wp\/v2\/comments?post=557731"}],"version-history":[{"count":0,"href":"https:\/\/www.hashtag.al\/index.php\/wp-json\/wp\/v2\/posts\/557731\/revisions"}],"wp:featuredmedia":[{"embeddable":true,"href":"https:\/\/www.hashtag.al\/index.php\/wp-json\/wp\/v2\/media\/557732"}],"wp:attachment":[{"href":"https:\/\/www.hashtag.al\/index.php\/wp-json\/wp\/v2\/media?parent=557731"}],"wp:term":[{"taxonomy":"category","embeddable":true,"href":"https:\/\/www.hashtag.al\/index.php\/wp-json\/wp\/v2\/categories?post=557731"},{"taxonomy":"post_tag","embeddable":true,"href":"https:\/\/www.hashtag.al\/index.php\/wp-json\/wp\/v2\/tags?post=557731"}],"curies":[{"name":"wp","href":"https:\/\/api.w.org\/{rel}","templated":true}]}}