{"id":557342,"date":"2022-10-25T14:52:16","date_gmt":"2022-10-25T12:52:16","guid":{"rendered":"https:\/\/www.hashtag.al\/?p=557342"},"modified":"2022-10-25T14:52:16","modified_gmt":"2022-10-25T12:52:16","slug":"pd-dorezon-projektligjin-per-reformen-territoriale-bylykbashi-propozuam-97-bashki","status":"publish","type":"post","link":"https:\/\/www.hashtag.al\/index.php\/2022\/10\/25\/pd-dorezon-projektligjin-per-reformen-territoriale-bylykbashi-propozuam-97-bashki\/","title":{"rendered":"PD dor\u00ebzon projektligjin p\u00ebr Reform\u00ebn Territoriale\/ Bylykbashi: Propozuam 97 bashki","gt_translate_keys":[{"key":"rendered","format":"text"}]},"content":{"rendered":"<p><span style=\"color: #000000;\"><a href=\"https:\/\/www.hashtag.al\/wp-content\/uploads\/2022\/10\/1666701163_WhatsAppImage20221025at14.30.25.jpeg\"><img loading=\"lazy\" decoding=\"async\" class=\"aligncenter size-full wp-image-557343\" src=\"https:\/\/www.hashtag.al\/wp-content\/uploads\/2022\/10\/1666701163_WhatsAppImage20221025at14.30.25.jpeg\" alt=\"\" width=\"780\" height=\"440\" srcset=\"https:\/\/www.hashtag.al\/wp-content\/uploads\/2022\/10\/1666701163_WhatsAppImage20221025at14.30.25.jpeg 780w, https:\/\/www.hashtag.al\/wp-content\/uploads\/2022\/10\/1666701163_WhatsAppImage20221025at14.30.25-300x169.jpeg 300w, https:\/\/www.hashtag.al\/wp-content\/uploads\/2022\/10\/1666701163_WhatsAppImage20221025at14.30.25-768x433.jpeg 768w\" sizes=\"auto, (max-width: 780px) 100vw, 780px\" \/><\/a><\/span><\/p>\n<p><span style=\"color: #000000;\">Deputeti i PD-s\u00eb Oerd Bylykbashi ka b\u00ebr\u00eb me dije se ka dor\u00ebzuar sot n\u00eb Kuvend nj\u00eb projektligj p\u00ebr Reform\u00ebn Territoriale.<\/span><\/p>\n<p><span style=\"color: #000000;\">N\u00eb nj\u00eb prononcim p\u00ebr mediet, ai tha se propozimi i PD-s\u00eb e ndan territorin n\u00eb 97 bashki.<\/span><\/p>\n<p><em><span style=\"color: #000000;\">\u201cPropozimi yn\u00eb \u00ebsht\u00eb q\u00eb zgjedhjet e ardhshme t\u00eb b\u00ebhen mbi baz\u00ebn e k\u00ebsaj ndarjeje me 97 bashki.<\/span><\/em><\/p>\n<p><em><span style=\"color: #000000;\">Kemi marr\u00eb gjith\u00eb koh\u00ebn e nevojshme q\u00eb t\u00eb rakordojm\u00eb maksimumin e q\u00ebndrimeve, t\u00eb marrim t\u00eb gjith\u00eb kontributetet; m\u00eb her\u00ebt ka pasur nj\u00eb propozim tjet\u00ebr q\u00eb jemi t\u00eb k\u00ebnaqur q\u00eb ka ardhur n\u00eb t\u00eb nj\u00ebjtat linja si\u00e7 e nis\u00ebm ne procesin, q\u00eb numri, ndarja e bashkive t\u00eb ishte rreth 90 bashki. Pra, edhe ai propozimi tjet\u00ebr p\u00ebr 94 bashki q\u00eb \u00ebsht\u00eb b\u00ebr\u00eb nga deputet\u00eb t\u00eb tjer\u00eb demokrat\u00eb, bazohet n\u00eb t\u00eb nj\u00ebjtat kritere dhe parime q\u00eb kemi b\u00ebr\u00eb ne.<\/span><\/em><\/p>\n<p><em><span style=\"color: #000000;\">Hap\u00ebsira p\u00ebr t\u00eb rakorduar n\u00eb procesin legjislativ \u00ebsht\u00eb e plot\u00eb, por besoj q\u00eb ky num\u00ebr bashkish prej 97 bashkish q\u00eb ne propozojm\u00eb sot \u00ebsht\u00eb ai q\u00eb i jep hap\u00ebsir\u00ebn m\u00eb t\u00eb madhe, mund\u00ebsit\u00eb m\u00eb t\u00eb m\u00ebdha komuniteteve lokale. Nuk ka r\u00ebnd\u00ebsi \u00e7far\u00eb mendon qeveria, \u00e7far\u00eb mendon Kryeministri, r\u00ebnd\u00ebsi ka \u00e7far\u00eb duan njer\u00ebzit atje posht\u00eb dhe n\u00ebp\u00ebrmjet k\u00ebsaj b\u00ebjm\u00eb t\u00eb mundur nj\u00eb zhvillim harmonik.\u201d- <\/span><\/em><span style=\"color: #000000;\">tha Bylykbashi.<\/span><\/p>\n<p><a href=\"https:\/\/www.hashtag.al\/wp-content\/uploads\/2022\/10\/WhatsApp-Image-2022-10-25-at-2.30.39-PM.jpeg\"><img loading=\"lazy\" decoding=\"async\" class=\"aligncenter size-full wp-image-557344\" src=\"https:\/\/www.hashtag.al\/wp-content\/uploads\/2022\/10\/WhatsApp-Image-2022-10-25-at-2.30.39-PM.jpeg\" alt=\"\" width=\"1280\" height=\"853\" srcset=\"https:\/\/www.hashtag.al\/wp-content\/uploads\/2022\/10\/WhatsApp-Image-2022-10-25-at-2.30.39-PM.jpeg 1280w, https:\/\/www.hashtag.al\/wp-content\/uploads\/2022\/10\/WhatsApp-Image-2022-10-25-at-2.30.39-PM-300x200.jpeg 300w, https:\/\/www.hashtag.al\/wp-content\/uploads\/2022\/10\/WhatsApp-Image-2022-10-25-at-2.30.39-PM-1024x682.jpeg 1024w, https:\/\/www.hashtag.al\/wp-content\/uploads\/2022\/10\/WhatsApp-Image-2022-10-25-at-2.30.39-PM-768x512.jpeg 768w\" sizes=\"auto, (max-width: 1280px) 100vw, 1280px\" \/><\/a><a href=\"https:\/\/www.hashtag.al\/wp-content\/uploads\/2022\/10\/WhatsApp-Image-2022-10-25-at-2.30.25-PM.jpeg\"><img loading=\"lazy\" decoding=\"async\" class=\"aligncenter size-full wp-image-557345\" src=\"https:\/\/www.hashtag.al\/wp-content\/uploads\/2022\/10\/WhatsApp-Image-2022-10-25-at-2.30.25-PM.jpeg\" alt=\"\" width=\"1280\" height=\"853\" srcset=\"https:\/\/www.hashtag.al\/wp-content\/uploads\/2022\/10\/WhatsApp-Image-2022-10-25-at-2.30.25-PM.jpeg 1280w, https:\/\/www.hashtag.al\/wp-content\/uploads\/2022\/10\/WhatsApp-Image-2022-10-25-at-2.30.25-PM-300x200.jpeg 300w, https:\/\/www.hashtag.al\/wp-content\/uploads\/2022\/10\/WhatsApp-Image-2022-10-25-at-2.30.25-PM-1024x682.jpeg 1024w, https:\/\/www.hashtag.al\/wp-content\/uploads\/2022\/10\/WhatsApp-Image-2022-10-25-at-2.30.25-PM-768x512.jpeg 768w\" sizes=\"auto, (max-width: 1280px) 100vw, 1280px\" \/><\/a><a href=\"https:\/\/www.hashtag.al\/wp-content\/uploads\/2022\/10\/WhatsApp-Image-2022-10-25-at-2.30.14-PM.jpeg\"><img loading=\"lazy\" decoding=\"async\" class=\"aligncenter size-full wp-image-557346\" src=\"https:\/\/www.hashtag.al\/wp-content\/uploads\/2022\/10\/WhatsApp-Image-2022-10-25-at-2.30.14-PM.jpeg\" alt=\"\" width=\"1280\" height=\"853\" srcset=\"https:\/\/www.hashtag.al\/wp-content\/uploads\/2022\/10\/WhatsApp-Image-2022-10-25-at-2.30.14-PM.jpeg 1280w, https:\/\/www.hashtag.al\/wp-content\/uploads\/2022\/10\/WhatsApp-Image-2022-10-25-at-2.30.14-PM-300x200.jpeg 300w, https:\/\/www.hashtag.al\/wp-content\/uploads\/2022\/10\/WhatsApp-Image-2022-10-25-at-2.30.14-PM-1024x682.jpeg 1024w, https:\/\/www.hashtag.al\/wp-content\/uploads\/2022\/10\/WhatsApp-Image-2022-10-25-at-2.30.14-PM-768x512.jpeg 768w\" sizes=\"auto, (max-width: 1280px) 100vw, 1280px\" \/><\/a><\/p>\n","protected":false,"gt_translate_keys":[{"key":"rendered","format":"html"}]},"excerpt":{"rendered":"<p>Deputeti i PD-s\u00eb Oerd Bylykbashi ka b\u00ebr\u00eb me dije se ka dor\u00ebzuar sot n\u00eb Kuvend nj\u00eb projektligj p\u00ebr Reform\u00ebn Territoriale. N\u00eb nj\u00eb prononcim p\u00ebr mediet, ai tha se propozimi i PD-s\u00eb e ndan territorin n\u00eb 97 bashki. \u201cPropozimi yn\u00eb \u00ebsht\u00eb q\u00eb zgjedhjet e ardhshme t\u00eb b\u00ebhen mbi baz\u00ebn e k\u00ebsaj ndarjeje me 97 bashki. Kemi [&hellip;]<\/p>\n","protected":false,"gt_translate_keys":[{"key":"rendered","format":"html"}]},"author":30,"featured_media":557343,"comment_status":"closed","ping_status":"closed","sticky":false,"template":"","format":"standard","meta":{"footnotes":""},"categories":[65,13],"tags":[],"class_list":["post-557342","post","type-post","status-publish","format-standard","has-post-thumbnail","hentry","category-lajme","category-te-fundit"],"gt_translate_keys":[{"key":"link","format":"url"}],"_links":{"self":[{"href":"https:\/\/www.hashtag.al\/index.php\/wp-json\/wp\/v2\/posts\/557342","targetHints":{"allow":["GET"]}}],"collection":[{"href":"https:\/\/www.hashtag.al\/index.php\/wp-json\/wp\/v2\/posts"}],"about":[{"href":"https:\/\/www.hashtag.al\/index.php\/wp-json\/wp\/v2\/types\/post"}],"author":[{"embeddable":true,"href":"https:\/\/www.hashtag.al\/index.php\/wp-json\/wp\/v2\/users\/30"}],"replies":[{"embeddable":true,"href":"https:\/\/www.hashtag.al\/index.php\/wp-json\/wp\/v2\/comments?post=557342"}],"version-history":[{"count":0,"href":"https:\/\/www.hashtag.al\/index.php\/wp-json\/wp\/v2\/posts\/557342\/revisions"}],"wp:featuredmedia":[{"embeddable":true,"href":"https:\/\/www.hashtag.al\/index.php\/wp-json\/wp\/v2\/media\/557343"}],"wp:attachment":[{"href":"https:\/\/www.hashtag.al\/index.php\/wp-json\/wp\/v2\/media?parent=557342"}],"wp:term":[{"taxonomy":"category","embeddable":true,"href":"https:\/\/www.hashtag.al\/index.php\/wp-json\/wp\/v2\/categories?post=557342"},{"taxonomy":"post_tag","embeddable":true,"href":"https:\/\/www.hashtag.al\/index.php\/wp-json\/wp\/v2\/tags?post=557342"}],"curies":[{"name":"wp","href":"https:\/\/api.w.org\/{rel}","templated":true}]}}