{"id":557119,"date":"2022-10-24T13:15:28","date_gmt":"2022-10-24T11:15:28","guid":{"rendered":"https:\/\/www.hashtag.al\/?p=557119"},"modified":"2022-10-24T13:16:37","modified_gmt":"2022-10-24T11:16:37","slug":"perpjekje-per-te-pershkallezuar-luften-shba-hedh-poshte-akuzat-e-moskes-se-ukraina-planifikon-te-perdore-bomba-ndotese","status":"publish","type":"post","link":"https:\/\/www.hashtag.al\/index.php\/2022\/10\/24\/perpjekje-per-te-pershkallezuar-luften-shba-hedh-poshte-akuzat-e-moskes-se-ukraina-planifikon-te-perdore-bomba-ndotese\/","title":{"rendered":"\u201cP\u00ebrpjekje p\u00ebr t\u00eb p\u00ebrshkall\u00ebzuar luft\u00ebn\u201d &#8211; SHBA hedh posht\u00eb akuzat e Mosk\u00ebs se Ukraina planifikon t\u00eb p\u00ebrdor\u00eb \u201cbomba ndot\u00ebse\u201d","gt_translate_keys":[{"key":"rendered","format":"text"}]},"content":{"rendered":"<p>&nbsp;<\/p>\n<p><span style=\"color: #000000;\"><a href=\"https:\/\/www.hashtag.al\/wp-content\/uploads\/2022\/10\/blinken.jpg\"><img loading=\"lazy\" decoding=\"async\" class=\"aligncenter size-full wp-image-555868\" src=\"https:\/\/www.hashtag.al\/wp-content\/uploads\/2022\/10\/blinken.jpg\" alt=\"\" width=\"796\" height=\"424\" srcset=\"https:\/\/www.hashtag.al\/wp-content\/uploads\/2022\/10\/blinken.jpg 796w, https:\/\/www.hashtag.al\/wp-content\/uploads\/2022\/10\/blinken-300x160.jpg 300w, https:\/\/www.hashtag.al\/wp-content\/uploads\/2022\/10\/blinken-768x409.jpg 768w\" sizes=\"auto, (max-width: 796px) 100vw, 796px\" \/><\/a><\/span><\/p>\n<p><span style=\"color: #000000;\">SHBA-ja ka hedhur posht\u00eb pretendimin e Rusis\u00eb se Ukraina po p\u00ebrgatitet t\u00eb p\u00ebrdor\u00eb nj\u00eb &#8220;<em>bomb\u00eb ndot\u00ebse<\/em>&#8221; n\u00eb territorin e saj si pjes\u00eb e nj\u00eb p\u00ebrshkall\u00ebzimi t\u00eb luft\u00ebs s\u00eb Vladimir Putinit.<\/span><\/p>\n<p><span style=\"color: #000000;\">Sekretari i Shtetit Antony Blinken i tha homologut t\u00eb tij ukrainas, Dmytro Kuleba, t\u00eb diel\u00ebn <em>\u201cShtetet e Bashkuara hedhin posht\u00eb akuzat transparente t\u00eb rreme t\u00eb ministrit rus t\u00eb Mbrojtjes, Shoigu, se Ukraina po p\u00ebrgatitet t\u00eb p\u00ebrdor\u00eb \u2018bomba ndot\u00ebse\u2019 n\u00eb territorin e saj dhe se bota duhet t\u00eb shoh\u00eb p\u00ebrtej \u00e7do p\u00ebrpjekjeje t\u00eb Rusis\u00eb q\u00eb t\u00eb p\u00ebrdor\u00eb k\u00ebt\u00eb pretendim si pretekst p\u00ebr p\u00ebrshkall\u00ebzimin.\u201d<\/em><\/span><\/p>\n<p><span style=\"color: #000000;\">Ai u zotua t\u00eb vazhdoj\u00eb t\u00eb mb\u00ebshtes\u00eb Kievin p\u00ebr aq koh\u00eb sa t\u00eb jet\u00eb e nevojshme.<\/span><\/p>\n<p><span style=\"color: #000000;\">M\u00eb her\u00ebt t\u00eb diel\u00ebn, Kuleba denoncoi pretendimet e Mosk\u00ebs si &#8220;<em>absurde<\/em>&#8221; dhe <em>&#8220;t\u00eb rrezikshme&#8221;<\/em>, duke shtuar: <em>&#8220;Rus\u00ebt shpesh akuzojn\u00eb t\u00eb tjer\u00ebt p\u00ebr at\u00eb q\u00eb planifikojn\u00eb vet\u00eb&#8221;.<\/em><\/span><\/p>\n<p><span style=\"color: #000000;\">Presidenti ukrainas Volodymyr Zelensky reagoi me shpejt\u00ebsi ndaj pretendimeve t\u00eb Mosk\u00ebs, duke b\u00ebr\u00eb thirrje p\u00ebr nj\u00eb p\u00ebrgjigje t\u00eb bashkuar nd\u00ebrkomb\u00ebtare.<\/span><\/p>\n<p><span style=\"color: #000000;\"><em>\u201cN\u00ebse Rusia telefonon dhe thot\u00eb se Ukraina gjoja po p\u00ebrgatit di\u00e7ka, kjo do t\u00eb thot\u00eb nj\u00eb gj\u00eb: Rusia e ka p\u00ebrgatitur tashm\u00eb t\u00eb gjith\u00eb k\u00ebt\u00eb.\u201d<\/em>-tha Zelensky n\u00eb nj\u00eb video n\u00eb mediat sociale. <em>&#8220;Un\u00eb besoj se tani bota duhet t\u00eb reagoj\u00eb sa m\u00eb ashp\u00ebr q\u00eb t\u00eb jet\u00eb e mundur.&#8221;<\/em><\/span><\/p>\n<p><span style=\"color: #000000;\">Zelensky tha se t\u00eb gjith\u00eb e kuptojn\u00eb se kush \u00ebsht\u00eb burimi i gjith\u00e7kaje t\u00eb pist\u00eb q\u00eb mund t\u00eb imagjinohet n\u00eb k\u00ebt\u00eb luft\u00eb.<\/span><\/p>\n","protected":false,"gt_translate_keys":[{"key":"rendered","format":"html"}]},"excerpt":{"rendered":"<p>&nbsp; SHBA-ja ka hedhur posht\u00eb pretendimin e Rusis\u00eb se Ukraina po p\u00ebrgatitet t\u00eb p\u00ebrdor\u00eb nj\u00eb &#8220;bomb\u00eb ndot\u00ebse&#8221; n\u00eb territorin e saj si pjes\u00eb e nj\u00eb p\u00ebrshkall\u00ebzimi t\u00eb luft\u00ebs s\u00eb Vladimir Putinit. Sekretari i Shtetit Antony Blinken i tha homologut t\u00eb tij ukrainas, Dmytro Kuleba, t\u00eb diel\u00ebn \u201cShtetet e Bashkuara hedhin posht\u00eb akuzat transparente t\u00eb rreme [&hellip;]<\/p>\n","protected":false,"gt_translate_keys":[{"key":"rendered","format":"html"}]},"author":30,"featured_media":555868,"comment_status":"closed","ping_status":"closed","sticky":false,"template":"","format":"standard","meta":{"footnotes":""},"categories":[6,13],"tags":[],"class_list":["post-557119","post","type-post","status-publish","format-standard","has-post-thumbnail","hentry","category-nderkombetare","category-te-fundit"],"gt_translate_keys":[{"key":"link","format":"url"}],"_links":{"self":[{"href":"https:\/\/www.hashtag.al\/index.php\/wp-json\/wp\/v2\/posts\/557119","targetHints":{"allow":["GET"]}}],"collection":[{"href":"https:\/\/www.hashtag.al\/index.php\/wp-json\/wp\/v2\/posts"}],"about":[{"href":"https:\/\/www.hashtag.al\/index.php\/wp-json\/wp\/v2\/types\/post"}],"author":[{"embeddable":true,"href":"https:\/\/www.hashtag.al\/index.php\/wp-json\/wp\/v2\/users\/30"}],"replies":[{"embeddable":true,"href":"https:\/\/www.hashtag.al\/index.php\/wp-json\/wp\/v2\/comments?post=557119"}],"version-history":[{"count":0,"href":"https:\/\/www.hashtag.al\/index.php\/wp-json\/wp\/v2\/posts\/557119\/revisions"}],"wp:featuredmedia":[{"embeddable":true,"href":"https:\/\/www.hashtag.al\/index.php\/wp-json\/wp\/v2\/media\/555868"}],"wp:attachment":[{"href":"https:\/\/www.hashtag.al\/index.php\/wp-json\/wp\/v2\/media?parent=557119"}],"wp:term":[{"taxonomy":"category","embeddable":true,"href":"https:\/\/www.hashtag.al\/index.php\/wp-json\/wp\/v2\/categories?post=557119"},{"taxonomy":"post_tag","embeddable":true,"href":"https:\/\/www.hashtag.al\/index.php\/wp-json\/wp\/v2\/tags?post=557119"}],"curies":[{"name":"wp","href":"https:\/\/api.w.org\/{rel}","templated":true}]}}