{"id":557027,"date":"2022-10-23T22:14:58","date_gmt":"2022-10-23T20:14:58","guid":{"rendered":"https:\/\/www.hashtag.al\/?p=557027"},"modified":"2022-10-23T22:18:22","modified_gmt":"2022-10-23T20:18:22","slug":"pashe-qe-ishin-3-4-patrulla-leari-po-rrihej-barbarisht-brenda-makines-miku-i-lear-kurtit-tregon-gjithcka-ndodhi-video","status":"publish","type":"post","link":"https:\/\/www.hashtag.al\/index.php\/2022\/10\/23\/pashe-qe-ishin-3-4-patrulla-leari-po-rrihej-barbarisht-brenda-makines-miku-i-lear-kurtit-tregon-gjithcka-ndodhi-video\/","title":{"rendered":"&#8220;O noku lajm\u00ebro dik\u00eb se po na mbysin&#8221; &#8211; D\u00ebshmia e mikut t\u00eb Lear Kurtit: Pash\u00eb 3-4 patrulla policie, ai po rrihej barbarisht (Video)","gt_translate_keys":[{"key":"rendered","format":"text"}]},"content":{"rendered":"<p><span style=\"color: #000000;\"><em><img loading=\"lazy\" decoding=\"async\" class=\"aligncenter size-full wp-image-557028\" src=\"https:\/\/www.hashtag.al\/wp-content\/uploads\/2022\/10\/learkurti2.jpg\" alt=\"\" width=\"2000\" height=\"1000\" srcset=\"https:\/\/www.hashtag.al\/wp-content\/uploads\/2022\/10\/learkurti2.jpg 2000w, https:\/\/www.hashtag.al\/wp-content\/uploads\/2022\/10\/learkurti2-300x150.jpg 300w, https:\/\/www.hashtag.al\/wp-content\/uploads\/2022\/10\/learkurti2-1024x512.jpg 1024w, https:\/\/www.hashtag.al\/wp-content\/uploads\/2022\/10\/learkurti2-768x384.jpg 768w, https:\/\/www.hashtag.al\/wp-content\/uploads\/2022\/10\/learkurti2-1536x768.jpg 1536w\" sizes=\"auto, (max-width: 2000px) 100vw, 2000px\" \/><\/em><\/span><\/p>\n<p><span style=\"color: #000000;\"><em>\u201cPash\u00eb q\u00eb ishin 3-4 patrulla.\u00a0 Dhe pash\u00eb q\u00eb po rrihej Leari barbarisht brenda makin\u00ebs.\u201d<\/em><\/span><\/p>\n<p><span style=\"color: #000000;\">Kjo \u00ebsht\u00eb d\u00ebshmia trondit\u00ebse e mikut t\u00eb 32-vje\u00e7arit t\u00eb ndjer\u00eb Lear Kurti, p\u00ebr emisionin \u201cPiranjat\u201d n\u00eb ABC.<\/span><\/p>\n<p><span style=\"color: #000000;\">Ngjarja e r\u00ebnd\u00eb ndodhi t\u00eb enjten ku 32-vje\u00e7ari Lear Kurti gjeti vdekjen n\u00eb rrethana ende t\u00eb paqarta pasi u shoq\u00ebrua nga policia. Menj\u00ebher\u00eb pas ngjarjes kishte nj\u00eb p\u00ebrplasje deklaratash mes institucioneve, konkretisht mes AMP dhe spitalit t\u00eb Traum\u00ebs. AMP pretendonte se 32-vje\u00e7ari ka nd\u00ebrruar jet\u00eb n\u00eb spital, por spitali i Traum\u00ebs theksonte se tek ata, i riu ka mb\u00ebrritur pas asnj\u00eb shenj\u00eb jete.<\/span><\/p>\n<p><span style=\"color: #000000;\">Edhe vet\u00eb policia ishte konfuze n\u00eb deklaratat e publikuar lidhur me k\u00ebt\u00eb ngjarje t\u00eb r\u00ebnd\u00eb. Fillimisht, u tha se viktima kishte g\u00eblltitur nj\u00eb qese t\u00eb bardh\u00eb t\u00eb dyshuar me drog\u00eb, nd\u00ebrsa m\u00eb pas tha se ishin dy doza.<\/span><\/p>\n<p><span style=\"color: #000000;\">Por \u00e7far\u00eb ka ndodhur n\u00eb t\u00eb v\u00ebrtet\u00ebt at\u00eb nat\u00eb? Emisioni \u201cPiranjat\u201d ka marr\u00eb versionin e d\u00ebshmitarit okular n\u00eb k\u00ebt\u00eb ngjarje t\u00eb r\u00ebnd\u00eb.<\/span><\/p>\n<p><span style=\"color: #000000;\"><em>\u201cD\u00ebgjova, fjal\u00ebt shpejt, shpejt se iku. E kan\u00eb shoq\u00ebruar vet\u00eb n\u00eb spital. Leari ka mbaruar brenda n\u00eb Komisariat. N\u00eb spital ka shkuar i vdekur.\u201d<\/em> &#8211; thot\u00eb miku i Lear Kurtit.<\/span><\/p>\n<p><span style=\"color: #000000;\">Ky person \u00ebsht\u00eb d\u00ebshmitari ky\u00e7 i k\u00ebsaj ngjarje t\u00eb r\u00ebnd\u00eb, pasi ai ishte me viktim\u00ebn deri n\u00eb \u00e7astet e fundit t\u00eb jet\u00ebs s\u00eb 32-vje\u00e7arit. Ai tregon at\u00eb q\u00eb p\u00ebrjetoi minut\u00eb pas minute.<\/span><\/p>\n<p><span style=\"color: #000000;\"><em>\u201cUn\u00eb isha me Learin at\u00eb nat\u00eb. E kam takuar dy or\u00eb para ngjarjes dhe e lash\u00eb tek ish-Filanto.\u00a0 Un\u00eb do t\u00eb ikja p\u00ebr pun\u00ebt e mia dhe ai do ikte n\u00eb pun\u00ebt e tij. Pastaj do t\u00eb shkoja ta merrja prap\u00eb, se Leari ka ndenjur gjithmon\u00eb me mua. Dhe n\u00eb momentin q\u00eb po kaloja aty p\u00ebrball me spitalin n\u00eb Laprak\u00eb, pash\u00eb q\u00eb ishin 3-4 patrulla po rrihej Leari barbarisht brenda makin\u00ebs.\u201d<\/em> &#8211; shtoi shoku i viktim\u00ebs.<\/span><\/p>\n<p><span style=\"color: #000000;\">Duke rr\u00ebfyer momentet e fundit q\u00eb ishte gjall\u00eb Lear Kurti, miku i tij q\u00eb pa gjith\u00e7ka tregon fjal\u00eb e fundit:<\/span><\/p>\n<p><span style=\"color: #000000;\"><em>\u201cTha: O noku lajm\u00ebro dik\u00eb se po na mbysin. Aty ka pasur kamera por nuk e di kush mund t\u2019i ket\u00eb. Filmimet jan\u00eb aty 100% e sigurt. \u00c7far\u00eb po b\u00ebni se \u00ebsht\u00eb me s\u00ebmundje toke u thash\u00eb. Edhe m\u00eb than\u00eb \u2018Kush je ti\u2019. Shoku i vet\u00eb u thash\u00eb un\u00eb. Nj\u00eb nga polic\u00ebt tha \u2018pse e lini t\u00eb flas\u00eb ky?\u2019. \u00c7a ju dhimbset, Shoq\u00ebrojeni dhe k\u00ebt\u00eb.\u201d<\/em> &#8211; tregon d\u00ebshmitari.<\/span><\/p>\n<p><span style=\"color: #000000;\">Nd\u00ebrkoh\u00eb miku i Learit thot\u00eb p\u00ebr \u201cPiranjat\u201d se nj\u00eb efektive policie e kishte ofenduar p\u00ebr shkak t\u00eb origjin\u00ebs.<\/span><\/p>\n<p><span style=\"color: #000000;\"><em>\u201cJemi shoq\u00ebruar t\u00eb dy nj\u00ebkoh\u00ebsisht. Leari ishte n\u00eb makin\u00ebn e policis\u00eb un\u00eb isha me timen se makin\u00ebn e kishte efektivi i policis\u00eb. Ajo policja m\u00eb tha \u2018edhe kuksian edhe gangster\u2019. Ti je fem\u00ebr i thash\u00eb un\u00eb. As nuk po t\u00eb ofendoj dhe as nuk po them gj\u00eb. Thjesht po them q\u00eb djali ka k\u00ebt\u00eb lloj problemi, mos e prekni. Sepse do t\u2019ju ngel\u00eb n\u00eb dor\u00eb dhe ashtu ndodhi.\u201d<\/em> &#8211; tha i riu.<\/span><\/p>\n<p><span style=\"color: #000000;\">I riu tregon se n\u00eb vendin e ngjarjes ka mb\u00ebrritur n\u00eb momentin kur policia e kishte kapur Lear Kurtin.<\/span><\/p>\n<p><span style=\"color: #000000;\"><em>\u201cI kam marr\u00eb vesh n\u00eb komisariat detajet. Ai ju paska ikur 30 metra me vrap. Por 30 metra me vrap kushdo q\u00eb t\u00eb ishte po t\u00eb kishte edhe nj\u00eb kg do ta hidhte. Ata duan t\u00eb mbulojn\u00eb policin\u00eb.\u201d<\/em> &#8211; tha miku i t\u00eb ndjerit.<\/span><\/p>\n<p><span style=\"color: #000000;\">Nd\u00ebrkoh\u00eb ai tregon se n\u00ebna e Lear Kurtit po kalon nj\u00eb periudh\u00eb shum\u00eb t\u00eb v\u00ebshtir\u00eb ku p\u00ebrpos vdekjes s\u00eb djalit duhet t\u00eb d\u00ebgjoj\u00eb edhe alibi t\u00eb shumta rreth ngjarjes.<\/span><\/p>\n<p><span style=\"color: #000000;\"><em>\u201cE \u00ebma vet\u00ebm at\u00eb djal\u00eb ka pasur dhe duke d\u00ebgjuar t\u00eb gjitha k\u00ebto, q\u00eb po jepen jo ju gjet drog\u00eb jo p\u00ebrdorues droge. Asaj po i del shpirti.\u201d<\/em> &#8211; tha i riu.<\/span><\/p>\n<p><span style=\"color: #000000;\">Mes t\u00eb tjerash ai tregon se i ka par\u00eb polic\u00ebt teksa dhunojn\u00eb me shkelma dhe me grushte Learin.<\/span><\/p>\n<p><span style=\"color: #000000;\"><em>\u201cMe shkelma me grushta e kan\u00eb goditur. Me num\u00ebr tamam nuk e di por dy, tre patjet\u00ebr. Nj\u00eb nga polic\u00ebt q\u00eb ishte djal\u00eb i ri, 20-22 vje\u00e7 ishte gangster jo polic.\u201d<\/em><\/span><\/p>\n<p><span style=\"color: #000000;\"><em>\u201cE them sepse ai tha, ju nuk m\u00eb njihni mua. Un\u00eb i thash\u00eb q\u00eb je polic me uniform\u00eb. Mund t\u00eb jesh kushdo, je polici i shtetit je p\u00ebr ta na mbrojtur jo p\u00ebr t\u00eb na sulmuar. Learti ishte n\u00eb pranga dhe nuk ka b\u00ebr\u00eb rezistenc\u00eb fare. P\u00ebr pjes\u00ebn e epilepsis\u00eb e kam marr\u00eb vesh para dy jav\u00ebsh. Kur i ndodhi, e kemi d\u00ebrguar n\u00eb spital.\u201d<\/em><\/span><\/p>\n<p><span style=\"color: #000000;\">Duke treguar p\u00ebr marrjen n\u00eb pyetje i riu theksoi se ka pasur edhe nj\u00eb rr\u00ebfim p\u00ebr drejtorin e AMP Ardi Veliu.<\/span><\/p>\n<p><span style=\"color: #000000;\"><em>\u201cK\u00ebt\u00eb pyetjet ma b\u00ebri edhe drejtori i AMP, Ardi Veliu, dhe m\u00eb tha n\u00ebse kam par\u00eb q\u00eb makina mund t\u00eb ket\u00eb patur l\u00ebkundje? Un\u00eb i thash q\u00eb rrug\u00ebt tona jan\u00eb t\u00eb gjith\u00eb gropa\u201d<\/em><\/span><\/p>\n<p><span style=\"color: #000000;\">I riu ka par\u00eb edhe momentet e fundit t\u00eb Lear Kurtit, duke th\u00ebn\u00eb se atij nuk iu dha ndihma e duhur p\u00ebr ta shp\u00ebtuar.<\/span><\/p>\n<p><span style=\"color: #000000;\"><em>\u201c3-4 minuta mbrapa kur kam mb\u00ebrritur n\u00eb komisariat. Nuk kam fol dot se Leari ka qen\u00eb i shtrir\u00eb dhe pa ndenja. Po p\u00ebrp\u00eblitej. M\u00eb mbyll\u00ebn der\u00ebn. Nuk i kan\u00eb dh\u00ebn\u00eb asnj\u00eb lloj ndihme. D\u00ebgjova \u2018shpejt, shpejt se iku. U alarmua i gjith\u00eb komisariati\u2026 iku Leari.\u201d<\/em><\/span><\/p>\n<p><span style=\"color: #000000;\"><em>\u201cPo, aty ka dh\u00ebn\u00eb shpirt n\u00eb komisariat. Shpirti i ka dal\u00eb brenda rajonit t\u00eb policis\u00eb s\u00eb komisariati num\u00ebr 3. E njoh shum\u00eb mir\u00eb shokun tim. Sigurisht mund t\u2019i ket\u00eb fol me tone t\u00eb ashpra dhe k\u00ebta mund t\u00eb jen\u00eb acaruar dhe mund t\u00eb ken\u00eb gjuajtur. Ama duhet ta pranojn\u00eb. K\u00ebta nuk prekin n\u00eb fytyr\u00eb as n\u00eb kok\u00eb por nga brinj\u00ebt.\u201d<\/em><\/span><\/p>\n<p><span style=\"color: #000000;\"><span style=\"color: #ff0000;\"><strong>VINI RE<\/strong><\/span>: Ky material \u00ebsht\u00eb pron\u00ebsi intelektuale e <a href=\"https:\/\/abcnews.al\/ekskluzive-e-dhunuan-barbarisht-miku-i-lear-kurtit-cfare-me-tha-ardi-veliu-pas-vdekjes-se-shokut1\/\"><span style=\"color: #0000ff;\">ABC<\/span><\/a><\/span><\/p>\n<div style=\"width: 640px;\" class=\"wp-video\"><video class=\"wp-video-shortcode\" id=\"video-557027-1\" width=\"640\" height=\"360\" preload=\"metadata\" controls=\"controls\"><source type=\"video\/mp4\" src=\"https:\/\/www.hashtag.al\/wp-content\/uploads\/2022\/10\/piranjat.mp4?_=1\" \/><a href=\"https:\/\/www.hashtag.al\/wp-content\/uploads\/2022\/10\/piranjat.mp4\">https:\/\/www.hashtag.al\/wp-content\/uploads\/2022\/10\/piranjat.mp4<\/a><\/video><\/div>\n","protected":false,"gt_translate_keys":[{"key":"rendered","format":"html"}]},"excerpt":{"rendered":"<p>\u201cPash\u00eb q\u00eb ishin 3-4 patrulla.\u00a0 Dhe pash\u00eb q\u00eb po rrihej Leari barbarisht brenda makin\u00ebs.\u201d Kjo \u00ebsht\u00eb d\u00ebshmia trondit\u00ebse e mikut t\u00eb 32-vje\u00e7arit t\u00eb ndjer\u00eb Lear Kurti, p\u00ebr emisionin \u201cPiranjat\u201d n\u00eb ABC. Ngjarja e r\u00ebnd\u00eb ndodhi t\u00eb enjten ku 32-vje\u00e7ari Lear Kurti gjeti vdekjen n\u00eb rrethana ende t\u00eb paqarta pasi u shoq\u00ebrua nga policia. Menj\u00ebher\u00eb pas [&hellip;]<\/p>\n","protected":false,"gt_translate_keys":[{"key":"rendered","format":"html"}]},"author":51,"featured_media":557028,"comment_status":"closed","ping_status":"closed","sticky":false,"template":"","format":"standard","meta":{"footnotes":""},"categories":[65,13],"tags":[],"class_list":["post-557027","post","type-post","status-publish","format-standard","has-post-thumbnail","hentry","category-lajme","category-te-fundit"],"gt_translate_keys":[{"key":"link","format":"url"}],"_links":{"self":[{"href":"https:\/\/www.hashtag.al\/index.php\/wp-json\/wp\/v2\/posts\/557027","targetHints":{"allow":["GET"]}}],"collection":[{"href":"https:\/\/www.hashtag.al\/index.php\/wp-json\/wp\/v2\/posts"}],"about":[{"href":"https:\/\/www.hashtag.al\/index.php\/wp-json\/wp\/v2\/types\/post"}],"author":[{"embeddable":true,"href":"https:\/\/www.hashtag.al\/index.php\/wp-json\/wp\/v2\/users\/51"}],"replies":[{"embeddable":true,"href":"https:\/\/www.hashtag.al\/index.php\/wp-json\/wp\/v2\/comments?post=557027"}],"version-history":[{"count":0,"href":"https:\/\/www.hashtag.al\/index.php\/wp-json\/wp\/v2\/posts\/557027\/revisions"}],"wp:featuredmedia":[{"embeddable":true,"href":"https:\/\/www.hashtag.al\/index.php\/wp-json\/wp\/v2\/media\/557028"}],"wp:attachment":[{"href":"https:\/\/www.hashtag.al\/index.php\/wp-json\/wp\/v2\/media?parent=557027"}],"wp:term":[{"taxonomy":"category","embeddable":true,"href":"https:\/\/www.hashtag.al\/index.php\/wp-json\/wp\/v2\/categories?post=557027"},{"taxonomy":"post_tag","embeddable":true,"href":"https:\/\/www.hashtag.al\/index.php\/wp-json\/wp\/v2\/tags?post=557027"}],"curies":[{"name":"wp","href":"https:\/\/api.w.org\/{rel}","templated":true}]}}