{"id":556975,"date":"2022-10-23T18:21:29","date_gmt":"2022-10-23T16:21:29","guid":{"rendered":"https:\/\/www.hashtag.al\/?p=556975"},"modified":"2022-10-23T18:23:47","modified_gmt":"2022-10-23T16:23:47","slug":"nis-protesta-per-vrasjen-e-32-vjecarit-lear-kurti-pas-shoqerimit-nga-policia-kerkohet-doreheqja-e-rames-dhe-cucit","status":"publish","type":"post","link":"https:\/\/www.hashtag.al\/index.php\/2022\/10\/23\/nis-protesta-per-vrasjen-e-32-vjecarit-lear-kurti-pas-shoqerimit-nga-policia-kerkohet-doreheqja-e-rames-dhe-cucit\/","title":{"rendered":"Nis protesta p\u00ebr vrasjen e 32-vje\u00e7arit Lear Kurti pas shoq\u00ebrimit nga policia, k\u00ebrkohet dor\u00ebheqja e Ram\u00ebs dhe \u00c7u\u00e7it","gt_translate_keys":[{"key":"rendered","format":"text"}]},"content":{"rendered":"<p><span style=\"color: #000000;\"><img loading=\"lazy\" decoding=\"async\" class=\"aligncenter size-full wp-image-556976\" src=\"https:\/\/www.hashtag.al\/wp-content\/uploads\/2022\/10\/protesta-5.png\" alt=\"\" width=\"1162\" height=\"520\" srcset=\"https:\/\/www.hashtag.al\/wp-content\/uploads\/2022\/10\/protesta-5.png 1162w, https:\/\/www.hashtag.al\/wp-content\/uploads\/2022\/10\/protesta-5-300x134.png 300w, https:\/\/www.hashtag.al\/wp-content\/uploads\/2022\/10\/protesta-5-1024x458.png 1024w, https:\/\/www.hashtag.al\/wp-content\/uploads\/2022\/10\/protesta-5-768x344.png 768w\" sizes=\"auto, (max-width: 1162px) 100vw, 1162px\" \/><\/span><\/p>\n<p><span style=\"color: #000000;\">Dhjet\u00ebra qytetar\u00eb jan\u00eb mbledhur para Ministris\u00eb s\u00eb Brendshme p\u00ebr t\u00eb protestuar lidhur me vrasjen e 32-vje\u00e7arit Lear Kurti pas shoq\u00ebrimit t\u00eb tij nga policia. <\/span><\/p>\n<p><span style=\"color: #000000;\">Ata k\u00ebrkojn\u00eb dor\u00ebheqjen e kryeministrit Rama e ministrit t\u00eb Brendsh\u00ebm \u00c7u\u00e7i, t\u00eb cil\u00ebt i b\u00ebjn\u00eb p\u00ebrgjegj\u00ebs p\u00ebr vdekjen e t\u00eb riut. <\/span><\/p>\n<p><span style=\"color: #000000;\">Qytetar\u00ebt e mbledhur kan\u00eb hedhur parrulla si \u2018Kriminela\u2019, \u2018Policia e krimit\u2019 e \u2018Dor\u00ebheqje\u2019. Nj\u00eb protest\u00eb e ngjashme u zhvillua edhe pak dit\u00eb m\u00eb par\u00eb. <\/span><\/p>\n<p><span style=\"color: #000000;\">Qytetar\u00ebt pasi protestuan para Ministris\u00eb s\u00eb Brendshme, marshuan m\u00eb pas drejt Kryeministris\u00eb. <\/span><\/p>\n<p><span style=\"color: #000000;\">Ata kan\u00eb deklaruar se ky nuk \u00ebsht\u00eb rasti i par\u00eb q\u00eb policia \u00ebsht\u00eb p\u00ebrpjekur t\u00eb manipuloj\u00eb vrasjet e qytetar\u00ebve nga policia duke p\u00ebrmendur rastin e Klodian Rash\u00ebs e t\u00eb 12-vje\u00e7ares n\u00eb plazhin e Himar\u00ebs.<\/span><\/p>\n<p><span style=\"color: #000000;\">I riu Lear Kurti nd\u00ebrroi jet\u00eb tre dit\u00eb m\u00eb par\u00eb pas shoq\u00ebrimit nga policia. Sipas Agjencis\u00eb s\u00eb Mbik\u00ebqyrjes Policore i riu ishte d\u00ebrguar n\u00eb spital ku kishte nd\u00ebrruar jet\u00eb nd\u00ebrsa spitali i Traum\u00ebs n\u00eb nj\u00eb deklarat\u00eb zyrtare tha se viktima kishte shkuar i vdekur. <\/span><\/p>\n<p><span style=\"color: #000000;\">N\u00eb nj\u00eb deklarat\u00eb nga AMP-ja e Prokuroria thuhet se t\u00eb riut i ishte gjetur n\u00eb stomak nj\u00eb qese e bardh\u00eb e \u00e7ar\u00eb megjithat\u00eb ekspertiza mjeko-ligjore nuk \u00ebsht\u00eb publikuar ende.<\/span><\/p>\n<p><span style=\"color: #000000;\">E \u00ebma e t\u00eb riut ka akuzuar policin\u00eb p\u00ebr dhun\u00eb duke th\u00ebn\u00eb se n\u00eb trupin e tij kishte shenja q\u00eb e v\u00ebrtetojn\u00eb k\u00ebt\u00eb.<\/span><\/p>\n","protected":false,"gt_translate_keys":[{"key":"rendered","format":"html"}]},"excerpt":{"rendered":"<p>Dhjet\u00ebra qytetar\u00eb jan\u00eb mbledhur para Ministris\u00eb s\u00eb Brendshme p\u00ebr t\u00eb protestuar lidhur me vrasjen e 32-vje\u00e7arit Lear Kurti pas shoq\u00ebrimit t\u00eb tij nga policia. Ata k\u00ebrkojn\u00eb dor\u00ebheqjen e kryeministrit Rama e ministrit t\u00eb Brendsh\u00ebm \u00c7u\u00e7i, t\u00eb cil\u00ebt i b\u00ebjn\u00eb p\u00ebrgjegj\u00ebs p\u00ebr vdekjen e t\u00eb riut. Qytetar\u00ebt e mbledhur kan\u00eb hedhur parrulla si \u2018Kriminela\u2019, \u2018Policia e [&hellip;]<\/p>\n","protected":false,"gt_translate_keys":[{"key":"rendered","format":"html"}]},"author":51,"featured_media":556976,"comment_status":"closed","ping_status":"closed","sticky":false,"template":"","format":"standard","meta":{"footnotes":""},"categories":[65,13],"tags":[],"class_list":["post-556975","post","type-post","status-publish","format-standard","has-post-thumbnail","hentry","category-lajme","category-te-fundit"],"gt_translate_keys":[{"key":"link","format":"url"}],"_links":{"self":[{"href":"https:\/\/www.hashtag.al\/index.php\/wp-json\/wp\/v2\/posts\/556975","targetHints":{"allow":["GET"]}}],"collection":[{"href":"https:\/\/www.hashtag.al\/index.php\/wp-json\/wp\/v2\/posts"}],"about":[{"href":"https:\/\/www.hashtag.al\/index.php\/wp-json\/wp\/v2\/types\/post"}],"author":[{"embeddable":true,"href":"https:\/\/www.hashtag.al\/index.php\/wp-json\/wp\/v2\/users\/51"}],"replies":[{"embeddable":true,"href":"https:\/\/www.hashtag.al\/index.php\/wp-json\/wp\/v2\/comments?post=556975"}],"version-history":[{"count":0,"href":"https:\/\/www.hashtag.al\/index.php\/wp-json\/wp\/v2\/posts\/556975\/revisions"}],"wp:featuredmedia":[{"embeddable":true,"href":"https:\/\/www.hashtag.al\/index.php\/wp-json\/wp\/v2\/media\/556976"}],"wp:attachment":[{"href":"https:\/\/www.hashtag.al\/index.php\/wp-json\/wp\/v2\/media?parent=556975"}],"wp:term":[{"taxonomy":"category","embeddable":true,"href":"https:\/\/www.hashtag.al\/index.php\/wp-json\/wp\/v2\/categories?post=556975"},{"taxonomy":"post_tag","embeddable":true,"href":"https:\/\/www.hashtag.al\/index.php\/wp-json\/wp\/v2\/tags?post=556975"}],"curies":[{"name":"wp","href":"https:\/\/api.w.org\/{rel}","templated":true}]}}