{"id":556820,"date":"2022-10-22T18:03:20","date_gmt":"2022-10-22T16:03:20","guid":{"rendered":"https:\/\/www.hashtag.al\/?p=556820"},"modified":"2022-10-22T18:03:20","modified_gmt":"2022-10-22T16:03:20","slug":"ministria-e-shendetesise-publikon-shifrat-asnje-humbje-jete-15-qytetare-te-infektuar-me-koronavirus","status":"publish","type":"post","link":"https:\/\/www.hashtag.al\/index.php\/2022\/10\/22\/ministria-e-shendetesise-publikon-shifrat-asnje-humbje-jete-15-qytetare-te-infektuar-me-koronavirus\/","title":{"rendered":"Ministria e Sh\u00ebndet\u00ebsis\u00eb publikon shifrat: Asnj\u00eb humbje jete, 15 qytetar\u00eb t\u00eb infektuar me koronavirus","gt_translate_keys":[{"key":"rendered","format":"text"}]},"content":{"rendered":"<p><span style=\"color: #000000;\"><a href=\"https:\/\/www.hashtag.al\/wp-content\/uploads\/2022\/02\/infektivi.jpeg\"><img loading=\"lazy\" decoding=\"async\" class=\"aligncenter size-full wp-image-503915\" src=\"https:\/\/www.hashtag.al\/wp-content\/uploads\/2022\/02\/infektivi.jpeg\" alt=\"\" width=\"768\" height=\"433\" srcset=\"https:\/\/www.hashtag.al\/wp-content\/uploads\/2022\/02\/infektivi.jpeg 768w, https:\/\/www.hashtag.al\/wp-content\/uploads\/2022\/02\/infektivi-300x169.jpeg 300w\" sizes=\"auto, (max-width: 768px) 100vw, 768px\" \/><\/a><\/span><\/p>\n<p><span style=\"color: #000000;\">Asnj\u00eb humbje jete nuk \u00ebsht\u00eb regjistruar n\u00eb 24 or\u00ebt e fundit nga koronavirusi.<\/span><\/p>\n<p><span style=\"color: #000000;\">Sipas ministris\u00eb s\u00eb Sh\u00ebndet\u00ebsis\u00eb nga 485 testime kan\u00eb rezultuar pozitiv 15 persona, nd\u00ebrsa jan\u00eb sh\u00ebruar 16 pacient\u00eb.<\/span><\/p>\n<p><span style=\"color: #000000;\">Nd\u00ebrkaq, Ministria e Sh\u00ebndet\u00ebsis\u00eb ka p\u00ebrs\u00ebritur thirrjen p\u00ebr qytetar\u00ebt, q\u00eb t\u00eb mos neglizhojn\u00eb vaksinimin, ve\u00e7an\u00ebrisht n\u00eb k\u00ebt\u00eb periudh\u00eb t\u00eb vjesht\u00ebs.<\/span><\/p>\n<p><em><span style=\"color: #000000;\">\u201cVaksinimi anticovid kryhet n\u00eb qendrat sh\u00ebndet\u00ebsore n\u00eb t\u00eb gjith\u00eb vendin. Gjithashtu MSHMS apelon t\u00eb gjith\u00eb qytetar\u00ebt e vaksinuar, q\u00eb t\u00eb drejtohen n\u00eb qendrat sh\u00ebndet\u00ebsore, p\u00ebr t\u2019u vaksinuar me doz\u00ebn p\u00ebrforcuese. Vaksinat antiCOVID reduktojn\u00eb mund\u00ebsin\u00eb e infektimit dhe shmangin n\u00eb shkall\u00eb te\u0308 lart\u00eb hospitalizimet dhe fatalitetet.<\/span><\/em><\/p>\n<p><span style=\"color: #000000;\"><em>N\u00ebse keni shenja t\u00eb s\u00ebmundjes apo keni patur kontakt me nj\u00eb person t\u00eb prekur nga Covid19, izolohuni menj\u00ebher\u00eb dhe kontaktoni mjekun tuaj t\u00eb familjes p\u00ebr t\u2019u testuar sa m\u00eb par\u00eb ose telefononi Urgjenc\u00ebn Komb\u00ebtare n\u00eb numrin unik 127.\u201d-<\/em> b\u00ebn apel Ministria.<\/span><\/p>\n<p><span style=\"color: #000000;\">T\u00eb infektuar me Covid19 aktualisht jan\u00eb 243 qytetar\u00eb aktiv\u00eb n\u00eb t\u00eb gjith\u00eb vendin.<\/span><\/p>\n<p><strong><span style=\"color: #000000;\">SITUATA N\u00cb VEND<\/span><\/strong><\/p>\n<p><span style=\"color: #000000;\">Ju informojm\u00eb p\u00ebr situat\u00ebn n\u00eb 24 or\u00ebt e fundit, si vijon: Jan\u00eb kryer 485 testime, nga t\u00eb cilat kan\u00eb rezultuar pozitiv\u00eb me COVID19, 15 qytetar\u00eb, n\u00eb k\u00ebto bashki:<\/span><\/p>\n<p><span style=\"color: #000000;\">7 n\u00eb Tiran\u00eb, 2 n\u00eb Fier, nga 1 qytetar\u00eb n\u00eb Fush\u00eb Arr\u00ebz, Kavaj\u00eb, Delvin\u00eb, Tepelen\u00eb, Berat, Ku\u00e7ov\u00eb.<\/span><\/p>\n<p><span style=\"color: #000000;\">Jan\u00eb 243 qytetar\u00eb aktiv\u00eb me Covid19 n\u00eb t\u00eb gjith\u00eb vendin.<\/span><\/p>\n<p><span style=\"color: #000000;\">Aktualisht n\u00eb spitalin COVID3 po marrin trajtim 2 pacient\u00eb. N\u00eb 24 or\u00ebt e fundit nuk ka asnj\u00eb humbje jete me SarsCov2.<\/span><\/p>\n<p><span style=\"color: #000000;\">Jan\u00eb sh\u00ebruar 16 qytetar\u00eb gjat\u00eb 24 or\u00ebve t\u00eb fundit, duke e \u00e7uar numrin e t\u00eb sh\u00ebruarve n\u00eb 327,773 q\u00eb nga fillimi i epidemis\u00eb.<\/span><\/p>\n<p><strong><span style=\"color: #000000;\">Statistika ( 22 Tetor 2022)<\/span><\/strong><\/p>\n<p><span style=\"color: #000000;\">Raste t\u00eb reja ditore 15<\/span><br \/>\n<span style=\"color: #000000;\">T\u00eb sh\u00ebruar n\u00eb 24 or\u00eb 16<\/span><br \/>\n<span style=\"color: #000000;\">T\u00eb shtruar n\u00eb spitale 2<\/span><br \/>\n<span style=\"color: #000000;\">Humbje jete n\u00eb 24 or\u00eb 0<\/span><br \/>\n<span style=\"color: #000000;\">Testime ditore 485<\/span><\/p>\n<p><span style=\"color: #000000;\">Testime totale 1,993,378<\/span><br \/>\n<span style=\"color: #000000;\">Raste pozitive 331,608<\/span><br \/>\n<span style=\"color: #000000;\">Raste t\u00eb sh\u00ebruara 327,773<\/span><br \/>\n<span style=\"color: #000000;\">Raste Aktive 243<\/span><br \/>\n<span style=\"color: #000000;\">Humbje jete 3,592<\/span><\/p>\n<p><strong><span style=\"color: #000000;\">Shp\u00ebrndarja gjeografike e rasteve aktive sipas qarqeve:<\/span><\/strong><\/p>\n<p><span style=\"color: #000000;\">Tiran\u00eb 169<\/span><br \/>\n<span style=\"color: #000000;\">Fier 20<\/span><br \/>\n<span style=\"color: #000000;\">Vlor\u00eb 13<\/span><br \/>\n<span style=\"color: #000000;\">Berat 12<\/span><br \/>\n<span style=\"color: #000000;\">Gjirokast\u00ebr 7<\/span><\/p>\n<p><span style=\"color: #000000;\">Shkod\u00ebr 7<\/span><br \/>\n<span style=\"color: #000000;\">Elbasan 5<\/span><br \/>\n<span style=\"color: #000000;\">Durr\u00ebs 5<\/span><br \/>\n<span style=\"color: #000000;\">Dib\u00ebr 3<\/span><br \/>\n<span style=\"color: #000000;\">Lezh\u00eb 2<\/span><\/p>\n","protected":false,"gt_translate_keys":[{"key":"rendered","format":"html"}]},"excerpt":{"rendered":"<p>Asnj\u00eb humbje jete nuk \u00ebsht\u00eb regjistruar n\u00eb 24 or\u00ebt e fundit nga koronavirusi. Sipas ministris\u00eb s\u00eb Sh\u00ebndet\u00ebsis\u00eb nga 485 testime kan\u00eb rezultuar pozitiv 15 persona, nd\u00ebrsa jan\u00eb sh\u00ebruar 16 pacient\u00eb. Nd\u00ebrkaq, Ministria e Sh\u00ebndet\u00ebsis\u00eb ka p\u00ebrs\u00ebritur thirrjen p\u00ebr qytetar\u00ebt, q\u00eb t\u00eb mos neglizhojn\u00eb vaksinimin, ve\u00e7an\u00ebrisht n\u00eb k\u00ebt\u00eb periudh\u00eb t\u00eb vjesht\u00ebs. \u201cVaksinimi anticovid kryhet n\u00eb qendrat [&hellip;]<\/p>\n","protected":false,"gt_translate_keys":[{"key":"rendered","format":"html"}]},"author":30,"featured_media":503915,"comment_status":"closed","ping_status":"closed","sticky":false,"template":"","format":"standard","meta":{"footnotes":""},"categories":[65,13],"tags":[],"class_list":["post-556820","post","type-post","status-publish","format-standard","has-post-thumbnail","hentry","category-lajme","category-te-fundit"],"gt_translate_keys":[{"key":"link","format":"url"}],"_links":{"self":[{"href":"https:\/\/www.hashtag.al\/index.php\/wp-json\/wp\/v2\/posts\/556820","targetHints":{"allow":["GET"]}}],"collection":[{"href":"https:\/\/www.hashtag.al\/index.php\/wp-json\/wp\/v2\/posts"}],"about":[{"href":"https:\/\/www.hashtag.al\/index.php\/wp-json\/wp\/v2\/types\/post"}],"author":[{"embeddable":true,"href":"https:\/\/www.hashtag.al\/index.php\/wp-json\/wp\/v2\/users\/30"}],"replies":[{"embeddable":true,"href":"https:\/\/www.hashtag.al\/index.php\/wp-json\/wp\/v2\/comments?post=556820"}],"version-history":[{"count":0,"href":"https:\/\/www.hashtag.al\/index.php\/wp-json\/wp\/v2\/posts\/556820\/revisions"}],"wp:featuredmedia":[{"embeddable":true,"href":"https:\/\/www.hashtag.al\/index.php\/wp-json\/wp\/v2\/media\/503915"}],"wp:attachment":[{"href":"https:\/\/www.hashtag.al\/index.php\/wp-json\/wp\/v2\/media?parent=556820"}],"wp:term":[{"taxonomy":"category","embeddable":true,"href":"https:\/\/www.hashtag.al\/index.php\/wp-json\/wp\/v2\/categories?post=556820"},{"taxonomy":"post_tag","embeddable":true,"href":"https:\/\/www.hashtag.al\/index.php\/wp-json\/wp\/v2\/tags?post=556820"}],"curies":[{"name":"wp","href":"https:\/\/api.w.org\/{rel}","templated":true}]}}