{"id":556684,"date":"2022-10-21T20:22:30","date_gmt":"2022-10-21T18:22:30","guid":{"rendered":"https:\/\/www.hashtag.al\/?p=556684"},"modified":"2022-10-21T20:52:11","modified_gmt":"2022-10-21T18:52:11","slug":"proteste-ne-tirane-per-vdekjen-e-32-vjecarit-lear-kurti-pas-shoqerimit-nga-policia-qytetaret-kerkojne-doreheqjen-e-cucit","status":"publish","type":"post","link":"https:\/\/www.hashtag.al\/index.php\/2022\/10\/21\/proteste-ne-tirane-per-vdekjen-e-32-vjecarit-lear-kurti-pas-shoqerimit-nga-policia-qytetaret-kerkojne-doreheqjen-e-cucit\/","title":{"rendered":"Protest\u00eb n\u00eb Tiran\u00eb p\u00ebr vdekjen e 32-vje\u00e7arit Lear Kurti pas shoq\u00ebrimit nga policia, qytetar\u00ebt k\u00ebrkojn\u00eb dor\u00ebheqjen e \u00c7u\u00e7it","gt_translate_keys":[{"key":"rendered","format":"text"}]},"content":{"rendered":"<p><span style=\"color: #000000;\"><img loading=\"lazy\" decoding=\"async\" class=\"aligncenter size-full wp-image-556685\" src=\"https:\/\/www.hashtag.al\/wp-content\/uploads\/2022\/10\/protesta-2.png\" alt=\"\" width=\"893\" height=\"521\" srcset=\"https:\/\/www.hashtag.al\/wp-content\/uploads\/2022\/10\/protesta-2.png 893w, https:\/\/www.hashtag.al\/wp-content\/uploads\/2022\/10\/protesta-2-300x175.png 300w, https:\/\/www.hashtag.al\/wp-content\/uploads\/2022\/10\/protesta-2-768x448.png 768w, https:\/\/www.hashtag.al\/wp-content\/uploads\/2022\/10\/protesta-2-250x145.png 250w\" sizes=\"auto, (max-width: 893px) 100vw, 893px\" \/><\/span><\/p>\n<p><span style=\"color: #000000;\">Ka nisur protesta p\u00ebr Lear Kurtin, 32-vje\u00e7arin q\u00eb nd\u00ebrroi jet\u00eb pasi u shoq\u00ebria nga policia. Qytetar\u00ebt jan\u00eb mbledhur para Ministris\u00eb s\u00eb Brendshme ku k\u00ebrkojn\u00eb dor\u00ebheqjen e ministrit Cu\u00e7i.<\/span><\/p>\n<p><span style=\"color: #000000;\">Nj\u00eb nga protestuesit tha se problemet n\u00eb vend jan\u00eb t\u00eb shumta nd\u00ebrsa theksoi se zgjidhja e vetme \u00ebsht\u00eb largimi i qeveris\u00eb. Nj\u00eb nga protestuesit mbante n\u00eb duar nj\u00eb pankart\u00eb ku shkruhej \u2018K\u00eb th\u00ebrret kur policia vret\u2019. Po k\u00ebshtu qytetar\u00ebt than\u00eb se vdekja e t\u00eb riut Kurti n\u00eb duart e policis\u00eb \u00ebsht\u00eb nj\u00eb rast i p\u00ebrs\u00ebritur.<\/span><\/p>\n<p><span style=\"color: #000000;\"><em>\u201cKujt do ti k\u00ebrkojm\u00eb ndihm\u00eb. E vetmja rrug\u00eb \u00ebsht\u00eb largimi i k\u00ebsaj qeverie. Besimi \u00ebsht\u00eb zero. Nuk \u00ebsht\u00eb rast i par\u00eb \u00ebsht\u00eb rast i p\u00ebrs\u00ebritur. ve\u00e7se vrasin edhe posht\u00ebrojn\u00eb viktim\u00ebn \u00e7nuk thon\u00eb p\u00ebr t\u00eb. Jet\u00ebn na e ka dh\u00ebn\u00eb Zoti, kjo polici e shteti po na e merr \u00e7do dit\u00eb. Kur na vret policia k\u00eb duhet t\u00eb th\u00ebrrasim. Na jep dot kush k\u00ebt\u00eb p\u00ebrgjigje. Ne duhet t\u00eb th\u00ebrrasim popullin.\u201d<\/em> &#8211; tha ai.<\/span><br \/>\n<span style=\"color: #000000;\">Protestuesit kan\u00eb thirrur parrulla si \u2018Polici e krimit\u2019 e \u2018Dor\u00ebheqje\u2019.<\/span><\/p>\n<p><span style=\"color: #000000;\"><em>\u201cJan\u00eb politikat e shtetit shqiptar q\u00eb po vrasin t\u00eb rinjt\u00eb tan\u00eb,. Jemi k\u00ebtu t\u00eb k\u00ebrkojm\u00eb llogari, v\u00ebllai i dikujt u vra padrejt\u00ebsisht. Policis\u00eb i ngelen djemt\u00eb\u00a0 e Shqip\u00ebris\u00eb n\u00eb dor\u00eb. I ngel\u00ebn djemt\u00eb e nj\u00eb n\u00ebn\u00eb n\u00eb dore. Vran\u00eb Ardit Gjoklen, u vra i riu n\u00eb Kavaj\u00eb. Vran\u00eb Jonad\u00ebn me nj\u00eb skaf q\u00eb i kalonte 50 mij\u00eb euro\u201d tha nj\u00eb tjet\u00ebr qytetar, duke shtuar: \u201cP\u00ebrbalt\u00ebn viktim\u00ebn. Pyetje p\u00ebr \u00c7u\u00e7in e polic\u00ebt? M\u00eb tregoni Kodin e Transparenc\u00ebs q\u00eb zbardhet \u00e7\u00ebshtje e Leartit. E keni detyrim,. Autopsia \u00ebsht\u00eb dh\u00ebn\u00eb 2 or\u00eb pas vdekje. me rregull duhet 12 or\u00eb. jepni dor\u00ebheqjen. po shkelin \u00e7do ligj, po mbrojn\u00eb uniformat e p\u00ebrbaltura me gjakun e t\u00eb rinjve shqiptar\u00eb. Nuk do t\u00eb dor\u00ebzohemi. Ju jeni vras\u00ebs!\u201d<\/em> &#8211; tha nj\u00eb tjet\u00ebr protestues.<\/span><\/p>\n<p><span style=\"color: #000000;\">Lear Kurti nd\u00ebrroi jet\u00eb nj\u00eb dit\u00eb m\u00eb par\u00eb pasi u shoqerua nga policia n\u00eb rrug\u00ebn \u2018Don Bosko\u2019. Sipas policis\u00eb, i riu ishte larguar me vrap e pas ndjekjes ishte ndaluar por pas mb\u00ebrritjes n\u00eb Komisariatin 3 kishte shfaqur gjendje t\u00eb r\u00ebnduar sh\u00ebndet\u00ebsore. N\u00eb njoftimin e policis\u00eb dhe t\u00eb Agjencis\u00eb s\u00eb Mbik\u00ebqyrjes Policore thuhet se p\u00ebr shkak t\u00eb gjendjes s\u00eb r\u00ebnduar sh\u00ebndet\u00ebsore, efektiv\u00ebt nuk e kishin pritur ambulanc\u00ebn e lajm\u00ebruar dhe e kishin d\u00ebrguar t\u00eb riun vet\u00eb n\u00eb spital. Spitali i Traum\u00ebs nga ana e tij n\u00eb nj\u00eb deklarat\u00eb pohoi se i riu kishte mb\u00ebrritur pa shenja jete. AMP-ja e Prokuroria n\u00eb nj\u00eb deklarat\u00eb njoftuan se t\u00eb riut i ishte gjetur n\u00eb stomak nj\u00eb qese plastike e bardh\u00eb e \u00e7ar\u00eb. Babai i t\u00eb riut tha nj\u00eb dit\u00eb pas ngjarjes se i biri nuk kishte pasur asnj\u00eb problem sh\u00ebndet\u00ebsore duke akuzuar policin\u00eb p\u00ebr vrasjen e tij.<\/span><\/p>\n","protected":false,"gt_translate_keys":[{"key":"rendered","format":"html"}]},"excerpt":{"rendered":"<p>Ka nisur protesta p\u00ebr Lear Kurtin, 32-vje\u00e7arin q\u00eb nd\u00ebrroi jet\u00eb pasi u shoq\u00ebria nga policia. Qytetar\u00ebt jan\u00eb mbledhur para Ministris\u00eb s\u00eb Brendshme ku k\u00ebrkojn\u00eb dor\u00ebheqjen e ministrit Cu\u00e7i. Nj\u00eb nga protestuesit tha se problemet n\u00eb vend jan\u00eb t\u00eb shumta nd\u00ebrsa theksoi se zgjidhja e vetme \u00ebsht\u00eb largimi i qeveris\u00eb. Nj\u00eb nga protestuesit mbante n\u00eb duar [&hellip;]<\/p>\n","protected":false,"gt_translate_keys":[{"key":"rendered","format":"html"}]},"author":51,"featured_media":556685,"comment_status":"closed","ping_status":"closed","sticky":false,"template":"","format":"standard","meta":{"footnotes":""},"categories":[65,13],"tags":[],"class_list":["post-556684","post","type-post","status-publish","format-standard","has-post-thumbnail","hentry","category-lajme","category-te-fundit"],"gt_translate_keys":[{"key":"link","format":"url"}],"_links":{"self":[{"href":"https:\/\/www.hashtag.al\/index.php\/wp-json\/wp\/v2\/posts\/556684","targetHints":{"allow":["GET"]}}],"collection":[{"href":"https:\/\/www.hashtag.al\/index.php\/wp-json\/wp\/v2\/posts"}],"about":[{"href":"https:\/\/www.hashtag.al\/index.php\/wp-json\/wp\/v2\/types\/post"}],"author":[{"embeddable":true,"href":"https:\/\/www.hashtag.al\/index.php\/wp-json\/wp\/v2\/users\/51"}],"replies":[{"embeddable":true,"href":"https:\/\/www.hashtag.al\/index.php\/wp-json\/wp\/v2\/comments?post=556684"}],"version-history":[{"count":0,"href":"https:\/\/www.hashtag.al\/index.php\/wp-json\/wp\/v2\/posts\/556684\/revisions"}],"wp:featuredmedia":[{"embeddable":true,"href":"https:\/\/www.hashtag.al\/index.php\/wp-json\/wp\/v2\/media\/556685"}],"wp:attachment":[{"href":"https:\/\/www.hashtag.al\/index.php\/wp-json\/wp\/v2\/media?parent=556684"}],"wp:term":[{"taxonomy":"category","embeddable":true,"href":"https:\/\/www.hashtag.al\/index.php\/wp-json\/wp\/v2\/categories?post=556684"},{"taxonomy":"post_tag","embeddable":true,"href":"https:\/\/www.hashtag.al\/index.php\/wp-json\/wp\/v2\/tags?post=556684"}],"curies":[{"name":"wp","href":"https:\/\/api.w.org\/{rel}","templated":true}]}}