{"id":556446,"date":"2022-10-20T21:48:29","date_gmt":"2022-10-20T19:48:29","guid":{"rendered":"https:\/\/www.hashtag.al\/?p=556446"},"modified":"2022-10-20T21:48:29","modified_gmt":"2022-10-20T19:48:29","slug":"tabaku-i-kerkon-deputeteve-te-votojne-ligjin-per-hapjen-e-dosjeve","status":"publish","type":"post","link":"https:\/\/www.hashtag.al\/index.php\/2022\/10\/20\/tabaku-i-kerkon-deputeteve-te-votojne-ligjin-per-hapjen-e-dosjeve\/","title":{"rendered":"Tabaku i k\u00ebrkon deputet\u00ebve t\u00eb votojn\u00eb ligjin p\u00ebr hapjen e dosjeve","gt_translate_keys":[{"key":"rendered","format":"text"}]},"content":{"rendered":"<p><span style=\"color: #000000;\"><a style=\"color: #000000;\" href=\"https:\/\/www.hashtag.al\/wp-content\/uploads\/2022\/10\/tabaku5.jpg\"><img loading=\"lazy\" decoding=\"async\" class=\"aligncenter size-full wp-image-556447\" src=\"https:\/\/www.hashtag.al\/wp-content\/uploads\/2022\/10\/tabaku5.jpg\" alt=\"\" width=\"820\" height=\"579\" srcset=\"https:\/\/www.hashtag.al\/wp-content\/uploads\/2022\/10\/tabaku5.jpg 820w, https:\/\/www.hashtag.al\/wp-content\/uploads\/2022\/10\/tabaku5-300x212.jpg 300w, https:\/\/www.hashtag.al\/wp-content\/uploads\/2022\/10\/tabaku5-768x542.jpg 768w\" sizes=\"auto, (max-width: 820px) 100vw, 820px\" \/><\/a><\/span><\/p>\n<p><span style=\"color: #000000;\">Deputetja e Partis\u00eb Demokratike, Jorida Tabaku, k\u00ebrkoi nga koleg\u00ebt e parlamentit q\u00eb t\u00eb votojn\u00eb k\u00ebt\u00eb t\u00eb enjte projektligjin p\u00ebr hapjen e dosjeve.<\/span><\/p>\n<p><span style=\"color: #000000;\">N\u00eb fjal\u00ebn e saj Tabaku tha se ky \u00ebsht\u00eb nj\u00eb ligj i vonuar, t\u00eb cilin PD ia ka borxh demokrat\u00ebve dhe t\u00eb persekutuarve t\u00eb regjimit komunist.<\/span><\/p>\n<p><span style=\"color: #000000;\">Sipas saj ky ligj s\u00eb bashku me lustracionin duhet t\u00eb ishin votuar koh\u00eb m\u00eb par\u00eb.<\/span><\/p>\n<p><span style=\"color: #000000;\">\u201c<em>Nuk mund t\u00eb shk\u00ebputemi nga e djeshmja n\u00ebse nuk arrijm\u00eb t\u00eb marrim informacion si ka funksionuar sigurimi i shtetit. Kjo hapje \u00ebsht\u00eb nj\u00eb proces ku \u00e7dokush t\u00eb shoh veten n\u00eb pasqyr\u00eb<\/em>\u201d, tha Tabaku.<\/span><\/p>\n<p><span style=\"color: #000000;\">Ajo shtoi: \u201cShoq\u00ebria jon\u00eb \u00ebsht\u00eb nj\u00eb vend ku askush nuk \u00ebsht\u00eb d\u00ebnuar p\u00ebr krimet e komunizmit. Sot n\u00eb k\u00ebt\u00eb parlament duhet t\u00eb ishim t\u00eb gjith\u00eb bashk\u00eb p\u00ebr t\u00eb d\u00ebnuar k\u00ebdo q\u00eb valvit portretin e diktatorit. Sot \u00ebsht\u00eb nj\u00eb dit\u00eb ndjes\u00eb p\u00ebr t\u00eb gjith\u00eb ata q\u00eb kan\u00eb besuar te Partia Demokratike dhe q\u00eb ky lig duhej t\u00eb ishte votua koh\u00eb m\u00eb par\u00eb\u201d.<\/span><\/p>\n<p><span style=\"color: #000000;\">Tabaku u shpreh se personalisht nuk e votoi ligjin e vitit 2015 pasi shumica socialiste rr\u00ebzoi amendamentet e deputetes Mesila Doda.<\/span><\/p>\n<p><span style=\"color: #000000;\">\u201c<em>Un\u00eb n\u00eb vitin 2015 nuk e miratova ligjin p\u00ebr dosjet pasi nuk kaluan amendamentet e zonja Doda. Sot besoj se ky parlament dhe duhet t\u00eb votoj\u00eb jo vet\u00ebm k\u00ebt\u00eb ligj por dhe lustracionin q\u00eb n\u00eb vitin 2015 mbyll\u00ebt syt\u00eb<\/em>\u201d, tha Tabaku.<\/span><\/p>\n","protected":false,"gt_translate_keys":[{"key":"rendered","format":"html"}]},"excerpt":{"rendered":"<p>Deputetja e Partis\u00eb Demokratike, Jorida Tabaku, k\u00ebrkoi nga koleg\u00ebt e parlamentit q\u00eb t\u00eb votojn\u00eb k\u00ebt\u00eb t\u00eb enjte projektligjin p\u00ebr hapjen e dosjeve. N\u00eb fjal\u00ebn e saj Tabaku tha se ky \u00ebsht\u00eb nj\u00eb ligj i vonuar, t\u00eb cilin PD ia ka borxh demokrat\u00ebve dhe t\u00eb persekutuarve t\u00eb regjimit komunist. Sipas saj ky ligj s\u00eb bashku me [&hellip;]<\/p>\n","protected":false,"gt_translate_keys":[{"key":"rendered","format":"html"}]},"author":32,"featured_media":556447,"comment_status":"closed","ping_status":"closed","sticky":false,"template":"","format":"standard","meta":{"footnotes":""},"categories":[65,13],"tags":[],"class_list":["post-556446","post","type-post","status-publish","format-standard","has-post-thumbnail","hentry","category-lajme","category-te-fundit"],"gt_translate_keys":[{"key":"link","format":"url"}],"_links":{"self":[{"href":"https:\/\/www.hashtag.al\/index.php\/wp-json\/wp\/v2\/posts\/556446","targetHints":{"allow":["GET"]}}],"collection":[{"href":"https:\/\/www.hashtag.al\/index.php\/wp-json\/wp\/v2\/posts"}],"about":[{"href":"https:\/\/www.hashtag.al\/index.php\/wp-json\/wp\/v2\/types\/post"}],"author":[{"embeddable":true,"href":"https:\/\/www.hashtag.al\/index.php\/wp-json\/wp\/v2\/users\/32"}],"replies":[{"embeddable":true,"href":"https:\/\/www.hashtag.al\/index.php\/wp-json\/wp\/v2\/comments?post=556446"}],"version-history":[{"count":0,"href":"https:\/\/www.hashtag.al\/index.php\/wp-json\/wp\/v2\/posts\/556446\/revisions"}],"wp:featuredmedia":[{"embeddable":true,"href":"https:\/\/www.hashtag.al\/index.php\/wp-json\/wp\/v2\/media\/556447"}],"wp:attachment":[{"href":"https:\/\/www.hashtag.al\/index.php\/wp-json\/wp\/v2\/media?parent=556446"}],"wp:term":[{"taxonomy":"category","embeddable":true,"href":"https:\/\/www.hashtag.al\/index.php\/wp-json\/wp\/v2\/categories?post=556446"},{"taxonomy":"post_tag","embeddable":true,"href":"https:\/\/www.hashtag.al\/index.php\/wp-json\/wp\/v2\/tags?post=556446"}],"curies":[{"name":"wp","href":"https:\/\/api.w.org\/{rel}","templated":true}]}}