{"id":556386,"date":"2022-10-20T15:44:11","date_gmt":"2022-10-20T13:44:11","guid":{"rendered":"https:\/\/www.hashtag.al\/?p=556386"},"modified":"2022-10-20T15:50:53","modified_gmt":"2022-10-20T13:50:53","slug":"amp-dhe-prokuroria-lear-kurtit-iu-gjet-ne-stomak-nje-qese-me-droge","status":"publish","type":"post","link":"https:\/\/www.hashtag.al\/index.php\/2022\/10\/20\/amp-dhe-prokuroria-lear-kurtit-iu-gjet-ne-stomak-nje-qese-me-droge\/","title":{"rendered":"AMP dhe Prokuroria: Lear Kurtit iu gjet n\u00eb stomak nj\u00eb qese me drog\u00eb","gt_translate_keys":[{"key":"rendered","format":"text"}]},"content":{"rendered":"<p><span style=\"color: #000000;\"><a href=\"https:\/\/www.hashtag.al\/wp-content\/uploads\/2022\/10\/Laer-Kurti.jpg\"><img loading=\"lazy\" decoding=\"async\" class=\"aligncenter size-full wp-image-556356\" src=\"https:\/\/www.hashtag.al\/wp-content\/uploads\/2022\/10\/Laer-Kurti.jpg\" alt=\"\" width=\"738\" height=\"463\" srcset=\"https:\/\/www.hashtag.al\/wp-content\/uploads\/2022\/10\/Laer-Kurti.jpg 738w, https:\/\/www.hashtag.al\/wp-content\/uploads\/2022\/10\/Laer-Kurti-300x188.jpg 300w\" sizes=\"auto, (max-width: 738px) 100vw, 738px\" \/><\/a><\/span><\/p>\n<p><span style=\"color: #000000;\">Agjencia e Mbik\u00ebqyrjes Policore ka reeaguar p\u00ebrs\u00ebri lidhur me vdekjen misterioze t\u00eb 32-vje\u00e7arit Lear Kurti mbr\u00ebmjen e djeshme n\u00eb Tiran\u00eb.<\/span><\/p>\n<p><span style=\"color: #000000;\">N\u00eb nj\u00eb deklarat\u00eb t\u00eb p\u00ebrbashk\u00ebt me Prokurorin\u00eb e Tiran\u00ebs, jepen detaje nga ndjekja e t\u00eb riut p\u00ebr disa minuta e kapur edhe n\u00eb kamera sigurie, ndalimi, shoq\u00ebrimi n\u00eb komisariat, shoq\u00ebrimi drejt spitalit t\u00eb Traum\u00ebs, ndarja e tij nga jeta dhe autopsia.<\/span><\/p>\n<p><span style=\"color: #000000;\">N\u00eb njoftim AMP thot\u00eb se ekspert\u00ebt mjekoligjor\u00eb kan\u00eb gjetur n\u00eb trupin e t\u00eb riut nj\u00eb qese plastike e \u00e7ar\u00eb me ngjyr\u00eb t\u00eb bardh\u00eb, e cila dyshohet se mbante l\u00ebnd\u00eb narkotike.<\/span><\/p>\n<p><em><span style=\"color: #000000;\">&#8220;Nga autopsia e kryer n\u00eb Institutin e Mjek\u00ebsis\u00eb Ligjore, rezultoi se n\u00eb stomakun e viktim\u00ebs \u00ebsht\u00eb gjetur nj\u00eb qese plastike e \u00e7ar\u00eb me ngjyr\u00eb t\u00eb bardh\u00eb me p\u00ebrmasa 5&#215;5 cm, e dyshuar si ambalazh i l\u00ebnd\u00ebs narkotike, e cila i \u00ebsht\u00eb n\u00ebnshtruar ekzaminimit n\u00eb Institutin e Policis\u00eb Shkencore.<\/span><\/em><\/p>\n<p><span style=\"color: #000000;\"><em>Gjithashtu nga Instituti i Mjek\u00ebsis\u00eb Ligjore, vijojn\u00eb ekzaminimet p\u00ebr t\u00eb p\u00ebrcaktuar shkakun e vdekjes.&#8221;<\/em>&#8211; thuhet n\u00eb njoftim, duke ngritur k\u00ebshtu hipotez\u00ebn se i riu kishte g\u00eblltitur qesen me l\u00ebnd\u00ebn narkotike p\u00ebr ta fshehur nga policia.<\/span><\/p>\n<p><span style=\"color: #000000;\">AMP p\u00ebrs\u00ebrit disa her\u00eb se n\u00eb trupin e njeriut nuk jan\u00eb gjetur shenja dhune.<\/span><\/p>\n<p><strong><span style=\"color: #000000;\">Njoftimi<\/span><\/strong><\/p>\n<p><span style=\"color: #000000;\">N\u00ebn drejtimin e Prokuroris\u00eb s\u00eb Rrethit Gjyq\u00ebsor Tiran\u00eb, Agjencia e Mbik\u00ebqyrjes Policore ka kryer veprimet hetimore proceduriale n\u00eb lidhje me ngjarjen ku shtetasi L.K., 32 vje\u00e7 nd\u00ebrroi jet\u00eb pasi u shoq\u00ebrua nga punonj\u00ebs policie t\u00eb Komisariatit Nr.3 Tiran\u00eb gjat\u00eb nj\u00eb kontrolli rutin\u00eb, nga t\u00eb cilat rezulton se:<\/span><\/p>\n<p><span style=\"color: #000000;\">N\u00eb dat\u00eb 19.10.2022, ora 23:07, punonj\u00ebsit e Komisariatit t\u00eb Policis\u00eb Nr. 3 Tiran\u00eb, gjat\u00eb patrullimit n\u00eb Rr. \u201cRiza \u00c7uka\u201d n\u00eb zon\u00ebn e Laprak\u00ebs kan\u00eb konstatuar nj\u00eb person duke q\u00ebndruar p\u00ebrpara nj\u00eb biznesi privat, p\u00ebr t\u00eb cilin kushtet dhe rrethanat diktonin nevoj\u00ebn e nj\u00eb verifikimi.<\/span><\/p>\n<p><span style=\"color: #000000;\">N\u00eb momentin kur punonj\u00ebsit e Policis\u00eb, i kan\u00eb k\u00ebrkuar dokumentin e identifikimit, shtetasi \u00ebsht\u00eb larguar me vrap, duke mos iu bindur thirrjeve t\u00eb nj\u00ebpasnj\u00ebshme t\u00eb punonj\u00ebsve t\u00eb Policis\u00eb p\u00ebr t\u00eb ndaluar.<\/span><\/p>\n<p><span style=\"color: #000000;\">Pasi ka vrapuar p\u00ebr rreth 200 metra, i ndjekur nga patrulla e Policis\u00eb, mes rrugicave midis rrug\u00ebs \u201cRiza \u00c7uka\u201d dhe \u201cDon Bosko\u201d, ai \u00ebsht\u00eb kapur dhe ndaluar nga punonj\u00ebsit e Policis\u00eb, vend n\u00eb t\u00eb cilin kan\u00eb q\u00ebndruar 7 minuta.<\/span><\/p>\n<p><span style=\"color: #000000;\">N\u00eb vijim, pasi \u00ebsht\u00eb qet\u00ebsuar, shtetasi \u00ebsht\u00eb shoq\u00ebruar n\u00eb ambientet e Komisariatit t\u00eb Policis\u00eb Nr. 3 ku ka shfaqur probleme sh\u00ebndet\u00ebsore, gj\u00eb e cila ka diktuar d\u00ebrgimin n\u00eb Spitalin e Traum\u00ebs, ku \u00ebsht\u00eb konstatuar humbja e jet\u00ebs.<\/span><\/p>\n<p><span style=\"color: #000000;\">Nga veprimet hetimore t\u00eb kryera, \u00ebsht\u00eb dokumentuar i gjith\u00eb itenerari dhe veprimet e punonj\u00ebsve t\u00eb Policis\u00eb nga momenti kur shtetasit i k\u00ebrkohet t\u00eb identifikohet deri n\u00eb shoq\u00ebrimin e tij n\u00eb ambientet e Komisariatit t\u00eb policis\u00eb Nr 3.<\/span><\/p>\n<p><span style=\"color: #000000;\">Ky itenerar pasqyrohet n\u00eb pamjet filmike t\u00eb admnistruara nga 5 kamera t\u00eb vendeve t\u00eb ndryshme, deklarimet e personave t\u00eb pranish\u00ebm, mes tyre dhe dy shtetas shok\u00eb t\u00eb viktim\u00ebs, si dhe nga deklarimet e punonj\u00ebsve t\u00eb Policis\u00eb.<\/span><\/p>\n<p><span style=\"color: #000000;\">Nga veprimet hetimore n\u00eb vazhdim jan\u00eb dhe k\u00ebqyrja e kufom\u00ebs n\u00eb prani t\u00eb stafit mjeko-ligjor, nga e cila nuk rezulton q\u00eb n\u00eb trupin e viktim\u00ebs t\u00eb ket\u00eb d\u00ebmtime apo shenja dhune. N\u00eb ky\u00e7e konstatohen shenjat e krijuara n\u00eb momentin e prangosjes.<\/span><\/p>\n<p><span style=\"color: #000000;\">Nga autopsia e kryer n\u00eb Institutin e Mjek\u00ebsis\u00eb Ligjore, rezultoi se n\u00eb stomakun e viktim\u00ebs \u00ebsht\u00eb gjetur nj\u00eb qese plastike e \u00e7ar\u00eb me ngjyr\u00eb t\u00eb bardh\u00eb me p\u00ebrmasa 5&#215;5 cm, e dyshuar si ambalazh i l\u00ebnd\u00ebs narkotike, e cila i \u00ebsht\u00eb n\u00ebnshtruar ekzaminimit n\u00eb Institutin e Policis\u00eb Shkencore.<\/span><\/p>\n<p><span style=\"color: #000000;\">Gjithashtu nga Instituti i Mjek\u00ebsis\u00eb Ligjore, vijojn\u00eb ekzaminimet p\u00ebr t\u00eb p\u00ebrcaktuar shkakun e vdekjes.<\/span><\/p>\n<p><span style=\"color: #000000;\">Nga analiza e kryer e provave t\u00eb grumbulluara deri n\u00eb k\u00ebt\u00eb faz\u00eb t\u00eb hetimeve, si pamje filmike, k\u00ebqyrje dhe ekzaminime mjeko-ligjore, nuk evidentohen veprime t\u00eb kundraligjshme t\u00eb punonj\u00ebsve t\u00eb Policis\u00eb, gjat\u00eb dhe pas shoq\u00ebrimit t\u00eb shtetasit L.K., 32 vje\u00e7.<\/span><\/p>\n<p><span style=\"color: #000000;\">P\u00ebr sa m\u00eb sip\u00ebr, AMP n\u00ebn drejtimin e Prokuroris\u00eb s\u00eb Rrethit Gjyq\u00ebsor Tiran\u00eb vijon hetimet p\u00ebr t\u00eb sqaruar dhe zbardhur shkakun e vdekjes dhe rrethana t\u00eb tjera t\u00eb ngjarjes.<\/span><\/p>\n","protected":false,"gt_translate_keys":[{"key":"rendered","format":"html"}]},"excerpt":{"rendered":"<p>Agjencia e Mbik\u00ebqyrjes Policore ka reeaguar p\u00ebrs\u00ebri lidhur me vdekjen misterioze t\u00eb 32-vje\u00e7arit Lear Kurti mbr\u00ebmjen e djeshme n\u00eb Tiran\u00eb. N\u00eb nj\u00eb deklarat\u00eb t\u00eb p\u00ebrbashk\u00ebt me Prokurorin\u00eb e Tiran\u00ebs, jepen detaje nga ndjekja e t\u00eb riut p\u00ebr disa minuta e kapur edhe n\u00eb kamera sigurie, ndalimi, shoq\u00ebrimi n\u00eb komisariat, shoq\u00ebrimi drejt spitalit t\u00eb Traum\u00ebs, ndarja [&hellip;]<\/p>\n","protected":false,"gt_translate_keys":[{"key":"rendered","format":"html"}]},"author":30,"featured_media":556356,"comment_status":"closed","ping_status":"closed","sticky":false,"template":"","format":"standard","meta":{"footnotes":""},"categories":[22,65,13],"tags":[],"class_list":["post-556386","post","type-post","status-publish","format-standard","has-post-thumbnail","hentry","category-ballina","category-lajme","category-te-fundit"],"gt_translate_keys":[{"key":"link","format":"url"}],"_links":{"self":[{"href":"https:\/\/www.hashtag.al\/index.php\/wp-json\/wp\/v2\/posts\/556386","targetHints":{"allow":["GET"]}}],"collection":[{"href":"https:\/\/www.hashtag.al\/index.php\/wp-json\/wp\/v2\/posts"}],"about":[{"href":"https:\/\/www.hashtag.al\/index.php\/wp-json\/wp\/v2\/types\/post"}],"author":[{"embeddable":true,"href":"https:\/\/www.hashtag.al\/index.php\/wp-json\/wp\/v2\/users\/30"}],"replies":[{"embeddable":true,"href":"https:\/\/www.hashtag.al\/index.php\/wp-json\/wp\/v2\/comments?post=556386"}],"version-history":[{"count":0,"href":"https:\/\/www.hashtag.al\/index.php\/wp-json\/wp\/v2\/posts\/556386\/revisions"}],"wp:featuredmedia":[{"embeddable":true,"href":"https:\/\/www.hashtag.al\/index.php\/wp-json\/wp\/v2\/media\/556356"}],"wp:attachment":[{"href":"https:\/\/www.hashtag.al\/index.php\/wp-json\/wp\/v2\/media?parent=556386"}],"wp:term":[{"taxonomy":"category","embeddable":true,"href":"https:\/\/www.hashtag.al\/index.php\/wp-json\/wp\/v2\/categories?post=556386"},{"taxonomy":"post_tag","embeddable":true,"href":"https:\/\/www.hashtag.al\/index.php\/wp-json\/wp\/v2\/tags?post=556386"}],"curies":[{"name":"wp","href":"https:\/\/api.w.org\/{rel}","templated":true}]}}