{"id":556382,"date":"2022-10-20T15:22:57","date_gmt":"2022-10-20T13:22:57","guid":{"rendered":"https:\/\/www.hashtag.al\/?p=556382"},"modified":"2022-10-20T15:22:57","modified_gmt":"2022-10-20T13:22:57","slug":"liz-truss-kryeministrja-me-jeteshkurter-ne-historine-e-mbreterise-se-bashkuar","status":"publish","type":"post","link":"https:\/\/www.hashtag.al\/index.php\/2022\/10\/20\/liz-truss-kryeministrja-me-jeteshkurter-ne-historine-e-mbreterise-se-bashkuar\/","title":{"rendered":"Liz Truss, kryeministrja m\u00eb jet\u00ebshkurt\u00ebr n\u00eb historin\u00eb e Mbret\u00ebris\u00eb s\u00eb Bashkuar","gt_translate_keys":[{"key":"rendered","format":"text"}]},"content":{"rendered":"<p><span style=\"color: #000000;\"><a href=\"https:\/\/www.hashtag.al\/wp-content\/uploads\/2022\/10\/Liz.jpg\"><img loading=\"lazy\" decoding=\"async\" class=\"aligncenter size-full wp-image-556383\" src=\"https:\/\/www.hashtag.al\/wp-content\/uploads\/2022\/10\/Liz.jpg\" alt=\"\" width=\"734\" height=\"413\" srcset=\"https:\/\/www.hashtag.al\/wp-content\/uploads\/2022\/10\/Liz.jpg 734w, https:\/\/www.hashtag.al\/wp-content\/uploads\/2022\/10\/Liz-300x169.jpg 300w\" sizes=\"auto, (max-width: 734px) 100vw, 734px\" \/><\/a><\/span><\/p>\n<p><span style=\"color: #000000;\">Edhe pse erdhi n\u00eb pushtet me premtime t\u00eb m\u00ebdha, kryeministrja e Britanis\u00eb s\u00eb Madhe Liz Truss ka njoftuar dor\u00ebheqjen pasi ka qen\u00eb n\u00eb detyr\u00eb p\u00ebr vet\u00ebm 45 dit\u00eb, mandati m\u00eb i shkurt\u00ebr i \u00e7do kryeministri t\u00eb Mbret\u00ebris\u00eb s\u00eb Bashkuar.<\/span><\/p>\n<p><span style=\"color: #000000;\">Kryeministri i dyt\u00eb q\u00eb ka q\u00ebndruar m\u00eb pak n\u00eb detyr\u00eb ka qen\u00eb George Canning, i cili sh\u00ebrbeu p\u00ebr 119 dit\u00eb pasi vdiq n\u00eb 1827.<\/span><\/p>\n<p><span style=\"color: #000000;\">Problemet p\u00ebr Truss filluan pas nj\u00eb buxheti t\u00eb d\u00ebshtuar t\u00eb uljes s\u00eb taksave q\u00eb tronditi tregjet financiare dhe q\u00eb \u00e7oi n\u00eb nj\u00eb revolt\u00eb brenda Partis\u00eb s\u00eb saj Konservatore.<\/span><\/p>\n<p><span style=\"color: #000000;\">Truss mundi Rishi Sunak p\u00ebr t&#8217;u b\u00ebr\u00eb udh\u00ebheq\u00ebs i Partis\u00eb Konservatore pas dor\u00ebheqjes s\u00eb Boris Johnson m\u00eb 7 korrik. Sunak tani \u00ebsht\u00eb nj\u00eb nga favorit\u00ebt p\u00ebr t\u00eb z\u00ebvend\u00ebsuar Truss, s\u00eb bashku me Jeremy Hunt, nj\u00eb tjet\u00ebr pretendente p\u00ebr lidership \u00ebsht\u00eb Penny Mordaunt, Ministri i Mbrojtjes Ben \u00cballace dhe ish-kryeministri Boris Johnson.<\/span><\/p>\n<p><strong><span style=\"color: #000000;\">&#8216;Minibuxheti&#8217; i diskutuesh\u00ebm<\/span><\/strong><\/p>\n<p><span style=\"color: #000000;\">M\u00eb 23 shtator, ministri i financave t\u00eb Truss, Kwasi Kwarteng, njoftoi nj\u00eb t\u00eb ashtuquajtur &#8220;mini-buxhet&#8221; i cili filloi nj\u00eb periudh\u00eb t\u00eb trazuar p\u00ebr tregjet e bonove n\u00eb Mbret\u00ebrin\u00eb e Bashkuar, e cila u shmang nga shkurtimet e taksave t\u00eb financuara nga borxhi q\u00eb ai parashtroi. Shumica e politikave u ndryshuan tre jav\u00eb m\u00eb von\u00eb nga ministri i dyt\u00eb i financave, Jeremy Hunt.<\/span><\/p>\n<p><span style=\"color: #000000;\">Dor\u00ebheqja e saj e l\u00eb t\u00eb pasigurt statusin e p\u00ebrdit\u00ebsimit t\u00eb buxhetit t\u00eb pritsh\u00ebm t\u00eb konservator\u00ebve m\u00eb 31 tetor, por Truss tha se dor\u00ebzimi i lidershipit do t\u00eb <em>&#8220;siguronte q\u00eb ne t\u00eb mbetemi n\u00eb rrug\u00ebn p\u00ebr t\u00eb realizuar planet tona fiskale&#8221;.<\/em><\/span><\/p>\n<p><strong><span style=\"color: #000000;\">Duhet b\u00ebr\u00eb m\u00eb shum\u00eb<\/span><\/strong><\/p>\n<p><span style=\"color: #000000;\">Paul Dales, kryeekonomist i Mbret\u00ebris\u00eb s\u00eb Bashkuar n\u00eb Capital Economics, tha se kryeministri i ri do t\u00eb duhet t\u00eb b\u00ebj\u00eb m\u00eb shum\u00eb p\u00ebr t\u00eb rifituar besimin e tregjeve financiare.<\/span><\/p>\n<p><span style=\"color: #000000;\"><em>\u201cN\u00eb vet\u00ebm pak jav\u00eb politika fiskale ka ndryshuar nga t\u00eb qenit ultra e lirshme, n\u00eb m\u00eb pak e lirshme n\u00eb plot\u00ebsisht t\u00eb shtr\u00ebnguar.\u201d &#8211;<\/em> tha ai n\u00eb nj\u00eb sh\u00ebnim sipas <span style=\"color: #0000ff;\"><a style=\"color: #0000ff;\" href=\"https:\/\/www.cnbc.com\/2022\/10\/20\/uk-prime-minister-liz-truss-resigns-after-failed-budget-and-market-turmoil.html\">CNBC<\/a><\/span>.<\/span><\/p>\n<p><span style=\"color: #000000;\">\u201cKjo ka rritur rreziqet e r\u00ebnies p\u00ebr parashikimin ton\u00eb se ekonomia do t\u00eb hyj\u00eb n\u00eb nj\u00eb recesion q\u00eb p\u00ebrfshin nj\u00eb r\u00ebnie maksimale t\u00eb PBB-s\u00eb prej rreth 2%, megjith\u00ebse kjo n\u00eb vetvete do t\u00eb thot\u00eb se ka gjithashtu nj\u00eb rrezik n\u00eb r\u00ebnie p\u00ebr parashikimin ton\u00eb q\u00eb normat e interesit do t\u00eb rriten n\u00eb 5.00%\u201d.<\/span><\/p>\n<p><strong><span style=\"color: #000000;\">Si erdhi Liz Truss n\u00eb pushtet?<\/span><\/strong><\/p>\n<p><span style=\"color: #000000;\">Truss \u00ebsht\u00eb nj\u00eb ish-aktiviste liberale-demokrate, e cila marshoi kund\u00ebr Margaret Thatcher n\u00eb vitet 1980, por q\u00eb tani pretendon se \u00ebsht\u00eb rojtare e \u201cflak\u00ebs\u201d s\u00eb ndezur nga Thatcher. Premtimi i saj p\u00ebr t\u2019u kthyer n\u00eb vlerat themelore konservatore, ulja e taksave dhe tkurrja e shtetit, rezultoi t\u00eb ishte pik\u00ebrisht ajo q\u00eb donin t\u00eb d\u00ebgjonin an\u00ebtar\u00ebt e partis\u00eb. <\/span><span style=\"color: #000000;\">Dhe, m\u00eb e r\u00ebnd\u00ebsishmja, si sekretare e jashtme ajo i q\u00ebndroi besnike zotit Johnson deri n\u00eb fund edhe pasi ministrat e tjer\u00eb e braktis\u00ebn at\u00eb, duke fituar pik\u00eb nga besnik\u00ebt e Johnsonit.<\/span><\/p>\n<p><span style=\"color: #000000;\">Mb\u00ebshtet\u00ebsit e konservator\u00ebve baz\u00eb t\u00eb Liz Truss shihnin tek ajo cil\u00ebsit\u00eb e pal\u00ebkundura, k\u00ebmb\u00ebngulja dhe vendosm\u00ebria q\u00eb ata admironin te Margaret Thatcher \u2013 nj\u00eb imazh q\u00eb vet\u00eb zonja Truss \u00ebsht\u00eb p\u00ebrpjekur ta kultivoj\u00eb.<\/span><\/p>\n<p><span style=\"color: #000000;\">Dhe Liz Truss e fitoi gar\u00ebn p\u00ebr udh\u00ebheqjen e Partis\u00eb Konservatore duke z\u00ebvend\u00ebsuar Boris Johnsonin.<\/span><\/p>\n<p><span style=\"color: #000000;\">Por \u00e7far\u00eb tha ajo n\u00eb fjalimin e saj t\u00eb fitores? Truss tha se:\u00a0<em>\u201cKam b\u00ebr\u00eb fushat\u00eb si konservatore dhe do t\u00eb qeveris si konservatore. Miqt\u00eb e mi, ne duhet t\u00eb tregojm\u00eb se do t\u00eb kemi sukses gjat\u00eb dy viteve t\u00eb ardhshme.\u201d<\/em><\/span><\/p>\n<p><span style=\"color: #000000;\">Ajo shtonte se do t\u00eb tregohet e guximshme n\u00eb planin e saj p\u00ebr uljen e taksave.<\/span><\/p>\n<p><span style=\"color: #000000;\"><em>\u201cUn\u00eb do t\u00eb jap nj\u00eb plan t\u00eb guximsh\u00ebm p\u00ebr t\u00eb ulur taksat dhe p\u00ebr t\u00eb rritur ekonomin\u00eb ton\u00eb. Un\u00eb do t\u00eb p\u00ebrballoj kriz\u00ebn e energjis\u00eb, duke u marr\u00eb me faturat e energjis\u00eb s\u00eb njer\u00ebzve, por edhe duke u marr\u00eb me \u00e7\u00ebshtjet afatgjata q\u00eb kemi p\u00ebr furnizimin me energji.\u201d<\/em>&#8211;\u00a0tha Truss.<\/span><\/p>\n<p><span style=\"color: #000000;\">Madje b\u00ebri dhe premtimin e guximsh\u00ebm se<em> \u201cNe do t\u00eb japim nj\u00eb fitore t\u00eb madhe p\u00ebr Partin\u00eb Konservatore n\u00eb 2024.\u201d<\/em><\/span><\/p>\n<p><span style=\"color: #000000;\">Por asgj\u00eb nga k\u00ebto nuk ndodhi pasi q\u00eb n\u00eb dit\u00ebt e para n\u00eb detyr\u00eb gj\u00ebrat filluan t\u00eb shkojn\u00eb keq.<\/span><\/p>\n","protected":false,"gt_translate_keys":[{"key":"rendered","format":"html"}]},"excerpt":{"rendered":"<p>Edhe pse erdhi n\u00eb pushtet me premtime t\u00eb m\u00ebdha, kryeministrja e Britanis\u00eb s\u00eb Madhe Liz Truss ka njoftuar dor\u00ebheqjen pasi ka qen\u00eb n\u00eb detyr\u00eb p\u00ebr vet\u00ebm 45 dit\u00eb, mandati m\u00eb i shkurt\u00ebr i \u00e7do kryeministri t\u00eb Mbret\u00ebris\u00eb s\u00eb Bashkuar. Kryeministri i dyt\u00eb q\u00eb ka q\u00ebndruar m\u00eb pak n\u00eb detyr\u00eb ka qen\u00eb George Canning, i cili [&hellip;]<\/p>\n","protected":false,"gt_translate_keys":[{"key":"rendered","format":"html"}]},"author":30,"featured_media":556383,"comment_status":"closed","ping_status":"closed","sticky":false,"template":"","format":"standard","meta":{"footnotes":""},"categories":[22,65,13],"tags":[],"class_list":["post-556382","post","type-post","status-publish","format-standard","has-post-thumbnail","hentry","category-ballina","category-lajme","category-te-fundit"],"gt_translate_keys":[{"key":"link","format":"url"}],"_links":{"self":[{"href":"https:\/\/www.hashtag.al\/index.php\/wp-json\/wp\/v2\/posts\/556382","targetHints":{"allow":["GET"]}}],"collection":[{"href":"https:\/\/www.hashtag.al\/index.php\/wp-json\/wp\/v2\/posts"}],"about":[{"href":"https:\/\/www.hashtag.al\/index.php\/wp-json\/wp\/v2\/types\/post"}],"author":[{"embeddable":true,"href":"https:\/\/www.hashtag.al\/index.php\/wp-json\/wp\/v2\/users\/30"}],"replies":[{"embeddable":true,"href":"https:\/\/www.hashtag.al\/index.php\/wp-json\/wp\/v2\/comments?post=556382"}],"version-history":[{"count":0,"href":"https:\/\/www.hashtag.al\/index.php\/wp-json\/wp\/v2\/posts\/556382\/revisions"}],"wp:featuredmedia":[{"embeddable":true,"href":"https:\/\/www.hashtag.al\/index.php\/wp-json\/wp\/v2\/media\/556383"}],"wp:attachment":[{"href":"https:\/\/www.hashtag.al\/index.php\/wp-json\/wp\/v2\/media?parent=556382"}],"wp:term":[{"taxonomy":"category","embeddable":true,"href":"https:\/\/www.hashtag.al\/index.php\/wp-json\/wp\/v2\/categories?post=556382"},{"taxonomy":"post_tag","embeddable":true,"href":"https:\/\/www.hashtag.al\/index.php\/wp-json\/wp\/v2\/tags?post=556382"}],"curies":[{"name":"wp","href":"https:\/\/api.w.org\/{rel}","templated":true}]}}