{"id":556353,"date":"2022-10-20T13:51:35","date_gmt":"2022-10-20T11:51:35","guid":{"rendered":"https:\/\/www.hashtag.al\/?p=556353"},"modified":"2022-10-20T13:52:54","modified_gmt":"2022-10-20T11:52:54","slug":"vdekja-e-te-riut-pasi-u-shoqerua-ne-komisariat-spitali-i-traumes-hedh-poshte-versionin-e-amp-se-lear-kurti-erdhi-i-pajete-te-ne","status":"publish","type":"post","link":"https:\/\/www.hashtag.al\/index.php\/2022\/10\/20\/vdekja-e-te-riut-pasi-u-shoqerua-ne-komisariat-spitali-i-traumes-hedh-poshte-versionin-e-amp-se-lear-kurti-erdhi-i-pajete-te-ne\/","title":{"rendered":"Vdekja e t\u00eb riut pasi u shoq\u00ebrua n\u00eb komisariat\/ Spitali i Traum\u00ebs hedh posht\u00eb versionin e AMP-s\u00eb: Lear Kurti erdhi i pajet\u00eb te ne","gt_translate_keys":[{"key":"rendered","format":"text"}]},"content":{"rendered":"<div id=\"attachment_556254\" style=\"width: 1042px\" class=\"wp-caption aligncenter\"><a href=\"https:\/\/www.hashtag.al\/wp-content\/uploads\/2022\/10\/WhatsApp-Image-2022-10-20-at-08.31.03.jpeg\"><img loading=\"lazy\" decoding=\"async\" aria-describedby=\"caption-attachment-556254\" class=\"size-full wp-image-556254\" src=\"https:\/\/www.hashtag.al\/wp-content\/uploads\/2022\/10\/WhatsApp-Image-2022-10-20-at-08.31.03.jpeg\" alt=\"\" width=\"1032\" height=\"1280\" srcset=\"https:\/\/www.hashtag.al\/wp-content\/uploads\/2022\/10\/WhatsApp-Image-2022-10-20-at-08.31.03.jpeg 1032w, https:\/\/www.hashtag.al\/wp-content\/uploads\/2022\/10\/WhatsApp-Image-2022-10-20-at-08.31.03-242x300.jpeg 242w, https:\/\/www.hashtag.al\/wp-content\/uploads\/2022\/10\/WhatsApp-Image-2022-10-20-at-08.31.03-826x1024.jpeg 826w, https:\/\/www.hashtag.al\/wp-content\/uploads\/2022\/10\/WhatsApp-Image-2022-10-20-at-08.31.03-768x953.jpeg 768w\" sizes=\"auto, (max-width: 1032px) 100vw, 1032px\" \/><\/a><p id=\"caption-attachment-556254\" class=\"wp-caption-text\"><em>32-vje\u00e7ari Lear Kurti<\/em><\/p><\/div>\n<p><span style=\"color: #000000;\">Vdekja e 32-vje\u00e7arit Lear Kurti mbr\u00ebmjen e djeshme n\u00eb Tiran\u00eb mbetet mister. Por \u201cNews 24\u201d dhe \u201cBalkanweb\u201d kan\u00eb publikuar t\u00eb dh\u00ebna t\u00eb reja.<\/span><\/p>\n<p><span style=\"color: #000000;\">Ndon\u00ebse n\u00eb fillim u pohua nga ana e AMP-s\u00eb se i riu ishte nisur drejt spitalit pasi kishte shfaqur probleme sh\u00ebndet\u00ebsore, Spitali i Traum\u00ebs ka konfirmuar p\u00ebr \u201cNews 24\u201d se 32-vje\u00e7ari kishte mb\u00ebrritur i vdekur n\u00eb spital.<\/span><\/p>\n<p><span style=\"color: #000000;\">Dhe n\u00eb raste t\u00eb tilla, spitali nuk b\u00ebn k\u00ebqyrjen e personave q\u00eb vijn\u00eb t\u00eb pajet\u00eb n\u00eb k\u00ebt\u00eb institucion, por trupi i kalon morgut p\u00ebr ekspertiz\u00eb mjeko-ligjore.<\/span><\/p>\n<p><span style=\"color: #000000;\">Ekspertiza mjeko-ligjore e trupit t\u00eb pajet\u00eb t\u00eb 32-vje\u00e7arit thuhet se ka p\u00ebrfunduar dhe familjar\u00ebt kan\u00eb t\u00ebrhequr trupin e pajet\u00eb t\u00eb tij. Nd\u00ebrkoh\u00eb, po sot do t\u00eb b\u00ebhet ceremonia mortore e t\u00eb riut, i cili do t\u00eb p\u00ebrcillet pasditen e sotme drejt banes\u00ebs s\u00eb fundit.<\/span><\/p>\n<p><span style=\"color: #000000;\">Ngjarja e r\u00ebnd\u00eb ndodhi pak para mesnate n\u00eb komisariatin nr.3, pas shoq\u00ebrimit t\u00eb t\u00eb riut n\u00eb k\u00ebto ambiente. Sipas AMP-s\u00eb i riu kishte shfaqur probleme sh\u00ebndet\u00ebsore dhe ishte d\u00ebrguar n\u00eb spital.<\/span><\/p>\n<p><a href=\"https:\/\/www.hashtag.al\/wp-content\/uploads\/2022\/10\/Kurti-1.jpg\"><img loading=\"lazy\" decoding=\"async\" class=\"aligncenter size-full wp-image-556354\" src=\"https:\/\/www.hashtag.al\/wp-content\/uploads\/2022\/10\/Kurti-1.jpg\" alt=\"\" width=\"445\" height=\"450\" srcset=\"https:\/\/www.hashtag.al\/wp-content\/uploads\/2022\/10\/Kurti-1.jpg 445w, https:\/\/www.hashtag.al\/wp-content\/uploads\/2022\/10\/Kurti-1-297x300.jpg 297w, https:\/\/www.hashtag.al\/wp-content\/uploads\/2022\/10\/Kurti-1-80x80.jpg 80w\" sizes=\"auto, (max-width: 445px) 100vw, 445px\" \/><\/a><\/p>\n","protected":false,"gt_translate_keys":[{"key":"rendered","format":"html"}]},"excerpt":{"rendered":"<p>Vdekja e 32-vje\u00e7arit Lear Kurti mbr\u00ebmjen e djeshme n\u00eb Tiran\u00eb mbetet mister. Por \u201cNews 24\u201d dhe \u201cBalkanweb\u201d kan\u00eb publikuar t\u00eb dh\u00ebna t\u00eb reja. Ndon\u00ebse n\u00eb fillim u pohua nga ana e AMP-s\u00eb se i riu ishte nisur drejt spitalit pasi kishte shfaqur probleme sh\u00ebndet\u00ebsore, Spitali i Traum\u00ebs ka konfirmuar p\u00ebr \u201cNews 24\u201d se 32-vje\u00e7ari kishte [&hellip;]<\/p>\n","protected":false,"gt_translate_keys":[{"key":"rendered","format":"html"}]},"author":30,"featured_media":556356,"comment_status":"closed","ping_status":"closed","sticky":false,"template":"","format":"standard","meta":{"footnotes":""},"categories":[65,13],"tags":[],"class_list":["post-556353","post","type-post","status-publish","format-standard","has-post-thumbnail","hentry","category-lajme","category-te-fundit"],"gt_translate_keys":[{"key":"link","format":"url"}],"_links":{"self":[{"href":"https:\/\/www.hashtag.al\/index.php\/wp-json\/wp\/v2\/posts\/556353","targetHints":{"allow":["GET"]}}],"collection":[{"href":"https:\/\/www.hashtag.al\/index.php\/wp-json\/wp\/v2\/posts"}],"about":[{"href":"https:\/\/www.hashtag.al\/index.php\/wp-json\/wp\/v2\/types\/post"}],"author":[{"embeddable":true,"href":"https:\/\/www.hashtag.al\/index.php\/wp-json\/wp\/v2\/users\/30"}],"replies":[{"embeddable":true,"href":"https:\/\/www.hashtag.al\/index.php\/wp-json\/wp\/v2\/comments?post=556353"}],"version-history":[{"count":0,"href":"https:\/\/www.hashtag.al\/index.php\/wp-json\/wp\/v2\/posts\/556353\/revisions"}],"wp:featuredmedia":[{"embeddable":true,"href":"https:\/\/www.hashtag.al\/index.php\/wp-json\/wp\/v2\/media\/556356"}],"wp:attachment":[{"href":"https:\/\/www.hashtag.al\/index.php\/wp-json\/wp\/v2\/media?parent=556353"}],"wp:term":[{"taxonomy":"category","embeddable":true,"href":"https:\/\/www.hashtag.al\/index.php\/wp-json\/wp\/v2\/categories?post=556353"},{"taxonomy":"post_tag","embeddable":true,"href":"https:\/\/www.hashtag.al\/index.php\/wp-json\/wp\/v2\/tags?post=556353"}],"curies":[{"name":"wp","href":"https:\/\/api.w.org\/{rel}","templated":true}]}}