{"id":556342,"date":"2022-10-20T12:52:47","date_gmt":"2022-10-20T10:52:47","guid":{"rendered":"https:\/\/www.hashtag.al\/?p=556342"},"modified":"2022-10-20T12:52:47","modified_gmt":"2022-10-20T10:52:47","slug":"pedagogu-ardian-isufi-mbyll-protesten-bojkoti-vazhdon","status":"publish","type":"post","link":"https:\/\/www.hashtag.al\/index.php\/2022\/10\/20\/pedagogu-ardian-isufi-mbyll-protesten-bojkoti-vazhdon\/","title":{"rendered":"Pedagogu Ardian Isufi mbyll protest\u00ebn: Bojkoti vazhdon","gt_translate_keys":[{"key":"rendered","format":"text"}]},"content":{"rendered":"<p><span style=\"color: #000000;\"><a href=\"https:\/\/www.hashtag.al\/wp-content\/uploads\/2022\/10\/ISUFI.jpg\"><img loading=\"lazy\" decoding=\"async\" class=\"aligncenter size-full wp-image-556343\" src=\"https:\/\/www.hashtag.al\/wp-content\/uploads\/2022\/10\/ISUFI.jpg\" alt=\"\" width=\"576\" height=\"282\" srcset=\"https:\/\/www.hashtag.al\/wp-content\/uploads\/2022\/10\/ISUFI.jpg 576w, https:\/\/www.hashtag.al\/wp-content\/uploads\/2022\/10\/ISUFI-300x147.jpg 300w\" sizes=\"auto, (max-width: 576px) 100vw, 576px\" \/><\/a><\/span><\/p>\n<p><span style=\"color: #000000;\">Stafi akademik i universiteteve publike n\u00eb vend ka vendosur t\u00eb vijoj\u00eb bojkotin m\u00ebsimor pa afat. Ky \u00ebsht\u00eb vendimi i marr\u00eb n\u00eb protest\u00ebn e sotme.<\/span><\/p>\n<p><span style=\"color: #000000;\">Pedagogu Ardian Isufi e mbylli protest\u00ebn e sotme komb\u00ebtare duke th\u00ebn\u00eb se bojkoti do t\u00eb vijoj\u00eb dhe u b\u00ebri thirrje edhe student\u00ebve q\u00eb t\u00eb bashkohen.<\/span><\/p>\n<p><em><span style=\"color: #000000;\">\u201cShum\u00eb shkurt do ju informoj p\u00ebr vendimin e Sindikatave t\u00eb punonj\u00ebsve t\u00eb Universiteteve t\u00eb Shqip\u00ebris\u00eb, q\u00eb kan\u00eb vendosur: \u2018\u00c7do dit\u00eb bojkot\u2019.<\/span><\/em><\/p>\n<p><em><span style=\"color: #000000;\">I themi kryeministrit, qeveris\u00eb shqiptare, ministres s\u00eb Arsimit q\u00eb t\u00eb marrin n\u00eb konsiderat\u00eb 9 pikat, q\u00eb n\u00eb dit\u00ebt n\u00eb vazhdim padyshim duket qartazi q\u00eb do shtohen. Gjithashtu, ju informoj q\u00eb \u00e7do dit\u00eb bojkoti total vazhdon tek sheshi ku jemi, pra para UBT-s\u00eb dhe ftohen t\u00eb gjith\u00eb universitetet n\u00eb rang komb\u00ebtar. Edhe universitetet e rretheve jan\u00eb t\u00eb ftuara ose n\u00eb shesh, ose n\u00eb universitetet e tyre p\u00ebrkat\u00ebse.<\/span><\/em><\/p>\n<p><em><span style=\"color: #000000;\">Gjithashtu, t\u00eb mblidhen asamblet\u00eb e Universiteteve dhe fakulteteve, duke iu rikujtuar dekanateve t\u00eb mbledhin sa m\u00eb shpejt asamblet\u00eb e tyre sepse \u00ebsht\u00eb shum\u00eb e r\u00ebnd\u00ebsishme jo vet\u00ebm solidarizimi q\u00eb \u00ebsht\u00eb tashm\u00eb i pedagog\u00ebve, por edhe nj\u00eb analiz\u00eb e thelluar p\u00ebr shqet\u00ebsimet q\u00eb ata kan\u00eb n\u00eb auditor q\u00eb nuk lidhen vet\u00ebm me financimet, por me shum\u00eb \u00e7\u00ebshtje.<\/span><\/em><\/p>\n<p><span style=\"color: #000000;\"><em>S\u00eb fundmi kemi nj\u00eb k\u00ebrkes\u00eb p\u00ebr k\u00ebshillat studentor\u00eb, q\u00eb ftohen t\u00eb b\u00ebjn\u00eb mbledhjet e tyre p\u00ebrkat\u00ebse, jo vet\u00ebm n\u00eb solidarizim t\u00eb \u00e7\u00ebshtjes dhe kauz\u00ebs son\u00eb, por q\u00eb t\u00eb sjellin gjithashtu edhe ata opinionin e tyre, shqet\u00ebsimet e tyre, list\u00ebn e \u00e7\u00ebshtjeve t\u00eb tyre q\u00eb ne duhet patjet\u00ebr t\u2019i referojm\u00eb para gjith\u00eb publikut shqiptar\u00eb. Faleminderit, shihemi n\u00eb protest\u00ebn e nes\u00ebrme.\u201d<\/em>&#8211; tha Isufi.<\/span><\/p>\n<p><span style=\"color: #000000;\">P\u00ebrve\u00e7 pedagog\u00ebve n\u00eb protest\u00eb kishte t\u00eb pranish\u00ebm edhe student\u00eb. Mes tyre, studenti Arber Kola e quajti kryeministrin Edi Rama \u201cfrikacaku m\u00eb i madh\u201d, pasi sipas tij ai fshihet pas \u00e7do proteste dhe revolte popullore. Studenti i kujtoi Ram\u00ebs paktin e vitit 2018 dhe premtimet q\u00eb sipas tij s\u2019jan\u00eb mbajtur.<\/span><\/p>\n<p><span style=\"color: #000000;\"><em>\u201cDua t\u00eb t\u00eb kujtoj zoti kryeminist\u00ebr se student\u00ebt k\u00ebrkuan nga ju nj\u00eb rimbursim prej 100 eurosh, aq sa e ka Kosova. \u00c7far\u00eb do b\u00ebsh zoti kryeminist\u00ebr, do na v\u00ebsh veting edhe ne? M\u00eb lejo t\u00eb t\u00eb kujtoj q\u00eb n\u00eb vitin 2018 t\u2019i na premtove nj\u00eb pakt, ku jan\u00eb premtimet e tua zoti kryeminist\u00ebr? Kujtohu pak zoti kryeminist\u00ebr a do t\u00eb vendos\u00ebsh vetting p\u00ebr miqt\u00eb e tu politikan\u00eb? Ti je frikacaku m\u00eb i madh k\u00ebtu. Ti fshihesh pas \u00e7do revolte q\u00eb ndodh. Mos prit shuplak\u00ebn e dyt\u00eb t\u00eb student\u00ebve zoti kryeminist\u00ebr, sepse ajo shuplak\u00eb mund t\u00eb b\u00ebhet grusht.\u201d-<\/em> u shpreh Kola.<\/span><\/p>\n<p><a href=\"https:\/\/www.hashtag.al\/wp-content\/uploads\/2022\/10\/protesta-e-pedagogeve1.jpg\"><img loading=\"lazy\" decoding=\"async\" class=\"aligncenter size-full wp-image-556344\" src=\"https:\/\/www.hashtag.al\/wp-content\/uploads\/2022\/10\/protesta-e-pedagogeve1.jpg\" alt=\"\" width=\"800\" height=\"600\" srcset=\"https:\/\/www.hashtag.al\/wp-content\/uploads\/2022\/10\/protesta-e-pedagogeve1.jpg 800w, https:\/\/www.hashtag.al\/wp-content\/uploads\/2022\/10\/protesta-e-pedagogeve1-300x225.jpg 300w, https:\/\/www.hashtag.al\/wp-content\/uploads\/2022\/10\/protesta-e-pedagogeve1-768x576.jpg 768w\" sizes=\"auto, (max-width: 800px) 100vw, 800px\" \/><\/a><\/p>\n","protected":false,"gt_translate_keys":[{"key":"rendered","format":"html"}]},"excerpt":{"rendered":"<p>Stafi akademik i universiteteve publike n\u00eb vend ka vendosur t\u00eb vijoj\u00eb bojkotin m\u00ebsimor pa afat. Ky \u00ebsht\u00eb vendimi i marr\u00eb n\u00eb protest\u00ebn e sotme. Pedagogu Ardian Isufi e mbylli protest\u00ebn e sotme komb\u00ebtare duke th\u00ebn\u00eb se bojkoti do t\u00eb vijoj\u00eb dhe u b\u00ebri thirrje edhe student\u00ebve q\u00eb t\u00eb bashkohen. \u201cShum\u00eb shkurt do ju informoj p\u00ebr [&hellip;]<\/p>\n","protected":false,"gt_translate_keys":[{"key":"rendered","format":"html"}]},"author":30,"featured_media":556343,"comment_status":"closed","ping_status":"closed","sticky":false,"template":"","format":"standard","meta":{"footnotes":""},"categories":[65,13],"tags":[],"class_list":["post-556342","post","type-post","status-publish","format-standard","has-post-thumbnail","hentry","category-lajme","category-te-fundit"],"gt_translate_keys":[{"key":"link","format":"url"}],"_links":{"self":[{"href":"https:\/\/www.hashtag.al\/index.php\/wp-json\/wp\/v2\/posts\/556342","targetHints":{"allow":["GET"]}}],"collection":[{"href":"https:\/\/www.hashtag.al\/index.php\/wp-json\/wp\/v2\/posts"}],"about":[{"href":"https:\/\/www.hashtag.al\/index.php\/wp-json\/wp\/v2\/types\/post"}],"author":[{"embeddable":true,"href":"https:\/\/www.hashtag.al\/index.php\/wp-json\/wp\/v2\/users\/30"}],"replies":[{"embeddable":true,"href":"https:\/\/www.hashtag.al\/index.php\/wp-json\/wp\/v2\/comments?post=556342"}],"version-history":[{"count":0,"href":"https:\/\/www.hashtag.al\/index.php\/wp-json\/wp\/v2\/posts\/556342\/revisions"}],"wp:featuredmedia":[{"embeddable":true,"href":"https:\/\/www.hashtag.al\/index.php\/wp-json\/wp\/v2\/media\/556343"}],"wp:attachment":[{"href":"https:\/\/www.hashtag.al\/index.php\/wp-json\/wp\/v2\/media?parent=556342"}],"wp:term":[{"taxonomy":"category","embeddable":true,"href":"https:\/\/www.hashtag.al\/index.php\/wp-json\/wp\/v2\/categories?post=556342"},{"taxonomy":"post_tag","embeddable":true,"href":"https:\/\/www.hashtag.al\/index.php\/wp-json\/wp\/v2\/tags?post=556342"}],"curies":[{"name":"wp","href":"https:\/\/api.w.org\/{rel}","templated":true}]}}