{"id":556240,"date":"2022-10-20T08:13:17","date_gmt":"2022-10-20T06:13:17","guid":{"rendered":"https:\/\/www.hashtag.al\/?p=556240"},"modified":"2022-10-24T08:15:27","modified_gmt":"2022-10-24T06:15:27","slug":"u-ndoq-nga-policia-e-shfaqi-proleme-shendetesore-ne-komisariat-nderron-jete-ne-spital-32-vjecari-ne-tirane","status":"publish","type":"post","link":"https:\/\/www.hashtag.al\/index.php\/2022\/10\/20\/u-ndoq-nga-policia-e-shfaqi-proleme-shendetesore-ne-komisariat-nderron-jete-ne-spital-32-vjecari-ne-tirane\/","title":{"rendered":"U ndoq nga policia e shfaqi probleme sh\u00ebndet\u00ebsore n\u00eb komisariat, nd\u00ebrron jet\u00eb n\u00eb spital 32-vje\u00e7ari n\u00eb Tiran\u00eb","gt_translate_keys":[{"key":"rendered","format":"text"}]},"content":{"rendered":"<p><span style=\"color: #000000;\"><img loading=\"lazy\" decoding=\"async\" class=\"aligncenter size-full wp-image-556260\" src=\"https:\/\/www.hashtag.al\/wp-content\/uploads\/2022\/10\/learkurti.jpg\" alt=\"\" width=\"2000\" height=\"1000\" srcset=\"https:\/\/www.hashtag.al\/wp-content\/uploads\/2022\/10\/learkurti.jpg 2000w, https:\/\/www.hashtag.al\/wp-content\/uploads\/2022\/10\/learkurti-300x150.jpg 300w, https:\/\/www.hashtag.al\/wp-content\/uploads\/2022\/10\/learkurti-1024x512.jpg 1024w, https:\/\/www.hashtag.al\/wp-content\/uploads\/2022\/10\/learkurti-768x384.jpg 768w, https:\/\/www.hashtag.al\/wp-content\/uploads\/2022\/10\/learkurti-1536x768.jpg 1536w\" sizes=\"auto, (max-width: 2000px) 100vw, 2000px\" \/><\/span><\/p>\n<p><span style=\"color: #000000;\">Nj\u00eb ngjare e r\u00ebnd\u00eb ka ndodhur nat\u00ebn e mbr\u00ebmshme n\u00eb Tiran\u00eb ku nj\u00eb 32-vje\u00e7ar ka nd\u00ebrruar jet\u00eb n\u00eb spitalin e Traum\u00ebs pasi ka shfaqur probleme n\u00eb komisariatin 3 ku ishte shoq\u00ebruar nga policia.<\/span><\/p>\n<p><span style=\"color: #000000;\"> Sipas njoftimit zyrtar nga Agjencia e Mbik\u00ebqyrjes Policore, i riu \u00ebsht\u00eb ndaluar p\u00ebr kontroll nga efektiv\u00ebt e kur i \u00ebsht\u00eb k\u00ebrkuar t\u00eb tregpoj\u00eb dokumentet \u00ebsht\u00eb larguar me vrap. <\/span><\/p>\n<p><span style=\"color: #000000;\">M\u00eb pas ai \u00ebsht\u00eb ndjekur nga policia e \u00ebsht\u00eb ndaluar n\u00eb rrug\u00ebn \u2018Don Bosko\u2019. <\/span><\/p>\n<p><span style=\"color: #000000;\">I \u00a0riu, i identifikuar si Laer Kurti \u00ebsht\u00eb shoq\u00ebruar n\u00eb komisariat, ku sipas Agjencis\u00eb s\u00eb Mbik\u00ebqyrjes Policore ka shfaqur probleme sh\u00ebndet\u00ebsore dhe \u00ebsht\u00eb thirrur ambulanca.<\/span><\/p>\n<p><span style=\"color: #000000;\"> Pas k\u00ebsaj ai \u00ebsht\u00eb d\u00ebrguar me shpejt\u00ebsi n\u00eb Spitalin e Traum\u00ebs pasi gjendja e tij \u00ebsht\u00eb r\u00ebnduar, por ka ka nd\u00ebrruar jet\u00eb, thot\u00eb AMP-ja. Shkaqet e vdekjes s\u00eb t\u00eb riut nuk dihen ende.<\/span><\/p>\n<p><span style=\"color: #000000;\">Sipas avokatit t\u00eb 32-vje\u00e7arit, Besart Logu, pas tre dit\u00ebsh ndaj Kurtit ishte gjyqi ku ai akuzohej p\u00ebr falsikim monedhash pasi i ishin kapur 200 dollar\u00eb t\u00eb falsifikuara. <\/span><\/p>\n<p><span style=\"color: #000000;\">Avokati theksoi se i riu mund t\u00eb jet\u00eb larguar me vrap gjat\u00eb ndalimit me frik\u00ebn se mund t\u2019i r\u00ebndoheshin pozitat duke qen\u00eb se ka pasur nj\u00eb d\u00ebnim me kusht p\u00ebr shitje l\u00ebnd\u00ebsh narkotike.<\/span><\/p>\n<div id=\"attachment_556254\" style=\"width: 1042px\" class=\"wp-caption aligncenter\"><img loading=\"lazy\" decoding=\"async\" aria-describedby=\"caption-attachment-556254\" class=\"size-full wp-image-556254\" src=\"https:\/\/www.hashtag.al\/wp-content\/uploads\/2022\/10\/WhatsApp-Image-2022-10-20-at-08.31.03.jpeg\" alt=\"\" width=\"1032\" height=\"1280\" srcset=\"https:\/\/www.hashtag.al\/wp-content\/uploads\/2022\/10\/WhatsApp-Image-2022-10-20-at-08.31.03.jpeg 1032w, https:\/\/www.hashtag.al\/wp-content\/uploads\/2022\/10\/WhatsApp-Image-2022-10-20-at-08.31.03-242x300.jpeg 242w, https:\/\/www.hashtag.al\/wp-content\/uploads\/2022\/10\/WhatsApp-Image-2022-10-20-at-08.31.03-826x1024.jpeg 826w, https:\/\/www.hashtag.al\/wp-content\/uploads\/2022\/10\/WhatsApp-Image-2022-10-20-at-08.31.03-768x953.jpeg 768w\" sizes=\"auto, (max-width: 1032px) 100vw, 1032px\" \/><p id=\"caption-attachment-556254\" class=\"wp-caption-text\"><span style=\"color: #0000ff;\">32-vje\u00e7ari Lear Kurti<\/span><\/p><\/div>\n<div id=\"attachment_556257\" style=\"width: 970px\" class=\"wp-caption aligncenter\"><img loading=\"lazy\" decoding=\"async\" aria-describedby=\"caption-attachment-556257\" class=\"wp-image-556257 size-full\" src=\"https:\/\/www.hashtag.al\/wp-content\/uploads\/2022\/10\/WhatsApp-Image-2022-10-20-at-08.36.29.jpeg\" alt=\"\" width=\"960\" height=\"876\" srcset=\"https:\/\/www.hashtag.al\/wp-content\/uploads\/2022\/10\/WhatsApp-Image-2022-10-20-at-08.36.29.jpeg 960w, https:\/\/www.hashtag.al\/wp-content\/uploads\/2022\/10\/WhatsApp-Image-2022-10-20-at-08.36.29-300x274.jpeg 300w, https:\/\/www.hashtag.al\/wp-content\/uploads\/2022\/10\/WhatsApp-Image-2022-10-20-at-08.36.29-768x701.jpeg 768w\" sizes=\"auto, (max-width: 960px) 100vw, 960px\" \/><p id=\"caption-attachment-556257\" class=\"wp-caption-text\"><span style=\"color: #0000ff;\">N\u00eb foto: Djathtas Laer Kurti, majtas Jetnis Dollapi<\/span><\/p><\/div>\n<p><span style=\"color: #000000;\"><strong>Njoftimi i Agjencis\u00eb s\u00eb Mbik\u00ebqyrjes Policore<\/strong><\/span><\/p>\n<p><span style=\"color: #000000;\"><em>&#8220;Informacion paraprak i Agjencis\u00eb s\u00eb Mbik\u00ebqyrjes Policore (AMP)<\/em><\/span><\/p>\n<p><span style=\"color: #000000;\"><em>M\u00eb dat\u00eb 19.10.2022, rreth or\u00ebs 23:07, Patrulla e P\u00ebrgjithshme e Komisariatit t\u00eb Policis\u00eb Nr. 3 Tiran\u00eb, gjat\u00eb kontrollit t\u00eb territorit, kan\u00eb konstatuar n\u00eb rrug\u00ebn \u201cRiza Cuka\u201d nj\u00eb shtetas t\u00eb cilit i kan\u00eb b\u00ebr\u00eb thirrje p\u00ebr t\u00eb ndaluar me q\u00ebllim p\u00ebr t\u2019i kontrolluar dokumentat e identifikimit.<\/em><\/span><\/p>\n<p><span style=\"color: #000000;\"><em>Sapo patrulla i k\u00ebrkoi p\u00ebr t\u00eb paraqitur dokumentat e identifikimit, shtetasi L.K., 32 vje\u00e7 \u00ebsht\u00eb larguar me vrap. Punonj\u00ebsit e policis\u00eb jan\u00eb v\u00ebn\u00eb n\u00eb ndjekje dhe kan\u00eb arritur ta ndalojn\u00eb n\u00eb rrug\u00ebn \u201cDon Bosko\u201d, duke kryer m\u00eb pas edhe shoq\u00ebrimin e tij n\u00eb ambientet e Komisariatit t\u00eb Policis\u00eb Nr. 3 n\u00eb Tiran\u00eb.<\/em><\/span><\/p>\n<p><span style=\"color: #000000;\"><em>Gjat\u00eb shoq\u00ebrimit t\u00eb tij, ky shtetas ka shfaqur probleme shendet\u00ebsore sapo ka mb\u00ebrritur n\u00eb ambientet e Komisariatit. Menj\u00ebher\u00eb \u00ebsht\u00eb k\u00ebrkuar ndihma e sh\u00ebrbimit t\u00eb Urgjenc\u00ebs dhe p\u00ebr shkak se situata sh\u00ebndet\u00ebsore e tij \u00ebsht\u00eb r\u00ebnduar, ky shtetas \u00ebsht\u00eb d\u00ebrguar me mjetet e Policis\u00eb n\u00eb Spitalin e Traum\u00ebs, ku edhe ka nd\u00ebrruar jet\u00eb.<\/em><\/span><\/p>\n<p><span style=\"color: #000000;\"><em>Agjencia e Mbik\u00ebqyrjes Policore, n\u00ebn drejtimin e Prokuroris\u00eb ka ngritur menj\u00ebher\u00eb grupin hetimor, i cili po kryen veprimet e para hetimore p\u00ebr sqarimin e plot\u00eb t\u00eb rrethanave t\u00eb ngjarjes.<\/em><\/span><\/p>\n<p><span style=\"color: #000000;\"><em>Gjithashtu, aktualisht po kryhen ekzaminimet mjeko-ligjore p\u00ebr p\u00ebrcaktimin e shkakut te vdekjes dhe n\u00eb p\u00ebrfundim AMP do t\u00eb dal\u00eb me nj\u00eb njoftim p\u00ebrfundimtar p\u00ebr shtyp.&#8221;<\/em><\/span><\/p>\n","protected":false,"gt_translate_keys":[{"key":"rendered","format":"html"}]},"excerpt":{"rendered":"<p>Nj\u00eb ngjare e r\u00ebnd\u00eb ka ndodhur nat\u00ebn e mbr\u00ebmshme n\u00eb Tiran\u00eb ku nj\u00eb 32-vje\u00e7ar ka nd\u00ebrruar jet\u00eb n\u00eb spitalin e Traum\u00ebs pasi ka shfaqur probleme n\u00eb komisariatin 3 ku ishte shoq\u00ebruar nga policia. Sipas njoftimit zyrtar nga Agjencia e Mbik\u00ebqyrjes Policore, i riu \u00ebsht\u00eb ndaluar p\u00ebr kontroll nga efektiv\u00ebt e kur i \u00ebsht\u00eb k\u00ebrkuar t\u00eb [&hellip;]<\/p>\n","protected":false,"gt_translate_keys":[{"key":"rendered","format":"html"}]},"author":51,"featured_media":556260,"comment_status":"closed","ping_status":"closed","sticky":false,"template":"","format":"standard","meta":{"footnotes":""},"categories":[22,65,13],"tags":[],"class_list":["post-556240","post","type-post","status-publish","format-standard","has-post-thumbnail","hentry","category-ballina","category-lajme","category-te-fundit"],"gt_translate_keys":[{"key":"link","format":"url"}],"_links":{"self":[{"href":"https:\/\/www.hashtag.al\/index.php\/wp-json\/wp\/v2\/posts\/556240","targetHints":{"allow":["GET"]}}],"collection":[{"href":"https:\/\/www.hashtag.al\/index.php\/wp-json\/wp\/v2\/posts"}],"about":[{"href":"https:\/\/www.hashtag.al\/index.php\/wp-json\/wp\/v2\/types\/post"}],"author":[{"embeddable":true,"href":"https:\/\/www.hashtag.al\/index.php\/wp-json\/wp\/v2\/users\/51"}],"replies":[{"embeddable":true,"href":"https:\/\/www.hashtag.al\/index.php\/wp-json\/wp\/v2\/comments?post=556240"}],"version-history":[{"count":0,"href":"https:\/\/www.hashtag.al\/index.php\/wp-json\/wp\/v2\/posts\/556240\/revisions"}],"wp:featuredmedia":[{"embeddable":true,"href":"https:\/\/www.hashtag.al\/index.php\/wp-json\/wp\/v2\/media\/556260"}],"wp:attachment":[{"href":"https:\/\/www.hashtag.al\/index.php\/wp-json\/wp\/v2\/media?parent=556240"}],"wp:term":[{"taxonomy":"category","embeddable":true,"href":"https:\/\/www.hashtag.al\/index.php\/wp-json\/wp\/v2\/categories?post=556240"},{"taxonomy":"post_tag","embeddable":true,"href":"https:\/\/www.hashtag.al\/index.php\/wp-json\/wp\/v2\/tags?post=556240"}],"curies":[{"name":"wp","href":"https:\/\/api.w.org\/{rel}","templated":true}]}}