{"id":556203,"date":"2022-10-19T20:13:17","date_gmt":"2022-10-19T18:13:17","guid":{"rendered":"https:\/\/www.hashtag.al\/?p=556203"},"modified":"2022-10-19T20:13:17","modified_gmt":"2022-10-19T18:13:17","slug":"primaret-per-zgjedhjet-vendore-berisha-procesi-do-nise-nga-tirana-durresi-dhe-elbasani","status":"publish","type":"post","link":"https:\/\/www.hashtag.al\/index.php\/2022\/10\/19\/primaret-per-zgjedhjet-vendore-berisha-procesi-do-nise-nga-tirana-durresi-dhe-elbasani\/","title":{"rendered":"Primaret p\u00ebr zgjedhjet vendore, Berisha: Procesi do nis\u00eb nga Tirana, Durr\u00ebsi dhe Elbasani","gt_translate_keys":[{"key":"rendered","format":"text"}]},"content":{"rendered":"<p><span style=\"color: #000000;\"><a style=\"color: #000000;\" href=\"https:\/\/www.hashtag.al\/wp-content\/uploads\/2022\/10\/berisha-sali.png\"><img loading=\"lazy\" decoding=\"async\" class=\"aligncenter size-full wp-image-556201\" src=\"https:\/\/www.hashtag.al\/wp-content\/uploads\/2022\/10\/berisha-sali.png\" alt=\"\" width=\"1342\" height=\"751\" srcset=\"https:\/\/www.hashtag.al\/wp-content\/uploads\/2022\/10\/berisha-sali.png 1342w, https:\/\/www.hashtag.al\/wp-content\/uploads\/2022\/10\/berisha-sali-300x168.png 300w, https:\/\/www.hashtag.al\/wp-content\/uploads\/2022\/10\/berisha-sali-1024x573.png 1024w, https:\/\/www.hashtag.al\/wp-content\/uploads\/2022\/10\/berisha-sali-768x430.png 768w\" sizes=\"auto, (max-width: 1342px) 100vw, 1342px\" \/><\/a><\/span><\/p>\n<p><span style=\"color: #000000;\">Kryetari demokrat, Sali Berisha, tha n\u00eb takimin me krer\u00ebt e PD-s\u00eb n\u00eb Tiran\u00eb se primaret do nisin nga kryeqyteti, Durr\u00ebsi dhe Elbasani.<\/span><\/p>\n<p><span style=\"color: #000000;\">M\u00eb pas do t\u00eb votojn\u00eb qytetet e tjera. Berisha tha se primaret do jen\u00eb t\u00eb hapura edhe p\u00ebr simpatizant\u00ebt.<\/span><\/p>\n<p><span style=\"color: #000000;\"><em>N\u00eb k\u00ebto primare ne jemi t\u00eb hapur p\u00ebr \u00e7do an\u00ebtar apo simpatizant t\u00eb PD q\u00eb do t\u00eb kandidoj\u00eb dhe cilido q\u00eb mendon se k\u00ebto jan\u00eb vet\u00ebm p\u00ebr an\u00ebtar\u00ebt, ju them q\u00eb jan\u00eb edhe p\u00ebr simpatizant\u00ebt. Ata jan\u00eb t\u00eb lir\u00eb t\u00eb vijn\u00eb t\u00eb votojn\u00eb bashk\u00eb me an\u00ebtar\u00ebsin\u00eb ton\u00eb. Ne nuk ofrojm\u00eb nj\u00eb di\u00e7ka t\u00eb themi t\u00eb kontrolluar nga kryetari i deg\u00ebs, por nj\u00eb praktik\u00eb t\u00eb v\u00ebrtet\u00eb q\u00eb cilido q\u00eb do t\u00eb provohet \u00ebsht\u00eb i mir\u00ebpritur.<\/em><\/span><\/p>\n<p><span style=\"color: #000000;\"><em>Duhet t\u00eb b\u00ebjm\u00eb gjith\u00e7ka q\u00eb ky proces t\u00eb jet\u00eb i suksessh\u00ebm. Kam besim n\u00eb p\u00ebrgjegj\u00ebsin\u00eb, p\u00ebrkushtimin tuaj se ju bashk\u00eb me an\u00ebtar\u00ebt e kryesive, t\u00eb seksioneve dhe grupseksioneve do t&#8217;i shnd\u00ebrrojn\u00eb primaret n\u00eb nj\u00eb histori suksesi. \u00cbsht\u00eb b\u00ebr\u00eb nj\u00eb lloj agjende, kalendari dhe n\u00eb baz\u00eb t\u00eb tij do t\u00eb ecet.<\/em><\/span><\/p>\n<p><span style=\"color: #000000;\"><em>Tirana, Durr\u00ebsi dhe Elbasani do t\u00eb votojn\u00eb t\u00eb par\u00ebt, do t\u00eb p\u00ebrpiqemi ta p\u00ebrshpejtojm\u00eb dhe me t\u00eb tjerat, dora-dor\u00ebs,\u201d<\/em>\u00a0tha Berisha.<\/span><\/p>\n<p>&nbsp;<\/p>\n","protected":false,"gt_translate_keys":[{"key":"rendered","format":"html"}]},"excerpt":{"rendered":"<p>Kryetari demokrat, Sali Berisha, tha n\u00eb takimin me krer\u00ebt e PD-s\u00eb n\u00eb Tiran\u00eb se primaret do nisin nga kryeqyteti, Durr\u00ebsi dhe Elbasani. M\u00eb pas do t\u00eb votojn\u00eb qytetet e tjera. Berisha tha se primaret do jen\u00eb t\u00eb hapura edhe p\u00ebr simpatizant\u00ebt. N\u00eb k\u00ebto primare ne jemi t\u00eb hapur p\u00ebr \u00e7do an\u00ebtar apo simpatizant t\u00eb PD [&hellip;]<\/p>\n","protected":false,"gt_translate_keys":[{"key":"rendered","format":"html"}]},"author":32,"featured_media":556201,"comment_status":"closed","ping_status":"closed","sticky":false,"template":"","format":"standard","meta":{"footnotes":""},"categories":[65,13],"tags":[],"class_list":["post-556203","post","type-post","status-publish","format-standard","has-post-thumbnail","hentry","category-lajme","category-te-fundit"],"gt_translate_keys":[{"key":"link","format":"url"}],"_links":{"self":[{"href":"https:\/\/www.hashtag.al\/index.php\/wp-json\/wp\/v2\/posts\/556203","targetHints":{"allow":["GET"]}}],"collection":[{"href":"https:\/\/www.hashtag.al\/index.php\/wp-json\/wp\/v2\/posts"}],"about":[{"href":"https:\/\/www.hashtag.al\/index.php\/wp-json\/wp\/v2\/types\/post"}],"author":[{"embeddable":true,"href":"https:\/\/www.hashtag.al\/index.php\/wp-json\/wp\/v2\/users\/32"}],"replies":[{"embeddable":true,"href":"https:\/\/www.hashtag.al\/index.php\/wp-json\/wp\/v2\/comments?post=556203"}],"version-history":[{"count":0,"href":"https:\/\/www.hashtag.al\/index.php\/wp-json\/wp\/v2\/posts\/556203\/revisions"}],"wp:featuredmedia":[{"embeddable":true,"href":"https:\/\/www.hashtag.al\/index.php\/wp-json\/wp\/v2\/media\/556201"}],"wp:attachment":[{"href":"https:\/\/www.hashtag.al\/index.php\/wp-json\/wp\/v2\/media?parent=556203"}],"wp:term":[{"taxonomy":"category","embeddable":true,"href":"https:\/\/www.hashtag.al\/index.php\/wp-json\/wp\/v2\/categories?post=556203"},{"taxonomy":"post_tag","embeddable":true,"href":"https:\/\/www.hashtag.al\/index.php\/wp-json\/wp\/v2\/tags?post=556203"}],"curies":[{"name":"wp","href":"https:\/\/api.w.org\/{rel}","templated":true}]}}