{"id":556158,"date":"2022-10-19T16:23:32","date_gmt":"2022-10-19T14:23:32","guid":{"rendered":"https:\/\/www.hashtag.al\/?p=556158"},"modified":"2022-10-19T16:24:18","modified_gmt":"2022-10-19T14:24:18","slug":"fshehu-denimin-qe-kishte-ne-greqi-spak-kerkon-nje-vit-burg-per-qerim-ismailajn","status":"publish","type":"post","link":"https:\/\/www.hashtag.al\/index.php\/2022\/10\/19\/fshehu-denimin-qe-kishte-ne-greqi-spak-kerkon-nje-vit-burg-per-qerim-ismailajn\/","title":{"rendered":"Fshehu d\u00ebnimin q\u00eb kishte n\u00eb Greqi, SPAK k\u00ebrkon nj\u00eb vit burg p\u00ebr Qerim Ismailajn","gt_translate_keys":[{"key":"rendered","format":"text"}]},"content":{"rendered":"<p><span style=\"color: #000000;\"><a href=\"https:\/\/www.hashtag.al\/wp-content\/uploads\/2022\/10\/ismailaj.jpg\"><img loading=\"lazy\" decoding=\"async\" class=\"aligncenter size-full wp-image-556159\" src=\"https:\/\/www.hashtag.al\/wp-content\/uploads\/2022\/10\/ismailaj.jpg\" alt=\"\" width=\"780\" height=\"440\" \/><\/a><\/span><\/p>\n<p><span style=\"color: #000000;\">SPAK ka k\u00ebrkuar 1 vit burg p\u00ebr ish-kreun e Bashkis\u00eb Mallakast\u00ebr, Qerim Ismailaj.<\/span><\/p>\n<p><span style=\"color: #000000;\">Ish-kryebashkiaku akuzohet se fshehu problemet q\u00eb kishte pasur me drejt\u00ebsin\u00eb n\u00eb Greqi, ku kishte pasur nj\u00eb d\u00ebnim t\u00eb vjet\u00ebr prej 1 viti burg.<\/span><\/p>\n<p><span style=\"color: #000000;\">N\u00ebse jep p\u00eblqimin i pandehuri, do t\u00eb aplikohet neni 63 i Kodit Penal (pun\u00eb n\u00eb interes publik p\u00ebr 150 or\u00eb).<\/span><\/p>\n<p><span style=\"color: #000000;\">Ismailaj nuk ka qen\u00eb vet\u00eb i pranish\u00ebm n\u00eb seanc\u00eb por \u00ebsht\u00eb p\u00ebrfaq\u00ebsuar nga avokati i tij. Qerim Ismailaj u denoncua fillimisht nga Partia Demokratike, por KQZ nuk pranoi q\u00eb t\u2019i hiqte mandatin atij. N\u00eb k\u00ebto kushte PD e paditi n\u00eb SPAK.<\/span><\/p>\n","protected":false,"gt_translate_keys":[{"key":"rendered","format":"html"}]},"excerpt":{"rendered":"<p>SPAK ka k\u00ebrkuar 1 vit burg p\u00ebr ish-kreun e Bashkis\u00eb Mallakast\u00ebr, Qerim Ismailaj. Ish-kryebashkiaku akuzohet se fshehu problemet q\u00eb kishte pasur me drejt\u00ebsin\u00eb n\u00eb Greqi, ku kishte pasur nj\u00eb d\u00ebnim t\u00eb vjet\u00ebr prej 1 viti burg. N\u00ebse jep p\u00eblqimin i pandehuri, do t\u00eb aplikohet neni 63 i Kodit Penal (pun\u00eb n\u00eb interes publik p\u00ebr 150 [&hellip;]<\/p>\n","protected":false,"gt_translate_keys":[{"key":"rendered","format":"html"}]},"author":30,"featured_media":0,"comment_status":"closed","ping_status":"closed","sticky":false,"template":"","format":"standard","meta":{"footnotes":""},"categories":[65,13],"tags":[],"class_list":["post-556158","post","type-post","status-publish","format-standard","hentry","category-lajme","category-te-fundit"],"gt_translate_keys":[{"key":"link","format":"url"}],"_links":{"self":[{"href":"https:\/\/www.hashtag.al\/index.php\/wp-json\/wp\/v2\/posts\/556158","targetHints":{"allow":["GET"]}}],"collection":[{"href":"https:\/\/www.hashtag.al\/index.php\/wp-json\/wp\/v2\/posts"}],"about":[{"href":"https:\/\/www.hashtag.al\/index.php\/wp-json\/wp\/v2\/types\/post"}],"author":[{"embeddable":true,"href":"https:\/\/www.hashtag.al\/index.php\/wp-json\/wp\/v2\/users\/30"}],"replies":[{"embeddable":true,"href":"https:\/\/www.hashtag.al\/index.php\/wp-json\/wp\/v2\/comments?post=556158"}],"version-history":[{"count":0,"href":"https:\/\/www.hashtag.al\/index.php\/wp-json\/wp\/v2\/posts\/556158\/revisions"}],"wp:attachment":[{"href":"https:\/\/www.hashtag.al\/index.php\/wp-json\/wp\/v2\/media?parent=556158"}],"wp:term":[{"taxonomy":"category","embeddable":true,"href":"https:\/\/www.hashtag.al\/index.php\/wp-json\/wp\/v2\/categories?post=556158"},{"taxonomy":"post_tag","embeddable":true,"href":"https:\/\/www.hashtag.al\/index.php\/wp-json\/wp\/v2\/tags?post=556158"}],"curies":[{"name":"wp","href":"https:\/\/api.w.org\/{rel}","templated":true}]}}