{"id":556147,"date":"2022-10-19T15:33:41","date_gmt":"2022-10-19T13:33:41","guid":{"rendered":"https:\/\/www.hashtag.al\/?p=556147"},"modified":"2022-10-19T15:36:43","modified_gmt":"2022-10-19T13:36:43","slug":"denoncimi-per-dhune-ne-shtepine-e-femijes-reagon-bashkia-sarande-e-pavertete","status":"publish","type":"post","link":"https:\/\/www.hashtag.al\/index.php\/2022\/10\/19\/denoncimi-per-dhune-ne-shtepine-e-femijes-reagon-bashkia-sarande-e-pavertete\/","title":{"rendered":"Denoncimi p\u00ebr dhun\u00eb n\u00eb Sht\u00ebpin\u00eb e F\u00ebmij\u00ebs\/ Reagon bashkia Sarand\u00eb: E pav\u00ebrtet\u00eb","gt_translate_keys":[{"key":"rendered","format":"text"}]},"content":{"rendered":"<p><span style=\"color: #000000;\"><a href=\"https:\/\/www.hashtag.al\/wp-content\/uploads\/2022\/10\/stopi-1.jpg\"><img loading=\"lazy\" decoding=\"async\" class=\"aligncenter size-full wp-image-556107\" src=\"https:\/\/www.hashtag.al\/wp-content\/uploads\/2022\/10\/stopi-1.jpg\" alt=\"\" width=\"1354\" height=\"703\" srcset=\"https:\/\/www.hashtag.al\/wp-content\/uploads\/2022\/10\/stopi-1.jpg 1354w, https:\/\/www.hashtag.al\/wp-content\/uploads\/2022\/10\/stopi-1-300x156.jpg 300w, https:\/\/www.hashtag.al\/wp-content\/uploads\/2022\/10\/stopi-1-1024x532.jpg 1024w, https:\/\/www.hashtag.al\/wp-content\/uploads\/2022\/10\/stopi-1-768x399.jpg 768w\" sizes=\"auto, (max-width: 1354px) 100vw, 1354px\" \/><\/a><\/span><\/p>\n<p><span style=\"color: #000000;\">Bashkia e Sarand\u00ebs ka reaguar lidhur me denoncimin e publikuar mbr\u00ebmjen e kaluar n\u00eb emisionin \u201cStop\u201d, ku u akuzuan p\u00ebr dhun\u00eb zyrtar\u00ebt n\u00eb Sht\u00ebpin\u00eb e F\u00ebmij\u00ebs. Sipas bashkis\u00eb, Institucioni i Sht\u00ebpis\u00eb s\u00eb F\u00ebmij\u00ebs, kund\u00ebrshton akuz\u00ebn dhe deklaron se nuk ka pasur dhun\u00eb.<\/span><\/p>\n<p><span style=\"color: #000000;\">Nj\u00eb djal\u00eb nga Sht\u00ebpia e f\u00ebmij\u00ebs \u201cVangjel Pulla\u201d n\u00eb Sarand\u00eb, tregoi p\u00ebr kamer\u00ebn e emisionit \u201cStop\u201d se n\u00eb k\u00ebt\u00eb institucion f\u00ebmij\u00ebt i keqtrajtojn\u00eb. Ai tregoi se shpesh m\u00ebsueset th\u00ebrrasin polic\u00eb q\u00eb nuk lejohet t\u00eb hyjn\u00eb brenda dhe k\u00ebta t\u00eb fundit, i ulin n\u00eb gjunj\u00eb dhe i rrahin f\u00ebmij\u00ebt p\u00ebr gabime t\u00eb zakonshme.<\/span><\/p>\n<p><span style=\"color: #000000;\">Djali tha se nj\u00ebher\u00eb dy vajza 14 vje\u00e7are, i zhvesh\u00ebn e i rrah\u00ebn. M\u00eb pas vajzat u transferuan n\u00eb Shkod\u00ebr. P\u00ebr k\u00ebt\u00eb rast, bashkia gjithashtu i hedh posht\u00eb akuzat.<\/span><\/p>\n<p><strong><span style=\"color: #000000;\">REAGIM I BASHKIS\u00cb SARAND\u00cb:<\/span><\/strong><\/p>\n<p><span style=\"color: #000000;\">Lidhur me problematik\u00ebn e trajtuar n\u00eb emisionin Stop n\u00eb TV Klan, ku shfaqej nj\u00eb f\u00ebmij\u00eb, i cili \u00ebsht\u00eb rezident n\u00eb institucionin e Sht\u00ebpis\u00eb s\u00eb F\u00ebmij\u00ebs \u201cV.Pulla\u201dSarand\u00eb dhe b\u00ebnte fjal\u00eb p\u00ebr keqtrajtime n\u00eb k\u00ebt\u00eb institucion, sqarojm\u00eb se:<\/span><\/p>\n<p><span style=\"color: #000000;\">Nga institucioni i Sht\u00ebpis\u00eb s\u00eb F\u00ebmij\u00ebs konsiderohen t\u00eb pandodhura aktet e pretenduara p\u00ebr keqtrajtim. Nd\u00ebrkoh\u00eb, edhe nga verifikimi i i b\u00ebr\u00eb nga grupi, q\u00eb n\u00eb vijim\u00ebsi monitoron k\u00ebt\u00eb institucion, ka rezultuar ngjarja e pretenduar e pandodhur dhe denoncimi i pav\u00ebrtet\u00eb. Edhe n\u00eb Komisariatin e Policis\u00eb nga vet\u00eb f\u00ebmija \u00ebsht\u00eb konfirnuar mosushtrimi i dhun\u00ebs nga edukatoret. Theksojm\u00eb se filmimi i transmetuar n\u00eb \u201cStop\u201d m\u00eb 18 tetor 2022, \u00ebsht\u00eb i vitit 2020, kur f\u00ebmija, n\u00eb kushte karantine, p\u00ebr shkak t\u00eb covid, \u00ebsht\u00eb larguar nga institucioni n\u00eb or\u00ebt e vona.<\/span><\/p>\n<p><span style=\"color: #000000;\">Sa i takon pretendimit p\u00ebr keqtrajtim t\u00eb dy vajzave, sigurojm\u00eb se akte t\u00eb tilla nuk kan\u00eb ndodhur. Transferimi i vajzave p\u00ebr t\u00eb cilat b\u00ebhet fjal\u00eb, n\u00eb nj\u00eb institucion tjet\u00ebr, \u00ebsht\u00eb kryer p\u00ebr shkak t\u00eb kalimit t\u00eb mosh\u00ebs, pasi n\u00eb Sht\u00ebpin\u00eb e F\u00ebmij\u00ebve Sarand\u00eb akomodohen f\u00ebmij\u00eb t\u00eb mosh\u00ebs 6-15 vje\u00e7.<\/span><\/p>\n","protected":false,"gt_translate_keys":[{"key":"rendered","format":"html"}]},"excerpt":{"rendered":"<p>Bashkia e Sarand\u00ebs ka reaguar lidhur me denoncimin e publikuar mbr\u00ebmjen e kaluar n\u00eb emisionin \u201cStop\u201d, ku u akuzuan p\u00ebr dhun\u00eb zyrtar\u00ebt n\u00eb Sht\u00ebpin\u00eb e F\u00ebmij\u00ebs. Sipas bashkis\u00eb, Institucioni i Sht\u00ebpis\u00eb s\u00eb F\u00ebmij\u00ebs, kund\u00ebrshton akuz\u00ebn dhe deklaron se nuk ka pasur dhun\u00eb. Nj\u00eb djal\u00eb nga Sht\u00ebpia e f\u00ebmij\u00ebs \u201cVangjel Pulla\u201d n\u00eb Sarand\u00eb, tregoi p\u00ebr kamer\u00ebn [&hellip;]<\/p>\n","protected":false,"gt_translate_keys":[{"key":"rendered","format":"html"}]},"author":30,"featured_media":556107,"comment_status":"closed","ping_status":"closed","sticky":false,"template":"","format":"standard","meta":{"footnotes":""},"categories":[65,13],"tags":[],"class_list":["post-556147","post","type-post","status-publish","format-standard","has-post-thumbnail","hentry","category-lajme","category-te-fundit"],"gt_translate_keys":[{"key":"link","format":"url"}],"_links":{"self":[{"href":"https:\/\/www.hashtag.al\/index.php\/wp-json\/wp\/v2\/posts\/556147","targetHints":{"allow":["GET"]}}],"collection":[{"href":"https:\/\/www.hashtag.al\/index.php\/wp-json\/wp\/v2\/posts"}],"about":[{"href":"https:\/\/www.hashtag.al\/index.php\/wp-json\/wp\/v2\/types\/post"}],"author":[{"embeddable":true,"href":"https:\/\/www.hashtag.al\/index.php\/wp-json\/wp\/v2\/users\/30"}],"replies":[{"embeddable":true,"href":"https:\/\/www.hashtag.al\/index.php\/wp-json\/wp\/v2\/comments?post=556147"}],"version-history":[{"count":0,"href":"https:\/\/www.hashtag.al\/index.php\/wp-json\/wp\/v2\/posts\/556147\/revisions"}],"wp:featuredmedia":[{"embeddable":true,"href":"https:\/\/www.hashtag.al\/index.php\/wp-json\/wp\/v2\/media\/556107"}],"wp:attachment":[{"href":"https:\/\/www.hashtag.al\/index.php\/wp-json\/wp\/v2\/media?parent=556147"}],"wp:term":[{"taxonomy":"category","embeddable":true,"href":"https:\/\/www.hashtag.al\/index.php\/wp-json\/wp\/v2\/categories?post=556147"},{"taxonomy":"post_tag","embeddable":true,"href":"https:\/\/www.hashtag.al\/index.php\/wp-json\/wp\/v2\/tags?post=556147"}],"curies":[{"name":"wp","href":"https:\/\/api.w.org\/{rel}","templated":true}]}}