{"id":556125,"date":"2022-10-19T13:54:25","date_gmt":"2022-10-19T11:54:25","guid":{"rendered":"https:\/\/www.hashtag.al\/?p=556125"},"modified":"2022-10-19T13:54:25","modified_gmt":"2022-10-19T11:54:25","slug":"berisha-zoto-mertiri-e-gugallja-po-perdorin-tekniken-bllako-kercenojne-ramen-me-hiq-akuzen-ose-do-flas","status":"publish","type":"post","link":"https:\/\/www.hashtag.al\/index.php\/2022\/10\/19\/berisha-zoto-mertiri-e-gugallja-po-perdorin-tekniken-bllako-kercenojne-ramen-me-hiq-akuzen-ose-do-flas\/","title":{"rendered":"Berisha: Zoto, M\u00ebrtiri e Gugallja po p\u00ebrdorin teknik\u00ebn \u201cBllako\u201d, k\u00ebrc\u00ebnojn\u00eb Ram\u00ebn \u201cm\u00eb hiq akuz\u00ebn ose do flas\u201d","gt_translate_keys":[{"key":"rendered","format":"text"}]},"content":{"rendered":"<p><span style=\"color: #000000;\"><a href=\"https:\/\/www.hashtag.al\/wp-content\/uploads\/2022\/10\/WhatsApp-Image-2022-10-19-at-1.45.31-PM-1.jpeg\"><img loading=\"lazy\" decoding=\"async\" class=\"aligncenter size-full wp-image-556126\" src=\"https:\/\/www.hashtag.al\/wp-content\/uploads\/2022\/10\/WhatsApp-Image-2022-10-19-at-1.45.31-PM-1.jpeg\" alt=\"\" width=\"1280\" height=\"853\" srcset=\"https:\/\/www.hashtag.al\/wp-content\/uploads\/2022\/10\/WhatsApp-Image-2022-10-19-at-1.45.31-PM-1.jpeg 1280w, https:\/\/www.hashtag.al\/wp-content\/uploads\/2022\/10\/WhatsApp-Image-2022-10-19-at-1.45.31-PM-1-300x200.jpeg 300w, https:\/\/www.hashtag.al\/wp-content\/uploads\/2022\/10\/WhatsApp-Image-2022-10-19-at-1.45.31-PM-1-1024x682.jpeg 1024w, https:\/\/www.hashtag.al\/wp-content\/uploads\/2022\/10\/WhatsApp-Image-2022-10-19-at-1.45.31-PM-1-768x512.jpeg 768w\" sizes=\"auto, (max-width: 1280px) 100vw, 1280px\" \/><\/a><\/span><\/p>\n<p><span style=\"color: #000000;\">Kryetari i PD-s\u00eb Sali Berisha\u00a0n\u00eb mbledhjen e sotme t\u00eb grupit parlamentar n\u00eb seli, \u00ebsht\u00eb ndalur tek \u00e7\u00ebshtja e incenerator\u00ebve. Ai ka deklaruar se pronar\u00ebt n\u00eb k\u00ebrkim t\u00eb kompanive t\u00eb incenerator\u00ebve kan\u00eb k\u00ebrc\u00ebnuar se do t\u00eb flasin, duke p\u00ebrdorur sipas tij \u201cteknik\u00ebn Bllako\u201d.<\/span><\/p>\n<p><span style=\"color: #000000;\">Berisha thot\u00eb se ata nuk arrestohen pasi kan\u00eb mbrojtje nga qeveria.<\/span><\/p>\n<p><em><span style=\"color: #000000;\">\u201cMiliona e miliona disbursohen \u00e7do dit\u00eb te njer\u00ebzit n\u00eb k\u00ebrkim p\u00ebr djeg\u00ebsat, njer\u00ebzit e tyre te kompania e k\u00ebtyre, se \u00ebsht\u00eb absolutisht e ministrave, kompani e Ram\u00ebs. ugalja, M\u00ebrtiri dhe Zoto, ata jan\u00eb thjesht administrator\u00ebt e kompanis\u00eb s\u00eb qeveritar\u00ebve prandaj nuk arrestohen ata.<\/span><\/em><\/p>\n<p><span style=\"color: #000000;\"><em>Ata p\u00ebrkundrazi ka nd\u00ebrhyrje t\u00eb fuqishme se dhe ata po p\u00ebrdorin teknik\u00ebn Bllako. P\u00ebrdorin teknik\u00ebn Bllako \u2018ose m\u00eb hiq akuz\u00ebn ose do flas\u2019. Ata kan\u00eb zbatuar porosit\u00eb, kan\u00eb qen\u00eb p\u00ebrdoruesit e parave t\u00eb k\u00ebtyre e kan\u00eb filluar procesic p\u00ebr \u00e7lirimin, se del paradoksi si po i marrin parat\u00eb ata, si mund t\u00eb ndodh\u00eb te marrin para persona n\u00eb k\u00ebrkim? Po ndodh procesi nj\u00eblloj si me Bllakon se po flasin ata. Ata kan\u00eb k\u00ebrc\u00ebnuar, e k\u00ebc\u00ebnojn\u00eb q\u00eb tani \u2018boll i kryem ne rolet, parat\u00eb jan\u00eb tuajat\u2019.\u201d<\/em>-tha Berisha.<\/span><\/p>\n<p><a href=\"https:\/\/www.hashtag.al\/wp-content\/uploads\/2022\/10\/WhatsApp-Image-2022-10-19-at-1.46.04-PM.jpeg\"><img loading=\"lazy\" decoding=\"async\" class=\"aligncenter size-full wp-image-556127\" src=\"https:\/\/www.hashtag.al\/wp-content\/uploads\/2022\/10\/WhatsApp-Image-2022-10-19-at-1.46.04-PM.jpeg\" alt=\"\" width=\"1280\" height=\"853\" srcset=\"https:\/\/www.hashtag.al\/wp-content\/uploads\/2022\/10\/WhatsApp-Image-2022-10-19-at-1.46.04-PM.jpeg 1280w, https:\/\/www.hashtag.al\/wp-content\/uploads\/2022\/10\/WhatsApp-Image-2022-10-19-at-1.46.04-PM-300x200.jpeg 300w, https:\/\/www.hashtag.al\/wp-content\/uploads\/2022\/10\/WhatsApp-Image-2022-10-19-at-1.46.04-PM-1024x682.jpeg 1024w, https:\/\/www.hashtag.al\/wp-content\/uploads\/2022\/10\/WhatsApp-Image-2022-10-19-at-1.46.04-PM-768x512.jpeg 768w\" sizes=\"auto, (max-width: 1280px) 100vw, 1280px\" \/><\/a><a href=\"https:\/\/www.hashtag.al\/wp-content\/uploads\/2022\/10\/WhatsApp-Image-2022-10-19-at-1.45.31-PM.jpeg\"><img loading=\"lazy\" decoding=\"async\" class=\"aligncenter size-full wp-image-556128\" src=\"https:\/\/www.hashtag.al\/wp-content\/uploads\/2022\/10\/WhatsApp-Image-2022-10-19-at-1.45.31-PM.jpeg\" alt=\"\" width=\"1280\" height=\"853\" srcset=\"https:\/\/www.hashtag.al\/wp-content\/uploads\/2022\/10\/WhatsApp-Image-2022-10-19-at-1.45.31-PM.jpeg 1280w, https:\/\/www.hashtag.al\/wp-content\/uploads\/2022\/10\/WhatsApp-Image-2022-10-19-at-1.45.31-PM-300x200.jpeg 300w, https:\/\/www.hashtag.al\/wp-content\/uploads\/2022\/10\/WhatsApp-Image-2022-10-19-at-1.45.31-PM-1024x682.jpeg 1024w, https:\/\/www.hashtag.al\/wp-content\/uploads\/2022\/10\/WhatsApp-Image-2022-10-19-at-1.45.31-PM-768x512.jpeg 768w\" sizes=\"auto, (max-width: 1280px) 100vw, 1280px\" \/><\/a><\/p>\n","protected":false,"gt_translate_keys":[{"key":"rendered","format":"html"}]},"excerpt":{"rendered":"<p>Kryetari i PD-s\u00eb Sali Berisha\u00a0n\u00eb mbledhjen e sotme t\u00eb grupit parlamentar n\u00eb seli, \u00ebsht\u00eb ndalur tek \u00e7\u00ebshtja e incenerator\u00ebve. Ai ka deklaruar se pronar\u00ebt n\u00eb k\u00ebrkim t\u00eb kompanive t\u00eb incenerator\u00ebve kan\u00eb k\u00ebrc\u00ebnuar se do t\u00eb flasin, duke p\u00ebrdorur sipas tij \u201cteknik\u00ebn Bllako\u201d. Berisha thot\u00eb se ata nuk arrestohen pasi kan\u00eb mbrojtje nga qeveria. \u201cMiliona e [&hellip;]<\/p>\n","protected":false,"gt_translate_keys":[{"key":"rendered","format":"html"}]},"author":30,"featured_media":556126,"comment_status":"closed","ping_status":"closed","sticky":false,"template":"","format":"standard","meta":{"footnotes":""},"categories":[65,13],"tags":[],"class_list":["post-556125","post","type-post","status-publish","format-standard","has-post-thumbnail","hentry","category-lajme","category-te-fundit"],"gt_translate_keys":[{"key":"link","format":"url"}],"_links":{"self":[{"href":"https:\/\/www.hashtag.al\/index.php\/wp-json\/wp\/v2\/posts\/556125","targetHints":{"allow":["GET"]}}],"collection":[{"href":"https:\/\/www.hashtag.al\/index.php\/wp-json\/wp\/v2\/posts"}],"about":[{"href":"https:\/\/www.hashtag.al\/index.php\/wp-json\/wp\/v2\/types\/post"}],"author":[{"embeddable":true,"href":"https:\/\/www.hashtag.al\/index.php\/wp-json\/wp\/v2\/users\/30"}],"replies":[{"embeddable":true,"href":"https:\/\/www.hashtag.al\/index.php\/wp-json\/wp\/v2\/comments?post=556125"}],"version-history":[{"count":0,"href":"https:\/\/www.hashtag.al\/index.php\/wp-json\/wp\/v2\/posts\/556125\/revisions"}],"wp:featuredmedia":[{"embeddable":true,"href":"https:\/\/www.hashtag.al\/index.php\/wp-json\/wp\/v2\/media\/556126"}],"wp:attachment":[{"href":"https:\/\/www.hashtag.al\/index.php\/wp-json\/wp\/v2\/media?parent=556125"}],"wp:term":[{"taxonomy":"category","embeddable":true,"href":"https:\/\/www.hashtag.al\/index.php\/wp-json\/wp\/v2\/categories?post=556125"},{"taxonomy":"post_tag","embeddable":true,"href":"https:\/\/www.hashtag.al\/index.php\/wp-json\/wp\/v2\/tags?post=556125"}],"curies":[{"name":"wp","href":"https:\/\/api.w.org\/{rel}","templated":true}]}}