{"id":556007,"date":"2022-10-18T22:53:12","date_gmt":"2022-10-18T20:53:12","guid":{"rendered":"https:\/\/www.hashtag.al\/?p=556007"},"modified":"2022-10-18T22:43:48","modified_gmt":"2022-10-18T20:43:48","slug":"zelensky-do-botoje-librin-e-16-fjalimeve-te-tij-me-te-fuqishme-te-luftes","status":"publish","type":"post","link":"https:\/\/www.hashtag.al\/index.php\/2022\/10\/18\/zelensky-do-botoje-librin-e-16-fjalimeve-te-tij-me-te-fuqishme-te-luftes\/","title":{"rendered":"Zelensky do botoj\u00eb librin e \u201916 fjalimeve t\u00eb tij m\u00eb t\u00eb fuqishme t\u00eb luft\u00ebs\u2019","gt_translate_keys":[{"key":"rendered","format":"text"}]},"content":{"rendered":"<p><span style=\"color: #000000;\"><img loading=\"lazy\" decoding=\"async\" class=\"aligncenter size-full wp-image-556008\" src=\"https:\/\/www.hashtag.al\/wp-content\/uploads\/2022\/10\/zele-1.jpg\" alt=\"\" width=\"768\" height=\"432\" srcset=\"https:\/\/www.hashtag.al\/wp-content\/uploads\/2022\/10\/zele-1.jpg 768w, https:\/\/www.hashtag.al\/wp-content\/uploads\/2022\/10\/zele-1-300x169.jpg 300w\" sizes=\"auto, (max-width: 768px) 100vw, 768px\" \/><\/span><\/p>\n<p><span style=\"color: #000000;\">16 \u2018fjalimet m\u00eb t\u00eb fuqishme t\u00eb luft\u00ebs\u2019 nga presidenti ukrainas Zelensky do botohen m\u00eb 6 dhjetor n\u00eb nj\u00eb lib\u00ebr t\u00eb quajtur \u2018Nj\u00eb mesazh nga Ukraina\u2019, njoftoi t\u00eb h\u00ebn\u00ebn Crown.<\/span><\/p>\n<p><span style=\"color: #000000;\"><em>&#8220;I vetmi lib\u00ebr i autorizuar zyrtarisht nga Presidenti Zelensky, \u2018Nj\u00eb mesazh nga Ukraina\u2019 p\u00ebrfshin fjalime q\u00eb ai ka zgjedhur personalisht p\u00ebr t\u00eb treguar historin\u00eb e popullit ukrainas.&#8221;<\/em> &#8211; thot\u00eb abstrakti i kopertin\u00ebs, i cili tashm\u00eb \u00ebsht\u00eb i disponuesh\u00ebm p\u00ebr paraporositje p\u00ebr nj\u00eb \u00e7mim prej 16 dollar\u00ebsh.<\/span><\/p>\n<p><span style=\"color: #000000;\">\u2018Nj\u00eb Mesazh\u2019 p\u00ebrfshin nj\u00eb hyrje nga Zelensky, ku ai shpjegon at\u00eb q\u00eb ka m\u00ebsuar p\u00ebr veten dhe ukrainasit q\u00eb nga fillimi i operacionit ushtarak rus n\u00eb fund t\u00eb shkurtit.<\/span><\/p>\n<p><span style=\"color: #000000;\"><em>\u201cN\u00ebse doni t\u00eb kuptoni se kush jemi, nga jemi, \u00e7far\u00eb duam dhe ku po shkojm\u00eb, duhet t\u00eb m\u00ebsoni m\u00eb shum\u00eb se kush jemi. Ky lib\u00ebr do t&#8217;ju ndihmoj\u00eb t\u00eb b\u00ebni pik\u00ebrisht k\u00ebt\u00eb.&#8221; <\/em>&#8211; tha lideri ukrainas n\u00eb nj\u00eb deklarat\u00eb t\u00eb l\u00ebshuar nga Crown dhe t\u00eb cituar nga media.<\/span><\/p>\n<p><span style=\"color: #000000;\">Libri, i cili p\u00ebrmban gjithashtu nj\u00eb parath\u00ebnie nga Arkady Ostrovsky, redaktori i \u2018Economist\u2019 p\u00ebr Rusin\u00eb dhe Evrop\u00ebn Lindore, do dal\u00eb n\u00eb Britani, SHBA, Gjermani, Spanj\u00eb dhe Portugali, sipas The Guardian.<\/span><\/p>\n<p><span style=\"color: #000000;\">T\u00eb gjitha t\u00eb ardhurat nga libri do shkojn\u00eb p\u00ebr United24, nj\u00eb platform\u00eb e krijuar nga Zelensky p\u00ebr t\u00eb mbledhur fonde bamir\u00ebsie p\u00ebr vendin e tij.<\/span><\/p>\n<p><span style=\"color: #000000;\">Q\u00eb nga fillimi i konfliktit, presidenti ukrainas, i cili m\u00eb par\u00eb ishte nj\u00eb aktor, i \u00ebsht\u00eb drejtuar kombit n\u00eb baza ditore p\u00ebrmes mesazheve me video n\u00eb platformat e mediave sociale.<\/span><\/p>\n","protected":false,"gt_translate_keys":[{"key":"rendered","format":"html"}]},"excerpt":{"rendered":"<p>16 \u2018fjalimet m\u00eb t\u00eb fuqishme t\u00eb luft\u00ebs\u2019 nga presidenti ukrainas Zelensky do botohen m\u00eb 6 dhjetor n\u00eb nj\u00eb lib\u00ebr t\u00eb quajtur \u2018Nj\u00eb mesazh nga Ukraina\u2019, njoftoi t\u00eb h\u00ebn\u00ebn Crown. &#8220;I vetmi lib\u00ebr i autorizuar zyrtarisht nga Presidenti Zelensky, \u2018Nj\u00eb mesazh nga Ukraina\u2019 p\u00ebrfshin fjalime q\u00eb ai ka zgjedhur personalisht p\u00ebr t\u00eb treguar historin\u00eb e popullit [&hellip;]<\/p>\n","protected":false,"gt_translate_keys":[{"key":"rendered","format":"html"}]},"author":51,"featured_media":556008,"comment_status":"closed","ping_status":"closed","sticky":false,"template":"","format":"standard","meta":{"footnotes":""},"categories":[53],"tags":[],"class_list":["post-556007","post","type-post","status-publish","format-standard","has-post-thumbnail","hentry","category-fast-foodi"],"gt_translate_keys":[{"key":"link","format":"url"}],"_links":{"self":[{"href":"https:\/\/www.hashtag.al\/index.php\/wp-json\/wp\/v2\/posts\/556007","targetHints":{"allow":["GET"]}}],"collection":[{"href":"https:\/\/www.hashtag.al\/index.php\/wp-json\/wp\/v2\/posts"}],"about":[{"href":"https:\/\/www.hashtag.al\/index.php\/wp-json\/wp\/v2\/types\/post"}],"author":[{"embeddable":true,"href":"https:\/\/www.hashtag.al\/index.php\/wp-json\/wp\/v2\/users\/51"}],"replies":[{"embeddable":true,"href":"https:\/\/www.hashtag.al\/index.php\/wp-json\/wp\/v2\/comments?post=556007"}],"version-history":[{"count":0,"href":"https:\/\/www.hashtag.al\/index.php\/wp-json\/wp\/v2\/posts\/556007\/revisions"}],"wp:featuredmedia":[{"embeddable":true,"href":"https:\/\/www.hashtag.al\/index.php\/wp-json\/wp\/v2\/media\/556008"}],"wp:attachment":[{"href":"https:\/\/www.hashtag.al\/index.php\/wp-json\/wp\/v2\/media?parent=556007"}],"wp:term":[{"taxonomy":"category","embeddable":true,"href":"https:\/\/www.hashtag.al\/index.php\/wp-json\/wp\/v2\/categories?post=556007"},{"taxonomy":"post_tag","embeddable":true,"href":"https:\/\/www.hashtag.al\/index.php\/wp-json\/wp\/v2\/tags?post=556007"}],"curies":[{"name":"wp","href":"https:\/\/api.w.org\/{rel}","templated":true}]}}