{"id":555957,"date":"2022-10-18T19:12:27","date_gmt":"2022-10-18T17:12:27","guid":{"rendered":"https:\/\/www.hashtag.al\/?p=555957"},"modified":"2022-10-18T19:12:27","modified_gmt":"2022-10-18T17:12:27","slug":"takimi-mes-dy-kampeve-ne-pd-duma-po-punohet-per-te-shkuar-drejt-bashkimit-bisedat-te-sinqerta","status":"publish","type":"post","link":"https:\/\/www.hashtag.al\/index.php\/2022\/10\/18\/takimi-mes-dy-kampeve-ne-pd-duma-po-punohet-per-te-shkuar-drejt-bashkimit-bisedat-te-sinqerta\/","title":{"rendered":"Takimi mes dy kampeve n\u00eb PD, Duma: Po punohet p\u00ebr t\u00eb shkuar drejt bashkimit, bisedat t\u00eb sinqerta","gt_translate_keys":[{"key":"rendered","format":"text"}]},"content":{"rendered":"<p><span style=\"color: #000000;\"><img loading=\"lazy\" decoding=\"async\" class=\"aligncenter size-full wp-image-555958\" src=\"https:\/\/www.hashtag.al\/wp-content\/uploads\/2022\/10\/duma.png\" alt=\"\" width=\"1061\" height=\"547\" srcset=\"https:\/\/www.hashtag.al\/wp-content\/uploads\/2022\/10\/duma.png 1061w, https:\/\/www.hashtag.al\/wp-content\/uploads\/2022\/10\/duma-300x155.png 300w, https:\/\/www.hashtag.al\/wp-content\/uploads\/2022\/10\/duma-1024x528.png 1024w, https:\/\/www.hashtag.al\/wp-content\/uploads\/2022\/10\/duma-768x396.png 768w\" sizes=\"auto, (max-width: 1061px) 100vw, 1061px\" \/><\/span><\/p>\n<p><span style=\"color: #000000;\">Deputetja e PD-s\u00eb Duma pohoi mbr\u00ebmjen e sotme se fryma e bised\u00ebs n\u00eb takimin mes dy kampeve n\u00eb selin\u00eb blu ka qen\u00eb konstruktive dhe se pal\u00ebt po diskutojn\u00eb si t\u00eb shkohet drejt primareve. <\/span><\/p>\n<p><span style=\"color: #000000;\">Po k\u00ebshtu Duma theksoi se fakti q\u00eb pal\u00ebt jan\u00eb n\u00eb bisedime \u00ebsht\u00eb pozitiv dhe t\u00eb gjith\u00eb jan\u00eb t\u00eb interesuar p\u00ebr t\u00eb gjetur element\u00eb q\u00eb mund t\u00eb \u00e7ojn\u00eb drejt bashkimit.<\/span><\/p>\n<p><span style=\"color: #000000;\"><em>\u201cMendoj se ka shum\u00eb gjasa, un\u00eb nuk dua t\u00eb flas m\u00eb si pal\u00eb, fryma e bised\u00ebs ka qen\u00eb krejt\u00ebsisht e paqt\u00eb dhe konstruktive nga t\u00eb dyja pal\u00ebt q\u00eb kan\u00eb p\u00ebrfaq\u00ebsuar k\u00ebt\u00eb tryez\u00eb. Fryma me t\u00eb cil\u00ebn lash\u00eb mbledhjen \u00ebsht\u00eb e sinqert\u00eb. M\u00ebnyra se si do t\u00eb shkohet drejt k\u00ebtyre primareve \u00ebsht\u00eb duke u diskutuar n\u00eb \u00e7do moment. Fakti q\u00eb kan\u00eb nisur diskutimet un\u00eb e quaj nj\u00eb lajm t\u00eb mir\u00eb. Fryma \u00ebsht\u00eb p\u00ebr t\u00eb gjetur t\u00eb gjitha element\u00ebt q\u00eb mund t\u00eb na \u00e7ojn\u00eb drejt\u00a0 bashkimit. Ajo q\u00eb m\u00eb vlen \u00ebsht\u00eb diskutimi i v\u00ebrtet\u00eb. Sot diskutimi \u00ebsht\u00eb n\u00ebse ajo q\u00eb b\u00ebn me veten grupi parlamentar i PD con n\u00eb shkrirjen dhe krijimin e t\u00eb nj\u00ebjt\u00ebs bashk\u00ebsi reale n\u00eb strukturat e PD. T\u00eb gjitha simbolikat ku u takuam e si u takuam se sa kur diskutojm\u00eb me mb\u00ebshtet\u00ebsit, t\u00eb jen\u00eb t\u00eb v\u00ebrteta, jo prapaskena.\u201d<\/em> &#8211; tha Duma.<\/span><\/p>\n","protected":false,"gt_translate_keys":[{"key":"rendered","format":"html"}]},"excerpt":{"rendered":"<p>Deputetja e PD-s\u00eb Duma pohoi mbr\u00ebmjen e sotme se fryma e bised\u00ebs n\u00eb takimin mes dy kampeve n\u00eb selin\u00eb blu ka qen\u00eb konstruktive dhe se pal\u00ebt po diskutojn\u00eb si t\u00eb shkohet drejt primareve. Po k\u00ebshtu Duma theksoi se fakti q\u00eb pal\u00ebt jan\u00eb n\u00eb bisedime \u00ebsht\u00eb pozitiv dhe t\u00eb gjith\u00eb jan\u00eb t\u00eb interesuar p\u00ebr t\u00eb gjetur [&hellip;]<\/p>\n","protected":false,"gt_translate_keys":[{"key":"rendered","format":"html"}]},"author":51,"featured_media":555958,"comment_status":"closed","ping_status":"closed","sticky":false,"template":"","format":"standard","meta":{"footnotes":""},"categories":[65,13],"tags":[],"class_list":["post-555957","post","type-post","status-publish","format-standard","has-post-thumbnail","hentry","category-lajme","category-te-fundit"],"gt_translate_keys":[{"key":"link","format":"url"}],"_links":{"self":[{"href":"https:\/\/www.hashtag.al\/index.php\/wp-json\/wp\/v2\/posts\/555957","targetHints":{"allow":["GET"]}}],"collection":[{"href":"https:\/\/www.hashtag.al\/index.php\/wp-json\/wp\/v2\/posts"}],"about":[{"href":"https:\/\/www.hashtag.al\/index.php\/wp-json\/wp\/v2\/types\/post"}],"author":[{"embeddable":true,"href":"https:\/\/www.hashtag.al\/index.php\/wp-json\/wp\/v2\/users\/51"}],"replies":[{"embeddable":true,"href":"https:\/\/www.hashtag.al\/index.php\/wp-json\/wp\/v2\/comments?post=555957"}],"version-history":[{"count":0,"href":"https:\/\/www.hashtag.al\/index.php\/wp-json\/wp\/v2\/posts\/555957\/revisions"}],"wp:featuredmedia":[{"embeddable":true,"href":"https:\/\/www.hashtag.al\/index.php\/wp-json\/wp\/v2\/media\/555958"}],"wp:attachment":[{"href":"https:\/\/www.hashtag.al\/index.php\/wp-json\/wp\/v2\/media?parent=555957"}],"wp:term":[{"taxonomy":"category","embeddable":true,"href":"https:\/\/www.hashtag.al\/index.php\/wp-json\/wp\/v2\/categories?post=555957"},{"taxonomy":"post_tag","embeddable":true,"href":"https:\/\/www.hashtag.al\/index.php\/wp-json\/wp\/v2\/tags?post=555957"}],"curies":[{"name":"wp","href":"https:\/\/api.w.org\/{rel}","templated":true}]}}