{"id":555809,"date":"2022-10-17T22:38:58","date_gmt":"2022-10-17T20:38:58","guid":{"rendered":"https:\/\/www.hashtag.al\/?p=555809"},"modified":"2022-10-17T22:38:58","modified_gmt":"2022-10-17T20:38:58","slug":"kryemadhi-kercenimet-e-lefter-kokes-i-drejtohet-rames-dhe-veliajt","status":"publish","type":"post","link":"https:\/\/www.hashtag.al\/index.php\/2022\/10\/17\/kryemadhi-kercenimet-e-lefter-kokes-i-drejtohet-rames-dhe-veliajt\/","title":{"rendered":"Kryemadhi: K\u00ebrc\u00ebnimet e Lefter Kok\u00ebs i drejtohet Ram\u00ebs dhe Veliajt","gt_translate_keys":[{"key":"rendered","format":"text"}]},"content":{"rendered":"<p><span style=\"color: #000000;\"><a style=\"color: #000000;\" href=\"https:\/\/www.hashtag.al\/wp-content\/uploads\/2022\/10\/kryemadhi-veliaj-rama-koka-scaled.jpg\"><img loading=\"lazy\" decoding=\"async\" class=\"aligncenter size-full wp-image-555810\" src=\"https:\/\/www.hashtag.al\/wp-content\/uploads\/2022\/10\/kryemadhi-veliaj-rama-koka-scaled.jpg\" alt=\"\" width=\"2560\" height=\"1067\" srcset=\"https:\/\/www.hashtag.al\/wp-content\/uploads\/2022\/10\/kryemadhi-veliaj-rama-koka-scaled.jpg 2560w, https:\/\/www.hashtag.al\/wp-content\/uploads\/2022\/10\/kryemadhi-veliaj-rama-koka-300x125.jpg 300w, https:\/\/www.hashtag.al\/wp-content\/uploads\/2022\/10\/kryemadhi-veliaj-rama-koka-1024x427.jpg 1024w, https:\/\/www.hashtag.al\/wp-content\/uploads\/2022\/10\/kryemadhi-veliaj-rama-koka-768x320.jpg 768w, https:\/\/www.hashtag.al\/wp-content\/uploads\/2022\/10\/kryemadhi-veliaj-rama-koka-1536x640.jpg 1536w, https:\/\/www.hashtag.al\/wp-content\/uploads\/2022\/10\/kryemadhi-veliaj-rama-koka-2048x854.jpg 2048w\" sizes=\"auto, (max-width: 2560px) 100vw, 2560px\" \/><\/a><\/span><\/p>\n<p><span style=\"color: #000000;\">Deputetja e Partis\u00eb s\u00eb Liris\u00eb, Monika Kryemadhi, komentoi n\u00eb emisionin \u201cOpinion\u201d mesazhet e avokatit t\u00eb ish-ministrit Lefter Koka, i cili paralajm\u00ebroi se fakte dhe t\u00eb v\u00ebrteta t\u00eb reja do t\u00eb dalin n\u00eb drit\u00eb n\u00eb lidhje me \u00e7\u00ebshtjen e incenerator\u00ebve.<\/span><\/p>\n<p><span style=\"color: #000000;\">Kryemadhi se k\u00ebrc\u00ebnimet e Lefter kok\u00ebs i drejtohen kryeministrit Rama dhe kryebashkiakut Erion Veliaj, t\u00eb cil\u00ebt jan\u00eb pronari dhe avokati i inceneratorit t\u00eb Tiran\u00ebs.<\/span><\/p>\n<p><span style=\"color: #000000;\">K\u00ebto k\u00ebrc\u00ebnime ish-kryetares s\u00eb LSI-s\u00eb vijn\u00eb n\u00eb lidhje me drit\u00ebhijet e shumta p\u00ebr pastrim parash dhe evazion fiskal q\u00eb qarkullojn\u00eb mbi inceneratorin e Tiran\u00ebs.<\/span><\/p>\n<p><span style=\"color: #000000;\">\u201c<em>N\u00eb dijenin\u00eb time n\u00eb 10 muaj q\u00eb zoti Koka \u00ebsht\u00eb n\u00eb burg nuk \u00ebsht\u00eb thirrur asnj\u00ebher\u00eb, as nuk \u00ebsht\u00eb pyetur apo t\u2019i vej\u00eb njeri n\u00eb qeli, apo t\u00eb jet\u00eb thirrur n\u00eb SPAK. K\u00eb k\u00ebrc\u00ebnon? Pronarin dhe avokatin e inceneratorit, pronari \u00ebsht\u00eb Edi Rama, avokati Erion Veliaj, haptas. P\u00ebr aq sa un\u00eb e njoh dosjen, \u00e7\u00ebshtja e inceneratorit t\u00eb Tiran\u00ebs \u00ebsht\u00eb me drit\u00ebhije shum\u00eb m\u00eb t\u00eb m\u00ebdha se dy t\u00eb tjerat p\u00ebr shkak t\u00eb pagesave q\u00eb b\u00ebhen n\u00eb offshore, q\u00eb mund t\u00eb jen\u00eb n\u00eb k\u00ebndv\u00ebshtrimin tim mund t\u00eb jet\u00eb pastrim parash, evazion fiskal, p\u00ebrdorim p\u00ebr destabilitete t\u00eb ndryshme apo ndikime n\u00eb grupe t\u00eb ndryshme interesi, qofshin k\u00ebto n\u00eb biznes n\u00eb polici, n\u00eb ushtri, pra jan\u00eb gj\u00ebra q\u00eb e hapin hap\u00ebsir\u00ebn, marr\u00ebdh\u00ebnia e Kok\u00ebs me grupin e incenerator\u00ebve, mendoj se nuk ka qen\u00eb ai ideator<\/em>i\u201d, tha Kryemadhi.<\/span><\/p>\n<p><span style=\"color: #000000;\">Avokati i Lefter Kok\u00ebs deklaroi n\u00eb nj\u00eb dalje p\u00ebr mediat k\u00ebt\u00eb t\u00eb h\u00ebn\u00eb se \u00ebsht\u00eb e padrejt\u00eb q\u00eb ish-ministri t\u00eb mbahet n\u00eb paraburgim pasi \u00ebsht\u00eb n\u00eb gjendje t\u00eb r\u00ebnduar sh\u00ebndet\u00ebsore, nd\u00ebrsa m\u00eb tej paralajm\u00ebroi se n\u00eb drit\u00eb do t\u00eb dalin fakte dhe t\u00eb v\u00ebrteta q\u00eb nuk jan\u00eb d\u00ebgjuar.<\/span><\/p>\n<p>&nbsp;<\/p>\n","protected":false,"gt_translate_keys":[{"key":"rendered","format":"html"}]},"excerpt":{"rendered":"<p>Deputetja e Partis\u00eb s\u00eb Liris\u00eb, Monika Kryemadhi, komentoi n\u00eb emisionin \u201cOpinion\u201d mesazhet e avokatit t\u00eb ish-ministrit Lefter Koka, i cili paralajm\u00ebroi se fakte dhe t\u00eb v\u00ebrteta t\u00eb reja do t\u00eb dalin n\u00eb drit\u00eb n\u00eb lidhje me \u00e7\u00ebshtjen e incenerator\u00ebve. Kryemadhi se k\u00ebrc\u00ebnimet e Lefter kok\u00ebs i drejtohen kryeministrit Rama dhe kryebashkiakut Erion Veliaj, t\u00eb cil\u00ebt [&hellip;]<\/p>\n","protected":false,"gt_translate_keys":[{"key":"rendered","format":"html"}]},"author":32,"featured_media":555810,"comment_status":"closed","ping_status":"closed","sticky":false,"template":"","format":"standard","meta":{"footnotes":""},"categories":[65,13],"tags":[],"class_list":["post-555809","post","type-post","status-publish","format-standard","has-post-thumbnail","hentry","category-lajme","category-te-fundit"],"gt_translate_keys":[{"key":"link","format":"url"}],"_links":{"self":[{"href":"https:\/\/www.hashtag.al\/index.php\/wp-json\/wp\/v2\/posts\/555809","targetHints":{"allow":["GET"]}}],"collection":[{"href":"https:\/\/www.hashtag.al\/index.php\/wp-json\/wp\/v2\/posts"}],"about":[{"href":"https:\/\/www.hashtag.al\/index.php\/wp-json\/wp\/v2\/types\/post"}],"author":[{"embeddable":true,"href":"https:\/\/www.hashtag.al\/index.php\/wp-json\/wp\/v2\/users\/32"}],"replies":[{"embeddable":true,"href":"https:\/\/www.hashtag.al\/index.php\/wp-json\/wp\/v2\/comments?post=555809"}],"version-history":[{"count":0,"href":"https:\/\/www.hashtag.al\/index.php\/wp-json\/wp\/v2\/posts\/555809\/revisions"}],"wp:featuredmedia":[{"embeddable":true,"href":"https:\/\/www.hashtag.al\/index.php\/wp-json\/wp\/v2\/media\/555810"}],"wp:attachment":[{"href":"https:\/\/www.hashtag.al\/index.php\/wp-json\/wp\/v2\/media?parent=555809"}],"wp:term":[{"taxonomy":"category","embeddable":true,"href":"https:\/\/www.hashtag.al\/index.php\/wp-json\/wp\/v2\/categories?post=555809"},{"taxonomy":"post_tag","embeddable":true,"href":"https:\/\/www.hashtag.al\/index.php\/wp-json\/wp\/v2\/tags?post=555809"}],"curies":[{"name":"wp","href":"https:\/\/api.w.org\/{rel}","templated":true}]}}