{"id":555798,"date":"2022-10-17T22:10:19","date_gmt":"2022-10-17T20:10:19","guid":{"rendered":"https:\/\/www.hashtag.al\/?p=555798"},"modified":"2022-10-17T22:10:19","modified_gmt":"2022-10-17T20:10:19","slug":"avioni-me-6-pasagjere-ne-bord-nuk-ia-del-te-ulet-ne-piste-ndalet-nga-pema","status":"publish","type":"post","link":"https:\/\/www.hashtag.al\/index.php\/2022\/10\/17\/avioni-me-6-pasagjere-ne-bord-nuk-ia-del-te-ulet-ne-piste-ndalet-nga-pema\/","title":{"rendered":"Avioni me 6 pasagjer\u00eb n\u00eb bord nuk ia del t\u00eb ulet n\u00eb pist\u00eb, ndalet nga pema","gt_translate_keys":[{"key":"rendered","format":"text"}]},"content":{"rendered":"<p><span style=\"color: #000000;\"><a href=\"https:\/\/www.hashtag.al\/wp-content\/uploads\/2022\/10\/avioni-i-vogel.jpeg\"><img loading=\"lazy\" decoding=\"async\" class=\"aligncenter size-full wp-image-555800\" src=\"https:\/\/www.hashtag.al\/wp-content\/uploads\/2022\/10\/avioni-i-vogel.jpeg\" alt=\"\" width=\"928\" height=\"486\" srcset=\"https:\/\/www.hashtag.al\/wp-content\/uploads\/2022\/10\/avioni-i-vogel.jpeg 928w, https:\/\/www.hashtag.al\/wp-content\/uploads\/2022\/10\/avioni-i-vogel-300x157.jpeg 300w, https:\/\/www.hashtag.al\/wp-content\/uploads\/2022\/10\/avioni-i-vogel-768x402.jpeg 768w\" sizes=\"auto, (max-width: 928px) 100vw, 928px\" \/><\/a><\/span><\/p>\n<p><span style=\"color: #000000;\">Nj\u00eb avioni privat tip SF50 Cirrus me num\u00ebr regjistrimi HK5342 i kompanis\u00eb Helistar u rr\u00ebzua n\u00eb rrethinat e aeroportit Sim\u00f3n Bol\u00edvar n\u00eb Kolumbi.<\/span><\/p>\n<p><span style=\"color: #000000;\">Informacioni u konfirmua nga Francisco Ospina, drejtor p\u00ebrgjegj\u00ebs i Aerocivil, i cili dha m\u00eb shum\u00eb detaje rreth ngjarjes, raportojn\u00eb mediat Kolumbiane.<\/span><\/p>\n<p><span style=\"color: #000000;\">\u201cAeroplani po transportonte 6 pasagjer\u00eb dhe pati nj\u00eb difekt gjat\u00eb ngritjes, duke rezultuar n\u00eb nj\u00eb ulje t\u00eb detyruar dhe duke shkuar p\u00ebrtej kufirit t\u00eb pist\u00ebs, q\u00eb pasi theu gardhin goditi disa k\u00ebmb\u00ebsor\u00eb\u201d, tha Ospina.<\/span><\/p>\n<p><span style=\"color: #000000;\">Personat q\u00eb ndodheshin n\u00eb avion kan\u00eb mundur t\u00eb largohen me mjetet e tyre pas aksidentit dhe ndodhen jasht\u00eb rrezikut p\u00ebr jet\u00ebn.<\/span><\/p>\n<div style=\"width: 640px;\" class=\"wp-video\"><video class=\"wp-video-shortcode\" id=\"video-555798-1\" width=\"640\" height=\"360\" preload=\"metadata\" controls=\"controls\"><source type=\"video\/mp4\" src=\"https:\/\/www.hashtag.al\/wp-content\/uploads\/2022\/10\/avioni-vid.mp4?_=1\" \/><a href=\"https:\/\/www.hashtag.al\/wp-content\/uploads\/2022\/10\/avioni-vid.mp4\">https:\/\/www.hashtag.al\/wp-content\/uploads\/2022\/10\/avioni-vid.mp4<\/a><\/video><\/div>\n<p><a href=\"https:\/\/www.hashtag.al\/wp-content\/uploads\/2022\/10\/avioni.jpeg\"><img loading=\"lazy\" decoding=\"async\" class=\"aligncenter size-full wp-image-555802\" src=\"https:\/\/www.hashtag.al\/wp-content\/uploads\/2022\/10\/avioni.jpeg\" alt=\"\" width=\"928\" height=\"486\" srcset=\"https:\/\/www.hashtag.al\/wp-content\/uploads\/2022\/10\/avioni.jpeg 928w, https:\/\/www.hashtag.al\/wp-content\/uploads\/2022\/10\/avioni-300x157.jpeg 300w, https:\/\/www.hashtag.al\/wp-content\/uploads\/2022\/10\/avioni-768x402.jpeg 768w\" sizes=\"auto, (max-width: 928px) 100vw, 928px\" \/><\/a><a href=\"https:\/\/www.hashtag.al\/wp-content\/uploads\/2022\/10\/avioni-irrezuar.png\"><img loading=\"lazy\" decoding=\"async\" class=\"aligncenter size-full wp-image-555801\" src=\"https:\/\/www.hashtag.al\/wp-content\/uploads\/2022\/10\/avioni-irrezuar.png\" alt=\"\" width=\"967\" height=\"688\" srcset=\"https:\/\/www.hashtag.al\/wp-content\/uploads\/2022\/10\/avioni-irrezuar.png 967w, https:\/\/www.hashtag.al\/wp-content\/uploads\/2022\/10\/avioni-irrezuar-300x213.png 300w, https:\/\/www.hashtag.al\/wp-content\/uploads\/2022\/10\/avioni-irrezuar-768x546.png 768w\" sizes=\"auto, (max-width: 967px) 100vw, 967px\" \/><\/a><\/p>\n","protected":false,"gt_translate_keys":[{"key":"rendered","format":"html"}]},"excerpt":{"rendered":"<p>Nj\u00eb avioni privat tip SF50 Cirrus me num\u00ebr regjistrimi HK5342 i kompanis\u00eb Helistar u rr\u00ebzua n\u00eb rrethinat e aeroportit Sim\u00f3n Bol\u00edvar n\u00eb Kolumbi. Informacioni u konfirmua nga Francisco Ospina, drejtor p\u00ebrgjegj\u00ebs i Aerocivil, i cili dha m\u00eb shum\u00eb detaje rreth ngjarjes, raportojn\u00eb mediat Kolumbiane. \u201cAeroplani po transportonte 6 pasagjer\u00eb dhe pati nj\u00eb difekt gjat\u00eb ngritjes, [&hellip;]<\/p>\n","protected":false,"gt_translate_keys":[{"key":"rendered","format":"html"}]},"author":32,"featured_media":555800,"comment_status":"closed","ping_status":"closed","sticky":false,"template":"","format":"standard","meta":{"footnotes":""},"categories":[6,13],"tags":[],"class_list":["post-555798","post","type-post","status-publish","format-standard","has-post-thumbnail","hentry","category-nderkombetare","category-te-fundit"],"gt_translate_keys":[{"key":"link","format":"url"}],"_links":{"self":[{"href":"https:\/\/www.hashtag.al\/index.php\/wp-json\/wp\/v2\/posts\/555798","targetHints":{"allow":["GET"]}}],"collection":[{"href":"https:\/\/www.hashtag.al\/index.php\/wp-json\/wp\/v2\/posts"}],"about":[{"href":"https:\/\/www.hashtag.al\/index.php\/wp-json\/wp\/v2\/types\/post"}],"author":[{"embeddable":true,"href":"https:\/\/www.hashtag.al\/index.php\/wp-json\/wp\/v2\/users\/32"}],"replies":[{"embeddable":true,"href":"https:\/\/www.hashtag.al\/index.php\/wp-json\/wp\/v2\/comments?post=555798"}],"version-history":[{"count":0,"href":"https:\/\/www.hashtag.al\/index.php\/wp-json\/wp\/v2\/posts\/555798\/revisions"}],"wp:featuredmedia":[{"embeddable":true,"href":"https:\/\/www.hashtag.al\/index.php\/wp-json\/wp\/v2\/media\/555800"}],"wp:attachment":[{"href":"https:\/\/www.hashtag.al\/index.php\/wp-json\/wp\/v2\/media?parent=555798"}],"wp:term":[{"taxonomy":"category","embeddable":true,"href":"https:\/\/www.hashtag.al\/index.php\/wp-json\/wp\/v2\/categories?post=555798"},{"taxonomy":"post_tag","embeddable":true,"href":"https:\/\/www.hashtag.al\/index.php\/wp-json\/wp\/v2\/tags?post=555798"}],"curies":[{"name":"wp","href":"https:\/\/api.w.org\/{rel}","templated":true}]}}