{"id":555662,"date":"2022-10-17T11:42:58","date_gmt":"2022-10-17T09:42:58","guid":{"rendered":"https:\/\/www.hashtag.al\/?p=555662"},"modified":"2022-10-17T11:42:58","modified_gmt":"2022-10-17T09:42:58","slug":"pedagoget-proteste-ne-te-gjitha-universitetet-e-vendit-paralizohet-nisja-e-vitit-te-ri-akademik","status":"publish","type":"post","link":"https:\/\/www.hashtag.al\/index.php\/2022\/10\/17\/pedagoget-proteste-ne-te-gjitha-universitetet-e-vendit-paralizohet-nisja-e-vitit-te-ri-akademik\/","title":{"rendered":"Pedagog\u00ebt protest\u00eb n\u00eb t\u00eb gjitha universitetet e vendit, paralizohet nisja e vitit t\u00eb ri akademik","gt_translate_keys":[{"key":"rendered","format":"text"}]},"content":{"rendered":"<p><span style=\"color: #000000;\"><img loading=\"lazy\" decoding=\"async\" class=\"aligncenter size-full wp-image-555663\" src=\"https:\/\/www.hashtag.al\/wp-content\/uploads\/2022\/10\/pedagoge.jpeg\" alt=\"\" width=\"1536\" height=\"864\" srcset=\"https:\/\/www.hashtag.al\/wp-content\/uploads\/2022\/10\/pedagoge.jpeg 1536w, https:\/\/www.hashtag.al\/wp-content\/uploads\/2022\/10\/pedagoge-300x169.jpeg 300w, https:\/\/www.hashtag.al\/wp-content\/uploads\/2022\/10\/pedagoge-1024x576.jpeg 1024w, https:\/\/www.hashtag.al\/wp-content\/uploads\/2022\/10\/pedagoge-768x432.jpeg 768w\" sizes=\"auto, (max-width: 1536px) 100vw, 1536px\" \/><\/span><\/p>\n<p><span style=\"color: #000000;\">Edhe pse zyrtarisht sot nis viti i ri akademik, m\u00ebsimi n\u00eb universitetet e vendit nuk \u00ebsht\u00eb zhvilluar p\u00ebr shkak t\u00eb protest\u00ebs s\u00eb pedagog\u00ebve.<\/span><\/p>\n<p><span style=\"color: #000000;\"> M\u00ebsimi \u00ebsht\u00eb bojkotuar n\u00eb universitetet e Tiran\u00ebs, Shkodr\u00ebs, Elbasanit, Durr\u00ebsit e Gjirokastr\u00ebs. Pedagog\u00ebt protestojn\u00eb prej disa jav\u00ebsh e kan\u00eb deklaruar se nuk do e nd\u00ebrpresin at\u00eb deri n\u00eb plot\u00ebsimin e k\u00ebrkesave.<\/span><\/p>\n<p><span style=\"color: #000000;\">N\u00eb protest\u00ebn e para t\u00eb zhvilluar para Fakultetit t\u00eb Shkencave t\u00eb Natyr\u00ebs ata njoftuan k\u00ebrkesa q\u00eb kishin drejtuar qeveris\u00eb, nd\u00ebrsa ajo u pasua me tre protesta t\u00eb tjera para Universitetit Politeknik e atij t\u00eb Arteve, p\u00ebr t\u00eb vijuar m\u00eb t\u00eb sotmen.<\/span><\/p>\n<p><span style=\"color: #000000;\"><em>\u201cN\u00eb \u00e7do universitet t\u00eb Shqip\u00ebris\u00eb b\u00ebhet fjal\u00eb p\u00ebr bojkot. Prania \u00ebsht\u00eb e lart\u00eb. Ishte mesa duket testuar situat\u00ebn. Erdhi me duket p\u00ebr t\u00eb b\u00ebr\u00eb nj\u00eb inaugurim laboratori, por u larguan. M\u00ebsim nuk b\u00ebhet, t\u00eb gjith\u00eb jan\u00eb dakord p\u00ebr bojkotin. Bojkoti do t\u00eb jet\u00eb n\u00eb m\u00ebnyr\u00eb t\u00eb p\u00ebrhershme. Nga kryeministri apo qeveria ende nuk kemi komunikim.\u201d<\/em> &#8211; tha kreu i sindikat\u00ebs, Sand\u00ebr Kova\u00e7i.<\/span><\/p>\n<p><span style=\"color: #000000;\">N\u00eb disa deklarata publike apo sh\u00ebnime n\u00eb rrjetet sociale, kryeministri Rama ofroi rritjen e pagave t\u00eb pedagog\u00ebve me 7%, gj\u00eb q\u00eb u hodh posht\u00eb nga pedagog\u00ebt, t\u00eb cil\u00ebt kan\u00eb k\u00ebrkuar p\u00ebrafrim me pedagog\u00ebt e Kosov\u00ebs dhe Malit t\u00eb Zi p\u00ebr sa i p\u00ebrket trajtimit financiar.<\/span><\/p>\n<p><span style=\"color: #000000;\"> Si sindikatava e punonj\u00ebsve t\u00eb Arsimit t\u00eb Lart\u00eb, ashtu edhe Ministria e Arsimit e kan\u00eb l\u00ebn\u00eb t\u00eb hapur mund\u00ebsin\u00eb e bisedimeve p\u00ebr zgjidhjen e \u00e7\u00ebshtjes por deri tani nuk ka ende asnj\u00eb\u00eb p\u00ebr\u00e7apje serioze apo rezutat n\u00eb k\u00ebt\u00eb drejtim. Pedagog\u00ebt kan\u00eb pohuar se nuk kan\u00eb nd\u00ebrmend t\u00eb t\u00ebrhiqen deri n\u00eb plot\u00ebsimin e k\u00ebrkesave t\u00eb tyre.<\/span><\/p>\n<p><span style=\"color: #000000;\"><strong>K\u00ebrkesat e pedagog\u00ebve<\/strong><\/span><\/p>\n<ol>\n<li><span style=\"color: #000000;\">Rritje e pagave p\u00ebr pedagog\u00ebt dhe stafin ndihm\u00ebs akademik<\/span><\/li>\n<li><span style=\"color: #000000;\">Rritje e financimit p\u00ebr k\u00ebrkimin shkencor<\/span><\/li>\n<li><span style=\"color: #000000;\">Rivendosja e shtesave mbi pag\u00eb p\u00ebr \u2018d\u00ebmshm\u00ebri sh\u00ebndeti n\u00eb pun\u00eb\u2019<\/span><\/li>\n<li><span style=\"color: #000000;\">Rritja e shtes\u00ebs mbi pag\u00ebn p\u00ebr vjet\u00ebrsin\u00eb n\u00eb pun\u00eb<\/span><\/li>\n<li><span style=\"color: #000000;\">Rritja e pages\u00ebs s\u00eb or\u00ebve t\u00eb ngarkes\u00ebs suplementare<\/span><\/li>\n<li><span style=\"color: #000000;\">Rivler\u00ebsimi i or\u00ebs m\u00ebsimore<\/span><\/li>\n<li><span style=\"color: #000000;\">Rishikimin e tatimit prej 23% mbi pages\u00ebn e ngarkes\u00ebs suplementare<\/span><\/li>\n<li><span style=\"color: #000000;\">Pezullimi deri n\u00eb vitin 2026 i kritereve p\u00ebr marrjen e titullit \u2018Profesor\u2019<\/span><\/li>\n<li><span style=\"color: #000000;\">Transparenc\u00eb mbi buxhetin dhe t\u00eb ardhurat e universitetet publike.<\/span><\/li>\n<\/ol>\n","protected":false,"gt_translate_keys":[{"key":"rendered","format":"html"}]},"excerpt":{"rendered":"<p>Edhe pse zyrtarisht sot nis viti i ri akademik, m\u00ebsimi n\u00eb universitetet e vendit nuk \u00ebsht\u00eb zhvilluar p\u00ebr shkak t\u00eb protest\u00ebs s\u00eb pedagog\u00ebve. M\u00ebsimi \u00ebsht\u00eb bojkotuar n\u00eb universitetet e Tiran\u00ebs, Shkodr\u00ebs, Elbasanit, Durr\u00ebsit e Gjirokastr\u00ebs. Pedagog\u00ebt protestojn\u00eb prej disa jav\u00ebsh e kan\u00eb deklaruar se nuk do e nd\u00ebrpresin at\u00eb deri n\u00eb plot\u00ebsimin e k\u00ebrkesave. N\u00eb [&hellip;]<\/p>\n","protected":false,"gt_translate_keys":[{"key":"rendered","format":"html"}]},"author":51,"featured_media":555663,"comment_status":"closed","ping_status":"closed","sticky":false,"template":"","format":"standard","meta":{"footnotes":""},"categories":[22,65,13],"tags":[],"class_list":["post-555662","post","type-post","status-publish","format-standard","has-post-thumbnail","hentry","category-ballina","category-lajme","category-te-fundit"],"gt_translate_keys":[{"key":"link","format":"url"}],"_links":{"self":[{"href":"https:\/\/www.hashtag.al\/index.php\/wp-json\/wp\/v2\/posts\/555662","targetHints":{"allow":["GET"]}}],"collection":[{"href":"https:\/\/www.hashtag.al\/index.php\/wp-json\/wp\/v2\/posts"}],"about":[{"href":"https:\/\/www.hashtag.al\/index.php\/wp-json\/wp\/v2\/types\/post"}],"author":[{"embeddable":true,"href":"https:\/\/www.hashtag.al\/index.php\/wp-json\/wp\/v2\/users\/51"}],"replies":[{"embeddable":true,"href":"https:\/\/www.hashtag.al\/index.php\/wp-json\/wp\/v2\/comments?post=555662"}],"version-history":[{"count":0,"href":"https:\/\/www.hashtag.al\/index.php\/wp-json\/wp\/v2\/posts\/555662\/revisions"}],"wp:featuredmedia":[{"embeddable":true,"href":"https:\/\/www.hashtag.al\/index.php\/wp-json\/wp\/v2\/media\/555663"}],"wp:attachment":[{"href":"https:\/\/www.hashtag.al\/index.php\/wp-json\/wp\/v2\/media?parent=555662"}],"wp:term":[{"taxonomy":"category","embeddable":true,"href":"https:\/\/www.hashtag.al\/index.php\/wp-json\/wp\/v2\/categories?post=555662"},{"taxonomy":"post_tag","embeddable":true,"href":"https:\/\/www.hashtag.al\/index.php\/wp-json\/wp\/v2\/tags?post=555662"}],"curies":[{"name":"wp","href":"https:\/\/api.w.org\/{rel}","templated":true}]}}