{"id":555500,"date":"2022-10-16T16:36:14","date_gmt":"2022-10-16T14:36:14","guid":{"rendered":"https:\/\/www.hashtag.al\/?p=555500"},"modified":"2022-10-16T16:42:01","modified_gmt":"2022-10-16T14:42:01","slug":"sulm-me-arme-ne-kampin-stervitor-te-rekruteve-ruse-vriten-11-persona","status":"publish","type":"post","link":"https:\/\/www.hashtag.al\/index.php\/2022\/10\/16\/sulm-me-arme-ne-kampin-stervitor-te-rekruteve-ruse-vriten-11-persona\/","title":{"rendered":"Sulm me arm\u00eb n\u00eb kampin st\u00ebrvitor t\u00eb rekrut\u00ebve rus\u00eb, vriten 11 persona","gt_translate_keys":[{"key":"rendered","format":"text"}]},"content":{"rendered":"<p><span style=\"color: #000000;\"><a href=\"https:\/\/www.hashtag.al\/wp-content\/uploads\/2022\/10\/rusi.jpg\"><img loading=\"lazy\" decoding=\"async\" class=\"aligncenter size-full wp-image-555501\" src=\"https:\/\/www.hashtag.al\/wp-content\/uploads\/2022\/10\/rusi.jpg\" alt=\"\" width=\"877\" height=\"478\" srcset=\"https:\/\/www.hashtag.al\/wp-content\/uploads\/2022\/10\/rusi.jpg 877w, https:\/\/www.hashtag.al\/wp-content\/uploads\/2022\/10\/rusi-300x164.jpg 300w, https:\/\/www.hashtag.al\/wp-content\/uploads\/2022\/10\/rusi-768x419.jpg 768w\" sizes=\"auto, (max-width: 877px) 100vw, 877px\" \/><\/a><\/span><\/p>\n<p><span style=\"color: #000000;\">Disa persona t\u00eb armatosur kan\u00eb hapur zjarr dhe kan\u00eb vrar\u00eb 11 persona n\u00eb nj\u00eb terren st\u00ebrvitor ushtarak rus k\u00ebt\u00eb t\u00eb shtun\u00eb.<\/span><\/p>\n<p><span style=\"color: #000000;\">Agjencia shtet\u00ebrore e lajmeve <span style=\"color: #0000ff;\"><a style=\"color: #0000ff;\" href=\"https:\/\/ria.ru\/20221016\/belgorod-1824393049.html\">Ria<\/a> <\/span>raportoi se incidenti ndodhi gjat\u00eb nj\u00eb seance st\u00ebrvitore me arm\u00eb zjarri, ku dy burra hap\u00ebn zjarr ndaj nj\u00eb grupi q\u00eb kishte dal\u00eb vullnetar p\u00ebr t\u00eb luftuar n\u00eb Ukrain\u00eb.<\/span><\/p>\n<p><span style=\"color: #000000;\">Ministria ruse e mbrojtjes tha se sulmuesit ishin nga nj\u00eb ish-republik\u00eb sovjetike, por nuk dha detaje t\u00eb m\u00ebtejshme.<\/span><\/p>\n<p><span style=\"color: #000000;\">15 persona t\u00eb tjer\u00eb u plagos\u00ebn. Incidenti ndodhi n\u00eb Belgorod t\u00eb Rusis\u00eb, n\u00eb kufi me Ukrain\u00ebn.<\/span><\/p>\n<p><span style=\"color: #000000;\"><em>&#8220;Gjat\u00eb nj\u00eb sesioni st\u00ebrvitor me arm\u00eb zjarri me individ\u00eb q\u00eb shpreh\u00ebn vullnetarisht d\u00ebshir\u00ebn p\u00ebr t\u00eb marr\u00eb pjes\u00eb n\u00eb operacionin special ushtarak kund\u00ebr Ukrain\u00ebs, terrorist\u00ebt hap\u00ebn zjarr me arm\u00eb t\u00eb vogla mbi personelin e nj\u00ebsis\u00eb.&#8221;<\/em>&#8211; citon Ria nj\u00eb deklarat\u00eb e ministris\u00eb s\u00eb mbrojtjes.<\/span><\/p>\n<p><span style=\"color: #000000;\"><em>&#8220;Si rezultat i t\u00eb sht\u00ebnave, 11 persona mbet\u00ebn t\u00eb plagosur p\u00ebr vdekje. 15 persona t\u00eb tjer\u00eb me plag\u00eb t\u00eb ashp\u00ebrsis\u00eb s\u00eb ndryshme u d\u00ebrguan n\u00eb nj\u00eb institucion mjek\u00ebsor.&#8221;<\/em>&#8211; p\u00ebrfundoi deklarata, citon <span style=\"color: #0000ff;\"><a style=\"color: #0000ff;\" href=\"https:\/\/www.bbc.com\/news\/world-europe-63273599\">BBC<\/a><\/span>.<\/span><\/p>\n<p><span style=\"color: #000000;\">Guvernatori lokal tha se asnj\u00eb banor i rajonit t\u00eb Belgorod nuk ishte vrar\u00eb apo plagosur n\u00eb sulm.<\/span><\/p>\n<p><span style=\"color: #000000;\">Por m\u00eb von\u00eb, t\u00eb diel\u00ebn, njoftuan se tre persona ishin plagosur gjat\u00eb sulmeve me raketa n\u00eb Belgorod City.<\/span><\/p>\n<p><span style=\"color: #000000;\">Muajin e kaluar presidenti rus Vladimir Putin urdh\u00ebroi mobilizimin e 300 mij\u00eb rus\u00ebve q\u00eb kishin kryer m\u00eb par\u00eb sh\u00ebrbimin e detyruesh\u00ebm ushtarak.<\/span><\/p>\n<p><span style=\"color: #000000;\">Urdhri shkaktoi protesta n\u00eb t\u00eb gjith\u00eb Rusin\u00eb dhe nj\u00eb rritje t\u00eb njer\u00ebzve q\u00eb p\u00ebrpiqeshin t\u00eb largoheshin nga vendi. Menj\u00ebher\u00eb pas shpalljes s\u00eb mobilizimit, nj\u00eb rekrutues ushtarak u q\u00ebllua n\u00eb nj\u00eb zyr\u00eb regjistrimi n\u00eb Siberi.<\/span><\/p>\n<p><span style=\"color: #000000;\">Jav\u00ebn e kaluar, Putin njoftoi se m\u00eb shum\u00eb se 200 mij\u00eb njer\u00ebz ishin mobilizuar tashm\u00eb dhe ai nuk pa nevoj\u00eb p\u00ebr mobilizim shtes\u00eb.<\/span><\/p>\n","protected":false,"gt_translate_keys":[{"key":"rendered","format":"html"}]},"excerpt":{"rendered":"<p>Disa persona t\u00eb armatosur kan\u00eb hapur zjarr dhe kan\u00eb vrar\u00eb 11 persona n\u00eb nj\u00eb terren st\u00ebrvitor ushtarak rus k\u00ebt\u00eb t\u00eb shtun\u00eb. Agjencia shtet\u00ebrore e lajmeve Ria raportoi se incidenti ndodhi gjat\u00eb nj\u00eb seance st\u00ebrvitore me arm\u00eb zjarri, ku dy burra hap\u00ebn zjarr ndaj nj\u00eb grupi q\u00eb kishte dal\u00eb vullnetar p\u00ebr t\u00eb luftuar n\u00eb Ukrain\u00eb. Ministria [&hellip;]<\/p>\n","protected":false,"gt_translate_keys":[{"key":"rendered","format":"html"}]},"author":30,"featured_media":555501,"comment_status":"closed","ping_status":"closed","sticky":false,"template":"","format":"standard","meta":{"footnotes":""},"categories":[6,13],"tags":[],"class_list":["post-555500","post","type-post","status-publish","format-standard","has-post-thumbnail","hentry","category-nderkombetare","category-te-fundit"],"gt_translate_keys":[{"key":"link","format":"url"}],"_links":{"self":[{"href":"https:\/\/www.hashtag.al\/index.php\/wp-json\/wp\/v2\/posts\/555500","targetHints":{"allow":["GET"]}}],"collection":[{"href":"https:\/\/www.hashtag.al\/index.php\/wp-json\/wp\/v2\/posts"}],"about":[{"href":"https:\/\/www.hashtag.al\/index.php\/wp-json\/wp\/v2\/types\/post"}],"author":[{"embeddable":true,"href":"https:\/\/www.hashtag.al\/index.php\/wp-json\/wp\/v2\/users\/30"}],"replies":[{"embeddable":true,"href":"https:\/\/www.hashtag.al\/index.php\/wp-json\/wp\/v2\/comments?post=555500"}],"version-history":[{"count":0,"href":"https:\/\/www.hashtag.al\/index.php\/wp-json\/wp\/v2\/posts\/555500\/revisions"}],"wp:featuredmedia":[{"embeddable":true,"href":"https:\/\/www.hashtag.al\/index.php\/wp-json\/wp\/v2\/media\/555501"}],"wp:attachment":[{"href":"https:\/\/www.hashtag.al\/index.php\/wp-json\/wp\/v2\/media?parent=555500"}],"wp:term":[{"taxonomy":"category","embeddable":true,"href":"https:\/\/www.hashtag.al\/index.php\/wp-json\/wp\/v2\/categories?post=555500"},{"taxonomy":"post_tag","embeddable":true,"href":"https:\/\/www.hashtag.al\/index.php\/wp-json\/wp\/v2\/tags?post=555500"}],"curies":[{"name":"wp","href":"https:\/\/api.w.org\/{rel}","templated":true}]}}