{"id":555445,"date":"2022-10-16T09:38:34","date_gmt":"2022-10-16T07:38:34","guid":{"rendered":"https:\/\/www.hashtag.al\/?p=555445"},"modified":"2022-10-16T09:38:58","modified_gmt":"2022-10-16T07:38:58","slug":"nga-hyrja-ne-radio-te-largimi-nga-fiks-fare-doktori-rrefen-rrugetimin-ne-media-dhe-jeten-personale","status":"publish","type":"post","link":"https:\/\/www.hashtag.al\/index.php\/2022\/10\/16\/nga-hyrja-ne-radio-te-largimi-nga-fiks-fare-doktori-rrefen-rrugetimin-ne-media-dhe-jeten-personale\/","title":{"rendered":"Nga hyrja n\u00eb radio, te largimi nga Fiks Fare, \u201cDoktori\u201d rr\u00ebfen rrug\u00ebtimin n\u00eb media dhe jet\u00ebn personale","gt_translate_keys":[{"key":"rendered","format":"text"}]},"content":{"rendered":"<p><span style=\"color: #000000;\"><a style=\"color: #000000;\" href=\"https:\/\/www.hashtag.al\/wp-content\/uploads\/2022\/10\/gent-pjetri-1.jpg\"><img loading=\"lazy\" decoding=\"async\" class=\"aligncenter size-full wp-image-555447\" src=\"https:\/\/www.hashtag.al\/wp-content\/uploads\/2022\/10\/gent-pjetri-1.jpg\" alt=\"\" width=\"2326\" height=\"1057\" srcset=\"https:\/\/www.hashtag.al\/wp-content\/uploads\/2022\/10\/gent-pjetri-1.jpg 2326w, https:\/\/www.hashtag.al\/wp-content\/uploads\/2022\/10\/gent-pjetri-1-300x136.jpg 300w, https:\/\/www.hashtag.al\/wp-content\/uploads\/2022\/10\/gent-pjetri-1-1024x465.jpg 1024w, https:\/\/www.hashtag.al\/wp-content\/uploads\/2022\/10\/gent-pjetri-1-768x349.jpg 768w, https:\/\/www.hashtag.al\/wp-content\/uploads\/2022\/10\/gent-pjetri-1-1536x698.jpg 1536w, https:\/\/www.hashtag.al\/wp-content\/uploads\/2022\/10\/gent-pjetri-1-2048x931.jpg 2048w\" sizes=\"auto, (max-width: 2326px) 100vw, 2326px\" \/><\/a><\/span><\/p>\n<p><span style=\"color: #000000;\">Genti Pjetri i njohur si &#8220;Doktori&#8221; i &#8220;Fiks Fare&#8221; ka qen\u00eb nj\u00eb nd\u00ebr personazhet m\u00eb t\u00eb r\u00ebnd\u00ebsish\u00ebm dhe t\u00eb m\u00eb t\u00eb preferuar p\u00ebr shqiptar\u00ebt, i cili ka kontribuar gjat\u00eb gjith\u00eb karrier\u00ebs s\u00eb tij n\u00eb zhan\u00ebr t\u00eb ndryshme n\u00eb mediet shqiptare.<\/span><\/p>\n<p><span style=\"color: #000000;\">I ftuar n\u00eb emisionin \u201cT\u00eb Harruarit\u201d Syri Tv, \u201cDoktori\u201d tregoi sesi ka qen\u00eb i gjith\u00eb rrug\u00ebtimi i tij n\u00eb media, por ashtu tregoi me detaje se si dhe kur ka qen\u00eb momenti kur ka vendosur ti futej \u00a0bot\u00ebs s\u00eb medias.<\/span><\/p>\n<p><span style=\"color: #000000;\">\u201cDoktori\u201d u shpreh se ka qen\u00eb thjesht nj\u00eb sugjerim nga miku i tij Bojken Lako p\u00ebr t\u00eb provuar dhuntin\u00eb e tij t\u00eb humorit n\u00eb Top Albania Radio.<\/span><\/p>\n<p><span style=\"color: #000000;\"><em>\u201cB\u00ebja humor me miqt\u00eb e mij dhe shoq\u00ebrin\u00eb. Bojken Lako m\u00eb tha \u2018pse nuk e provon iher ne radio k\u00ebt\u00eb humor q\u00eb b\u00ebn\u2019. Varet n\u00eb \u00e7far\u00eb radio i thash, por gjithsesi. \u2018\u00cbsht\u00eb hapur Top Albania Radio\u2019 m\u00eb tha, ishte 97-a. Nuk e njoh i thash. \u2018N\u00eb rregull hajde me mua\u2019 m\u00eb tha. Mir\u00eb mo Bojken i thash. Un\u00eb Bojkenin e kam pasur mik, shok p\u00ebr shum\u00eb vjet. M\u00eb \u00e7on tek Top Albania Radio. Takova pronarin, ndjes\u00eb past\u00eb dhe m\u00eb pyeti \u2018\u00e7far\u00eb do b\u00ebsh?\u2019. Nuk e di i thash\u00eb, \u00e7far\u00eb keni ju n\u00eb m\u00ebndje se un\u00eb nuk ja kam iden\u00eb se \u00e7far\u00eb k\u00ebrkoni ju. \u2018Ne k\u00ebrkojm\u00eb spote humore 1 minut\u00eb -1 minut\u00eb e gjys jo m\u00eb tep\u00ebr\u2019. Nis spoti i par\u00eb dhe ka qen\u00eb nj\u00eb skafist. B\u00ebra 1,2,3 spote dhe m\u00eb thot\u00eb pronari \u2018Gento a do t\u00eb fillosh pun\u00eb? \u2018Dakord i thash\u00eb&#8221;. \u00a0<\/em><\/span><\/p>\n<p><span style=\"color: #000000;\">Ai tregoi sesi kan\u00eb qen\u00eb rrethanat q\u00eb mori nofk\u00ebn \u2018Doktori\u2019. Pjetri u shpreh se i p\u00eblqenin librat medicinale dhe i lexonte shum\u00eb, dhe n\u00eb momentin kur e th\u00ebrrisnin shok\u00ebt, e k\u00ebrkonin n\u00eb form\u00ebn \u2018ai doktori\u2019.<\/span><\/p>\n<p><span style=\"color: #000000;\">\u201c<em>Kur erdha un\u00eb Radio Mania ishte e hapur. Ne e merrnim emisionin nga ora 9- e mbr\u00ebmjes edhe e lenim nga ora 3 e gjys e nat\u00ebs. Kisha dibran n\u00eb shpi. Kisha disa libra medicinale. At\u00ebher\u00eb ka qen\u00eb gjall\u00eb ndjes\u00eb past\u00eb Arqile Boti dhe un\u00eb imitoja at\u00eb. Pastaj merrja k\u00ebto librat dhe filloja duke u tall n\u00eb thonj\u00ebza, dhe merrja terma latine (imition Arqile Botin). Do ti q\u00eb nj\u00eb m\u00eb dy m\u00eb merrnin n\u00eb telefon. Ore ai doktori thoshin&#8230; kush doktor? Ai doktori pra! \u00c7far\u00eb doktori? Doktor, doktor dhe k\u00ebshtu m\u00eb mbeti emri \u2018Doktori\u2019. Un\u00eb e kam emrin Genti dhe k\u00ebshtu m\u00eb thoshin vet\u00ebm familjar\u00ebt. T\u00eb tjer\u00ebt n\u00eb fillim m\u00eb thoshin \u2018ai flok\u00ebgjati\u2019. Pastaj m\u00eb ngeli \u2018Doktori<\/em>\u201d-tregon Genti.<\/span><\/p>\n<p><span style=\"color: #000000;\">Genti Pjetri ka rr\u00ebfyer momentin kur u shk\u00ebput nga emisioni Fiks Fare.<\/span><\/p>\n<p><span style=\"color: #000000;\">&#8216;Doktori&#8217; shprehet se ishte alkooli shkaku kryesor q\u00eb e hoq\u00ebn nga ekrani, nd\u00ebrsa thashethemet dhe ironit\u00eb brenda Top Channel e kishin p\u00ebrkeq\u00ebsuar edhe m\u00eb tep\u00ebr gjendjen e tij.\u00a0<\/span><\/p>\n<p><span style=\"color: #000000;\">p\u00ebr t\u00eb kaluar m\u00ebrzin\u00eb, &#8216;Doktori&#8217; thot\u00eb se e teproi edhe m\u00eb shum\u00eb me alkoolin.\u00a0<\/span><\/p>\n<p><span style=\"color: #000000;\">Kur e hoq\u00ebn nga ekrani, ai kaloi n\u00eb ishemi cerebrale.<\/span><\/p>\n<p><span style=\"color: #000000;\"><em>\u201cNuk \u00ebsht\u00eb se u shk\u00ebputa nga Fiks Fare, por un\u00eb u b\u00ebra armiku i vetes sepse m\u00eb p\u00eblqente ta pija nj\u00eb got\u00eb raki, por jo ta teproja. Por ja q\u00eb kur shkoja n\u00eb pun\u00eb gjeja nj\u00eb shprehje q\u00eb thoshin &#8230; dhe aty e tejkalova sepse nuk e duroja m\u00eb at\u00eb lloj shprehje. S&#8217;ia vlen t\u00eb flas shum\u00eb sepse personi q\u00eb e ka b\u00ebr\u00eb at\u00eb muhabet e di shum\u00eb mir\u00eb at\u00eb muhabet dhe ai e di. Kur ta shohin le t\u00eb flasin.\u00a0 E dua shum\u00eb..\u00a0 E p\u00ebr t\u00eb mos luajtur mendsh\u00a0e mos t\u00eb kaloja n\u00eb depresion detyrohesha t\u00eb pija pak\u00a0 m\u00eb shum\u00eb se\u00e7 duhet. Kjo nuk \u00ebsht\u00eb zgjidhje, nuk \u00ebsht\u00eb e drejt\u00eb, por kam heq e kam vuajt, si shum\u00eb t\u00eb tjer\u00eb. Ama di t\u00eb them vet\u00ebm di\u00e7ka&#8230; n\u00eb qoft\u00eb se do t\u00eb d\u00ebnosh nj\u00eb aktor, hiqe nga skena. N\u00eb momentin q\u00eb mua m\u00eb hoq\u00ebn nga ekrani un\u00eb kalova n\u00eb ishemi cerebrale\u201d, <\/em>rr\u00ebfen Pjetri.<\/span><\/p>\n<p><span style=\"color: #000000;\">Edhe pse kan\u00eb kaluar disa vite q\u00eb \u00ebsht\u00eb shk\u00ebputur nga ekrani, &#8216;Doktori&#8217; nuk e ka harruar emisionin investigativo-satirik, Fiks Fare.<\/span><\/p>\n<p><span style=\"color: #000000;\">Ai thot\u00eb se ka projekte p\u00ebr radio dhe televizion dhe nj\u00eb dit\u00eb do t\u00eb rikthehet.<\/span><\/p>\n<p><span style=\"color: #000000;\">P\u00ebrpos rrug\u00ebtimit t\u00eb tij n\u00eb media, Gent Pjetri rr\u00ebfeu pengun e tij qe nuk krijoi dot familje.<\/span><\/p>\n<p><span style=\"color: #000000;\">Doktori shprehet se ka qen\u00eb i dashuruar dikur, por e humbi dhe gj\u00ebja q\u00eb do t\u00eb adhuronte m\u00eb s\u00eb tep\u00ebrmi ishte n\u00ebse do t\u00eb kishte nj\u00eb f\u00ebmij\u00eb.<\/span><\/p>\n<p><span style=\"color: #000000;\"><em>Kam qen\u00eb i dashuruar, por ja q\u00eb e humba. Mbase do t\u00eb isha sot edhe me f\u00ebmij\u00eb, por ja q\u00eb s\u2019nuk. \u00cbsht\u00eb nj\u00eb peng p\u00ebr mua. Nuk e di \u00e7far\u00eb do t\u00eb b\u00ebja por do ta adhuroja dhe do ta doja shum\u00eb. Besoj q\u00eb edhe gruan do ta doja, por ja q\u00eb nuk m\u00eb ndodhi aq e qart\u00eb<\/em>\u201d- thot\u00eb ai.<\/span><\/p>\n<p><iframe loading=\"lazy\" title=\"'T\u00eb Harruarit'\/ Nj\u00eb mij\u00eb z\u00ebrat e Gent Pjetrit (15.10.2022)\" src=\"https:\/\/www.youtube.com\/embed\/_CJQA3dj0TA\" width=\"640\" height=\"360\" frameborder=\"0\" allowfullscreen=\"allowfullscreen\"><\/iframe><\/p>\n","protected":false,"gt_translate_keys":[{"key":"rendered","format":"html"}]},"excerpt":{"rendered":"<p>Genti Pjetri i njohur si &#8220;Doktori&#8221; i &#8220;Fiks Fare&#8221; ka qen\u00eb nj\u00eb nd\u00ebr personazhet m\u00eb t\u00eb r\u00ebnd\u00ebsish\u00ebm dhe t\u00eb m\u00eb t\u00eb preferuar p\u00ebr shqiptar\u00ebt, i cili ka kontribuar gjat\u00eb gjith\u00eb karrier\u00ebs s\u00eb tij n\u00eb zhan\u00ebr t\u00eb ndryshme n\u00eb mediet shqiptare. I ftuar n\u00eb emisionin \u201cT\u00eb Harruarit\u201d Syri Tv, \u201cDoktori\u201d tregoi sesi ka qen\u00eb i gjith\u00eb [&hellip;]<\/p>\n","protected":false,"gt_translate_keys":[{"key":"rendered","format":"html"}]},"author":32,"featured_media":555447,"comment_status":"closed","ping_status":"closed","sticky":false,"template":"","format":"standard","meta":{"footnotes":""},"categories":[22,65,13],"tags":[],"class_list":["post-555445","post","type-post","status-publish","format-standard","has-post-thumbnail","hentry","category-ballina","category-lajme","category-te-fundit"],"gt_translate_keys":[{"key":"link","format":"url"}],"_links":{"self":[{"href":"https:\/\/www.hashtag.al\/index.php\/wp-json\/wp\/v2\/posts\/555445","targetHints":{"allow":["GET"]}}],"collection":[{"href":"https:\/\/www.hashtag.al\/index.php\/wp-json\/wp\/v2\/posts"}],"about":[{"href":"https:\/\/www.hashtag.al\/index.php\/wp-json\/wp\/v2\/types\/post"}],"author":[{"embeddable":true,"href":"https:\/\/www.hashtag.al\/index.php\/wp-json\/wp\/v2\/users\/32"}],"replies":[{"embeddable":true,"href":"https:\/\/www.hashtag.al\/index.php\/wp-json\/wp\/v2\/comments?post=555445"}],"version-history":[{"count":0,"href":"https:\/\/www.hashtag.al\/index.php\/wp-json\/wp\/v2\/posts\/555445\/revisions"}],"wp:featuredmedia":[{"embeddable":true,"href":"https:\/\/www.hashtag.al\/index.php\/wp-json\/wp\/v2\/media\/555447"}],"wp:attachment":[{"href":"https:\/\/www.hashtag.al\/index.php\/wp-json\/wp\/v2\/media?parent=555445"}],"wp:term":[{"taxonomy":"category","embeddable":true,"href":"https:\/\/www.hashtag.al\/index.php\/wp-json\/wp\/v2\/categories?post=555445"},{"taxonomy":"post_tag","embeddable":true,"href":"https:\/\/www.hashtag.al\/index.php\/wp-json\/wp\/v2\/tags?post=555445"}],"curies":[{"name":"wp","href":"https:\/\/api.w.org\/{rel}","templated":true}]}}