{"id":555370,"date":"2022-10-15T18:35:42","date_gmt":"2022-10-15T16:35:42","guid":{"rendered":"https:\/\/www.hashtag.al\/?p=555370"},"modified":"2022-10-15T18:35:42","modified_gmt":"2022-10-15T16:35:42","slug":"el-salvadori-ndalon-propaganden-lgbtq-ne-televizionin-shteteror","status":"publish","type":"post","link":"https:\/\/www.hashtag.al\/index.php\/2022\/10\/15\/el-salvadori-ndalon-propaganden-lgbtq-ne-televizionin-shteteror\/","title":{"rendered":"El Salvadori ndalon \u2018propagand\u00ebn LGBTQ\u2019 n\u00eb televizionin shtet\u00ebror","gt_translate_keys":[{"key":"rendered","format":"text"}]},"content":{"rendered":"<p><span style=\"color: #000000;\"><img loading=\"lazy\" decoding=\"async\" class=\"aligncenter size-full wp-image-555371\" src=\"https:\/\/www.hashtag.al\/wp-content\/uploads\/2022\/10\/salvador.jpg\" alt=\"\" width=\"2048\" height=\"1024\" srcset=\"https:\/\/www.hashtag.al\/wp-content\/uploads\/2022\/10\/salvador.jpg 2048w, https:\/\/www.hashtag.al\/wp-content\/uploads\/2022\/10\/salvador-300x150.jpg 300w, https:\/\/www.hashtag.al\/wp-content\/uploads\/2022\/10\/salvador-1024x512.jpg 1024w, https:\/\/www.hashtag.al\/wp-content\/uploads\/2022\/10\/salvador-768x384.jpg 768w, https:\/\/www.hashtag.al\/wp-content\/uploads\/2022\/10\/salvador-1536x768.jpg 1536w\" sizes=\"auto, (max-width: 2048px) 100vw, 2048px\" \/><\/span><\/p>\n<p><span style=\"color: #000000;\">Nj\u00eb film informues rreth larmishm\u00ebris\u00eb seksuale ka \u00e7uar n\u00eb nj\u00eb reagim t\u00eb ashp\u00ebr t\u00eb qeveris\u00eb s\u00eb El Salvadorit. Presidenti Nayib Bukele shkarkoi kreun e autoritetit p\u00ebrgjegj\u00ebs dhe urdh\u00ebroi median publike \u2018Canal 10\u2019 q\u00eb t\u00eb hiqte programin.<\/span><\/p>\n<p><span style=\"color: #000000;\">Pasi televizioni publik \u2018Canal 10\u2019 n\u00eb El Salvador transmetoi nj\u00eb film informues dy minut\u00ebsh p\u00ebr f\u00ebmij\u00eb mbi tem\u00ebn e larmishm\u00ebris\u00eb seksual, ai u anulua pak m\u00eb von\u00eb nga presidenti i vendit. Filmi i titulluar nga seriali \u2018Aprendamos en Casa\u2019 (M\u00ebsojm\u00eb n\u00eb sht\u00ebpi) \u00ebsht\u00eb krijuar gjat\u00eb pandemis\u00eb Covid-19. <\/span><\/p>\n<p><span style=\"color: #000000;\">Instituti i Trajnimit t\u00eb M\u00ebsimdh\u00ebn\u00ebsve (INFOD), i cili i p\u00ebrgjigjet Ministris\u00eb s\u00eb Arsimit, kishte p\u00ebr detyr\u00eb p\u00ebrgatitjen e materialeve m\u00ebsimore q\u00eb f\u00ebmij\u00ebt dhe t\u00eb rinjt\u00eb t&#8217;i merrnin n\u00eb sht\u00ebpi. P\u00ebr presidentin Nayib Bukele, megjithat\u00eb, filmi nuk korrespondonte me vlerat komb\u00ebtare.<\/span><\/p>\n<p><span style=\"color: #000000;\">N\u00ebn presionin e Bukeles, media u t\u00ebrhoq, k\u00ebrkoi falje n\u00eb nj\u00eb deklarat\u00eb publike dhe i dha fund bashk\u00ebpunimit me INFOD. \u2018Canal 10\u2019 shpjegoi se instituti nuk kishte respektuar standardet arsimore salvadorane p\u00ebr f\u00ebmij\u00ebt dhe t\u00eb rinjt\u00eb. Ai kishte p\u00ebrgatitur \u2018p\u00ebrmbajtje seksuale\u2019 n\u00eb nj\u00eb form\u00eb q\u00eb nuk lejohej.<\/span><\/p>\n<p><span style=\"color: #000000;\"><em>\u201cMbrojtja e f\u00ebmij\u00ebve \u00ebsht\u00eb shqet\u00ebsimi yn\u00eb m\u00eb i lart\u00eb, ne kemi nj\u00eb mandat p\u00ebr t\u00eb mbrojtur sh\u00ebndetin e tyre mendor dhe p\u00ebr t\u00eb mb\u00ebshtetur vlerat familjare salvadoriane.\u201d<\/em> &#8211; tha Ministria e Arsimit n\u00eb nj\u00eb deklarat\u00eb. K\u00ebto parime u shkel\u00ebn me filmin e shkurt\u00ebr. Si pasoj\u00eb, shefi i INFOD u pushua nga puna. P\u00ebrve\u00e7 k\u00ebsaj, Ministria e Arsimit tani d\u00ebshiron t\u00eb kontrolloj\u00eb pa p\u00ebrjashtim n\u00ebse p\u00ebrmbajtja e mediave t\u00eb huaja korrespondon me vlerat salvadoriane.<\/span><\/p>\n<p><span style=\"color: #000000;\">El Salvador konsiderohet nj\u00eb vend konservator, shum\u00eb katolik. N\u00eb nj\u00eb krahasim t\u00eb Amerik\u00ebs Latine, ajo z\u00eb radh\u00ebt m\u00eb t\u00eb ul\u00ebta p\u00ebr sa i p\u00ebrket t\u00eb drejtave LGBTQ, s\u00eb bashku me Kosta Rik\u00ebn, Nikaraguan, Paraguajin, Guatemal\u00ebn dhe Hondurasin.<\/span><\/p>\n","protected":false,"gt_translate_keys":[{"key":"rendered","format":"html"}]},"excerpt":{"rendered":"<p>Nj\u00eb film informues rreth larmishm\u00ebris\u00eb seksuale ka \u00e7uar n\u00eb nj\u00eb reagim t\u00eb ashp\u00ebr t\u00eb qeveris\u00eb s\u00eb El Salvadorit. Presidenti Nayib Bukele shkarkoi kreun e autoritetit p\u00ebrgjegj\u00ebs dhe urdh\u00ebroi median publike \u2018Canal 10\u2019 q\u00eb t\u00eb hiqte programin. Pasi televizioni publik \u2018Canal 10\u2019 n\u00eb El Salvador transmetoi nj\u00eb film informues dy minut\u00ebsh p\u00ebr f\u00ebmij\u00eb mbi tem\u00ebn e [&hellip;]<\/p>\n","protected":false,"gt_translate_keys":[{"key":"rendered","format":"html"}]},"author":51,"featured_media":555371,"comment_status":"closed","ping_status":"closed","sticky":false,"template":"","format":"standard","meta":{"footnotes":""},"categories":[53],"tags":[],"class_list":["post-555370","post","type-post","status-publish","format-standard","has-post-thumbnail","hentry","category-fast-foodi"],"gt_translate_keys":[{"key":"link","format":"url"}],"_links":{"self":[{"href":"https:\/\/www.hashtag.al\/index.php\/wp-json\/wp\/v2\/posts\/555370","targetHints":{"allow":["GET"]}}],"collection":[{"href":"https:\/\/www.hashtag.al\/index.php\/wp-json\/wp\/v2\/posts"}],"about":[{"href":"https:\/\/www.hashtag.al\/index.php\/wp-json\/wp\/v2\/types\/post"}],"author":[{"embeddable":true,"href":"https:\/\/www.hashtag.al\/index.php\/wp-json\/wp\/v2\/users\/51"}],"replies":[{"embeddable":true,"href":"https:\/\/www.hashtag.al\/index.php\/wp-json\/wp\/v2\/comments?post=555370"}],"version-history":[{"count":0,"href":"https:\/\/www.hashtag.al\/index.php\/wp-json\/wp\/v2\/posts\/555370\/revisions"}],"wp:featuredmedia":[{"embeddable":true,"href":"https:\/\/www.hashtag.al\/index.php\/wp-json\/wp\/v2\/media\/555371"}],"wp:attachment":[{"href":"https:\/\/www.hashtag.al\/index.php\/wp-json\/wp\/v2\/media?parent=555370"}],"wp:term":[{"taxonomy":"category","embeddable":true,"href":"https:\/\/www.hashtag.al\/index.php\/wp-json\/wp\/v2\/categories?post=555370"},{"taxonomy":"post_tag","embeddable":true,"href":"https:\/\/www.hashtag.al\/index.php\/wp-json\/wp\/v2\/tags?post=555370"}],"curies":[{"name":"wp","href":"https:\/\/api.w.org\/{rel}","templated":true}]}}