{"id":555127,"date":"2022-10-14T14:30:01","date_gmt":"2022-10-14T12:30:01","guid":{"rendered":"https:\/\/www.hashtag.al\/?p=555127"},"modified":"2022-10-14T14:30:01","modified_gmt":"2022-10-14T12:30:01","slug":"turqia-kritikohet-per-ligjin-kunder-informacioneve-te-rreme","status":"publish","type":"post","link":"https:\/\/www.hashtag.al\/index.php\/2022\/10\/14\/turqia-kritikohet-per-ligjin-kunder-informacioneve-te-rreme\/","title":{"rendered":"Turqia kritikohet p\u00ebr ligjin kund\u00ebr informacioneve t\u00eb rreme","gt_translate_keys":[{"key":"rendered","format":"text"}]},"content":{"rendered":"<p><span style=\"color: #000000;\"><a href=\"https:\/\/www.hashtag.al\/wp-content\/uploads\/2022\/10\/turkish-media-law.jpg\"><img loading=\"lazy\" decoding=\"async\" class=\"aligncenter size-full wp-image-555128\" src=\"https:\/\/www.hashtag.al\/wp-content\/uploads\/2022\/10\/turkish-media-law.jpg\" alt=\"\" width=\"1500\" height=\"945\" srcset=\"https:\/\/www.hashtag.al\/wp-content\/uploads\/2022\/10\/turkish-media-law.jpg 1500w, https:\/\/www.hashtag.al\/wp-content\/uploads\/2022\/10\/turkish-media-law-300x189.jpg 300w, https:\/\/www.hashtag.al\/wp-content\/uploads\/2022\/10\/turkish-media-law-1024x645.jpg 1024w, https:\/\/www.hashtag.al\/wp-content\/uploads\/2022\/10\/turkish-media-law-768x484.jpg 768w\" sizes=\"auto, (max-width: 1500px) 100vw, 1500px\" \/><\/a><\/span><\/p>\n<p><span style=\"color: #000000;\">Ligjv\u00ebn\u00ebsit n\u00eb Turqi kan\u00eb miratuar nj\u00eb ligj t\u00eb ri p\u00ebr mediat, q\u00eb parasheh d\u00ebnim prej tre vjet\u00ebsh burgim p\u00ebr k\u00ebdo q\u00eb publikon \u201cinformacione t\u00eb rreme\u201d. Ky legjislacion \u00ebsht\u00eb kritikuar nga grupet e t\u00eb drejtave t\u00eb njeriut, q\u00eb thon\u00eb se kufizon lirin\u00eb e shprehjes para se shteti t\u00eb mbaj\u00eb zgjedhjet e reja vitin e kaluar.<\/span><\/p>\n<p><span style=\"color: #000000;\">Ligji, q\u00eb u miratua mbr\u00ebmjen e 13 tetorit, u propozua nga partia n\u00eb pushtet e presidentit Recep Tayyip Erdogan dhe aleat\u00ebt e tij ultra-nacionalist\u00eb n\u00eb Parlament.<\/span><\/p>\n<p><span style=\"color: #000000;\">Miratimi i k\u00ebtij legjislacioni erdhi vet\u00ebm nj\u00eb dit\u00eb pasi Asambleja Parlamentare e K\u00ebshillit t\u00eb Evrop\u00ebs k\u00ebrkoi nga autoritetet n\u00eb Ankara q\u00eb t\u00eb mos e miratojn\u00eb t\u00eb nj\u00ebjtin.<\/span><\/p>\n<p><span style=\"color: #000000;\">Sipas ligjit, gazetar\u00ebt dhe p\u00ebrdoruesit e mediave sociale t\u00eb cil\u00ebt postojn\u00eb informacione q\u00eb autoritetet i konsiderojn\u00eb t\u00eb rreme lidhur me \u201csigurin\u00eb e brendshme dhe t\u00eb jashtme t\u00eb shtetit, rendit publik apo sh\u00ebndetit publik\u201d, mund t\u00eb d\u00ebnohen deri me tre vjet burgim.<\/span><\/p>\n<p><span style=\"color: #000000;\">Definicioni i paqart\u00eb se \u00e7far\u00eb mund t\u00eb cil\u00ebsohet \u201clajm i rrem\u00eb\u201d rriti shqet\u00ebsimet e opozit\u00ebs dhe aktivist\u00ebve t\u00eb t\u00eb drejtave t\u00eb njeriut.<\/span><\/p>\n<p><span style=\"color: #000000;\">\u201cSot \u00ebsht\u00eb nj\u00eb dit\u00eb tjet\u00ebr e err\u00ebt p\u00ebr lirin\u00eb e shprehjes n\u00eb platforma online dhe p\u00ebr lirin\u00eb e shtypit n\u00eb Turqi\u201d, tha G\u00fcney Yildiz, hulumtues n\u00eb Amnesty International.<\/span><\/p>\n<p><span style=\"color: #000000;\">\u201cDuke pasur parasysh rritjen e kontrollit ndaj mediave nga Qeveria n\u00eb k\u00ebto vitet e fundit, masat e reja u mund\u00ebsojn\u00eb atyre q\u00eb t\u00eb censurojn\u00eb m\u00eb tej dhe t\u00eb heshtin z\u00ebrat kritik\u00eb, para se Turqia t\u00eb mbaj\u00eb zgjedhjet e reja, n\u00ebn pretendimet p\u00ebr luftimin e dezinformimit\u201d, shtoi Yildiz.<\/span><\/p>\n<p><span style=\"color: #000000;\">Erdogan, i cili i ka quajtur mediat social k\u00ebrc\u00ebnim p\u00ebr demokracin\u00eb, pritet q\u00eb t\u00eb p\u00ebrballet me sfid\u00eb t\u00eb fort\u00eb ndaj qeverisjes s\u00eb tij 20-vje\u00e7are n\u00eb zgjedhjet e vitit t\u00eb ardhsh\u00ebm.<\/span><\/p>\n","protected":false,"gt_translate_keys":[{"key":"rendered","format":"html"}]},"excerpt":{"rendered":"<p>Ligjv\u00ebn\u00ebsit n\u00eb Turqi kan\u00eb miratuar nj\u00eb ligj t\u00eb ri p\u00ebr mediat, q\u00eb parasheh d\u00ebnim prej tre vjet\u00ebsh burgim p\u00ebr k\u00ebdo q\u00eb publikon \u201cinformacione t\u00eb rreme\u201d. Ky legjislacion \u00ebsht\u00eb kritikuar nga grupet e t\u00eb drejtave t\u00eb njeriut, q\u00eb thon\u00eb se kufizon lirin\u00eb e shprehjes para se shteti t\u00eb mbaj\u00eb zgjedhjet e reja vitin e kaluar. Ligji, [&hellip;]<\/p>\n","protected":false,"gt_translate_keys":[{"key":"rendered","format":"html"}]},"author":32,"featured_media":555128,"comment_status":"closed","ping_status":"closed","sticky":false,"template":"","format":"standard","meta":{"footnotes":""},"categories":[6,13],"tags":[],"class_list":["post-555127","post","type-post","status-publish","format-standard","has-post-thumbnail","hentry","category-nderkombetare","category-te-fundit"],"gt_translate_keys":[{"key":"link","format":"url"}],"_links":{"self":[{"href":"https:\/\/www.hashtag.al\/index.php\/wp-json\/wp\/v2\/posts\/555127","targetHints":{"allow":["GET"]}}],"collection":[{"href":"https:\/\/www.hashtag.al\/index.php\/wp-json\/wp\/v2\/posts"}],"about":[{"href":"https:\/\/www.hashtag.al\/index.php\/wp-json\/wp\/v2\/types\/post"}],"author":[{"embeddable":true,"href":"https:\/\/www.hashtag.al\/index.php\/wp-json\/wp\/v2\/users\/32"}],"replies":[{"embeddable":true,"href":"https:\/\/www.hashtag.al\/index.php\/wp-json\/wp\/v2\/comments?post=555127"}],"version-history":[{"count":0,"href":"https:\/\/www.hashtag.al\/index.php\/wp-json\/wp\/v2\/posts\/555127\/revisions"}],"wp:featuredmedia":[{"embeddable":true,"href":"https:\/\/www.hashtag.al\/index.php\/wp-json\/wp\/v2\/media\/555128"}],"wp:attachment":[{"href":"https:\/\/www.hashtag.al\/index.php\/wp-json\/wp\/v2\/media?parent=555127"}],"wp:term":[{"taxonomy":"category","embeddable":true,"href":"https:\/\/www.hashtag.al\/index.php\/wp-json\/wp\/v2\/categories?post=555127"},{"taxonomy":"post_tag","embeddable":true,"href":"https:\/\/www.hashtag.al\/index.php\/wp-json\/wp\/v2\/tags?post=555127"}],"curies":[{"name":"wp","href":"https:\/\/api.w.org\/{rel}","templated":true}]}}