{"id":555124,"date":"2022-10-14T14:03:30","date_gmt":"2022-10-14T12:03:30","guid":{"rendered":"https:\/\/www.hashtag.al\/?p=555124"},"modified":"2022-10-14T14:03:30","modified_gmt":"2022-10-14T12:03:30","slug":"partia-e-lirise-zhvillon-konventen-me-29-tetor-hap-garen-per-kryetar","status":"publish","type":"post","link":"https:\/\/www.hashtag.al\/index.php\/2022\/10\/14\/partia-e-lirise-zhvillon-konventen-me-29-tetor-hap-garen-per-kryetar\/","title":{"rendered":"Partia e Liris\u00eb zhvillon Konvent\u00ebn m\u00eb 29 tetor, hap gar\u00ebn p\u00ebr kryetar","gt_translate_keys":[{"key":"rendered","format":"text"}]},"content":{"rendered":"<p><span style=\"color: #000000;\"><a href=\"https:\/\/www.hashtag.al\/wp-content\/uploads\/2022\/10\/brahimllari.jpg\"><img loading=\"lazy\" decoding=\"async\" class=\"aligncenter size-full wp-image-555125\" src=\"https:\/\/www.hashtag.al\/wp-content\/uploads\/2022\/10\/brahimllari.jpg\" alt=\"\" width=\"665\" height=\"323\" srcset=\"https:\/\/www.hashtag.al\/wp-content\/uploads\/2022\/10\/brahimllari.jpg 665w, https:\/\/www.hashtag.al\/wp-content\/uploads\/2022\/10\/brahimllari-300x146.jpg 300w\" sizes=\"auto, (max-width: 665px) 100vw, 665px\" \/><\/a><\/span><\/p>\n<p><span style=\"color: #000000;\">Partia e Liris\u00eb do zhvilloj\u00eb Konvent\u00ebn Komb\u00ebtar\u00eb m\u00eb 29 tetor n\u00eb t\u00eb cil\u00ebn do zgjidhen disa nga pozicionet kryesore t\u00eb partis\u00eb mes t\u00eb cilave edhe Kryetari i ri.<\/span><\/p>\n<p><span style=\"color: #000000;\">Sekretari organizativ Endrit Brahimllari lajm\u00ebroi gar\u00ebn p\u00ebr kryetar t\u00eb PL-s\u00eb e cila nga data 14 deri m\u00eb 24 tetor pranon kandidaturat.<\/span><\/p>\n<p><span style=\"color: #000000;\">Gjithashtu gara \u00ebsht\u00eb hapur edhe p\u00ebr an\u00ebtar t\u00eb Komitetit Drejtues Komb\u00ebtar.<\/span><\/p>\n<p><span style=\"color: #000000;\">\u201c<em>Jemi n\u00eb k\u00ebt\u00eb komunikim me publikun p\u00ebr t\u00eb ndar\u00eb disa vendime t\u00eb r\u00ebnd\u00ebsishme t\u00eb marra nga Komiteti Organizator i Partis\u00eb s\u00eb Liris\u00eb, n\u00eb lidhje me procesin zgjedhor t\u00eb forumeve drejtuese t\u00eb Partis\u00eb s\u00eb Liris\u00eb, n\u00eb Konvent\u00ebn Komb\u00ebtare e cila do t\u00eb mbahet n\u00eb 29 tetor. <\/em><\/span><\/p>\n<p><span style=\"color: #000000;\"><em>Konventa Komb\u00ebtare n\u00eb zbatim t\u00eb vendimeve t\u00eb Komitetit Organizator do t\u00eb miratoj\u00eb disa ndryshime statutore, programin politik t\u00eb partis\u00eb si dhe zgjedhjen e an\u00ebtar\u00ebve t\u00eb Komitetit Drejtues Komb\u00ebtar. <\/em><\/span><\/p>\n<p><span style=\"color: #000000;\"><em>Po n\u00eb zbatim t\u00eb vendimit t\u00eb Komitetit Organizator \u00ebsht\u00eb shpallur hapja e procesit p\u00ebr zgjedhjen e kryetarit t\u00eb Partis\u00eb s\u00eb Liris\u00eb. Afati p\u00ebr pranimin e kandidaturave (p\u00ebr kryetar dhe an\u00ebtar t\u00eb KDK) do t\u00eb filloj\u00eb sot m\u00eb dat\u00eb 14 tetor dhe do t\u00eb mbyllet n\u00eb 24 tetor 2022. Kriteret p\u00ebr kandidat\u00ebt p\u00ebr kryetar dhe an\u00ebtar\u00eb t\u00eb Komitetit Drejtues Komb\u00ebtar t\u00eb Partis\u00eb s\u00eb Liris\u00eb mund t\u00eb t\u00ebrhiqen pran\u00eb zyrave q\u00ebndrore dhe do t\u00eb publikohen n\u00eb faqen zyrtare \u00eb\u00eb\u00eb.partiaelirise.al. <\/em><\/span><\/p>\n<p><span style=\"color: #000000;\"><em>Ftojm\u00eb t\u00eb gjith\u00eb an\u00ebtar\u00ebt e Partis\u00eb s\u00eb Liris\u00eb q\u00eb t\u00eb b\u00ebhen pjes\u00eb e k\u00ebtij procesi duke aplikuar pran\u00eb Komisionit Zgjedhor t\u00eb Partis\u00eb s\u00eb Liris\u00eb t\u00eb ngritur p\u00ebr drejtimin dhe monitorimin e k\u00ebtyre proceseve zgjedhore<\/em>\u201d-deklaroi Brahimllari.<\/span><\/p>\n","protected":false,"gt_translate_keys":[{"key":"rendered","format":"html"}]},"excerpt":{"rendered":"<p>Partia e Liris\u00eb do zhvilloj\u00eb Konvent\u00ebn Komb\u00ebtar\u00eb m\u00eb 29 tetor n\u00eb t\u00eb cil\u00ebn do zgjidhen disa nga pozicionet kryesore t\u00eb partis\u00eb mes t\u00eb cilave edhe Kryetari i ri. Sekretari organizativ Endrit Brahimllari lajm\u00ebroi gar\u00ebn p\u00ebr kryetar t\u00eb PL-s\u00eb e cila nga data 14 deri m\u00eb 24 tetor pranon kandidaturat. Gjithashtu gara \u00ebsht\u00eb hapur edhe p\u00ebr [&hellip;]<\/p>\n","protected":false,"gt_translate_keys":[{"key":"rendered","format":"html"}]},"author":32,"featured_media":555125,"comment_status":"closed","ping_status":"closed","sticky":false,"template":"","format":"standard","meta":{"footnotes":""},"categories":[65,13],"tags":[],"class_list":["post-555124","post","type-post","status-publish","format-standard","has-post-thumbnail","hentry","category-lajme","category-te-fundit"],"gt_translate_keys":[{"key":"link","format":"url"}],"_links":{"self":[{"href":"https:\/\/www.hashtag.al\/index.php\/wp-json\/wp\/v2\/posts\/555124","targetHints":{"allow":["GET"]}}],"collection":[{"href":"https:\/\/www.hashtag.al\/index.php\/wp-json\/wp\/v2\/posts"}],"about":[{"href":"https:\/\/www.hashtag.al\/index.php\/wp-json\/wp\/v2\/types\/post"}],"author":[{"embeddable":true,"href":"https:\/\/www.hashtag.al\/index.php\/wp-json\/wp\/v2\/users\/32"}],"replies":[{"embeddable":true,"href":"https:\/\/www.hashtag.al\/index.php\/wp-json\/wp\/v2\/comments?post=555124"}],"version-history":[{"count":0,"href":"https:\/\/www.hashtag.al\/index.php\/wp-json\/wp\/v2\/posts\/555124\/revisions"}],"wp:featuredmedia":[{"embeddable":true,"href":"https:\/\/www.hashtag.al\/index.php\/wp-json\/wp\/v2\/media\/555125"}],"wp:attachment":[{"href":"https:\/\/www.hashtag.al\/index.php\/wp-json\/wp\/v2\/media?parent=555124"}],"wp:term":[{"taxonomy":"category","embeddable":true,"href":"https:\/\/www.hashtag.al\/index.php\/wp-json\/wp\/v2\/categories?post=555124"},{"taxonomy":"post_tag","embeddable":true,"href":"https:\/\/www.hashtag.al\/index.php\/wp-json\/wp\/v2\/tags?post=555124"}],"curies":[{"name":"wp","href":"https:\/\/api.w.org\/{rel}","templated":true}]}}