{"id":555052,"date":"2022-10-13T23:06:20","date_gmt":"2022-10-13T21:06:20","guid":{"rendered":"https:\/\/www.hashtag.al\/?p=555052"},"modified":"2022-10-13T23:06:20","modified_gmt":"2022-10-13T21:06:20","slug":"berisha-tashme-edhe-ne-tiktok-vendosa-ta-hap-per-komunikim-me-te-rinjte-eshte-me-i-preferuari","status":"publish","type":"post","link":"https:\/\/www.hashtag.al\/index.php\/2022\/10\/13\/berisha-tashme-edhe-ne-tiktok-vendosa-ta-hap-per-komunikim-me-te-rinjte-eshte-me-i-preferuari\/","title":{"rendered":"Berisha tashme edhe n\u00eb TikTok: \u00a0Vendosa ta hap p\u00ebr komunikim me t\u00eb rinjt\u00eb, \u00ebsht\u00eb m\u00eb i preferuari","gt_translate_keys":[{"key":"rendered","format":"text"}]},"content":{"rendered":"<p><span style=\"color: #000000;\"><a style=\"color: #000000;\" href=\"https:\/\/www.hashtag.al\/wp-content\/uploads\/2022\/10\/berisha-tik-tok.jpg\"><img loading=\"lazy\" decoding=\"async\" class=\"aligncenter size-full wp-image-555053\" src=\"https:\/\/www.hashtag.al\/wp-content\/uploads\/2022\/10\/berisha-tik-tok.jpg\" alt=\"\" width=\"1920\" height=\"1200\" srcset=\"https:\/\/www.hashtag.al\/wp-content\/uploads\/2022\/10\/berisha-tik-tok.jpg 1920w, https:\/\/www.hashtag.al\/wp-content\/uploads\/2022\/10\/berisha-tik-tok-300x188.jpg 300w, https:\/\/www.hashtag.al\/wp-content\/uploads\/2022\/10\/berisha-tik-tok-1024x640.jpg 1024w, https:\/\/www.hashtag.al\/wp-content\/uploads\/2022\/10\/berisha-tik-tok-768x480.jpg 768w, https:\/\/www.hashtag.al\/wp-content\/uploads\/2022\/10\/berisha-tik-tok-1536x960.jpg 1536w\" sizes=\"auto, (max-width: 1920px) 100vw, 1920px\" \/><\/a><\/span><\/p>\n<p><span style=\"color: #000000;\">Kryetari i Partis\u00eb Demokratike, Sali Berisha ka njoftuar n\u00eb emisionin \u201cOpinion\u201d, se tashm\u00eb ka hapur dhe nj\u00eb llogari t\u00eb tij\u00ebn n\u00eb rrjetin social n\u00eb Tik-Tok.<\/span><\/p>\n<p><span style=\"color: #000000;\">Kryedemokrati ka shpjeguar pse ka hapur k\u00ebt\u00eb llogari n\u00eb rrjet social ku mund t\u00eb postosh video.<\/span><\/p>\n<p><span style=\"color: #000000;\">\u201c<em>TikToku \u00ebsht\u00eb sot m\u00eb i preferuari n\u00eb mediat sociale i adoleshent\u00ebve dhe mosh\u00ebs af\u00ebr adoleshenc\u00ebs.<\/em><\/span><\/p>\n<p><span style=\"color: #000000;\"><em>Pavar\u00ebsisht nga interesi i tyre p\u00ebr politik\u00ebn, komunikimi me ta \u00ebsht\u00eb shum\u00eb i r\u00ebnd\u00ebsish\u00ebm. Nuk synoj t\u00eb vendos nj\u00eb komunikim politik me ta, por synoj q\u00eb t\u00eb kem nj\u00eb komunikim politik si nj\u00eb pjes\u00eb shum\u00eb e r\u00ebnd\u00ebsishme e rinis\u00eb shqiptare<\/em>\u201d-tha Berisha.<\/span><\/p>\n<p><span style=\"color: #000000;\">Berisha u shpreh se ka qen\u00eb ide e tij hapja e nj\u00eb llogarie n\u00eb rrjetin social TikTok, por \u00ebsht\u00eb shtyr\u00eb p\u00ebr shkaqe t\u00eb ndryshme. Berisha theksoi m\u00eb tej se pasioni p\u00ebr teknologjin\u00eb e ka shoq\u00ebruar p\u00ebr dekada.<\/span><\/p>\n<div id=\"attachment_555054\" style=\"width: 1117px\" class=\"wp-caption aligncenter\"><a href=\"https:\/\/www.hashtag.al\/wp-content\/uploads\/2022\/10\/berisha-tik-tok.png\"><img loading=\"lazy\" decoding=\"async\" aria-describedby=\"caption-attachment-555054\" class=\"size-full wp-image-555054\" src=\"https:\/\/www.hashtag.al\/wp-content\/uploads\/2022\/10\/berisha-tik-tok.png\" alt=\"\" width=\"1107\" height=\"370\" srcset=\"https:\/\/www.hashtag.al\/wp-content\/uploads\/2022\/10\/berisha-tik-tok.png 1107w, https:\/\/www.hashtag.al\/wp-content\/uploads\/2022\/10\/berisha-tik-tok-300x100.png 300w, https:\/\/www.hashtag.al\/wp-content\/uploads\/2022\/10\/berisha-tik-tok-1024x342.png 1024w, https:\/\/www.hashtag.al\/wp-content\/uploads\/2022\/10\/berisha-tik-tok-768x257.png 768w\" sizes=\"auto, (max-width: 1107px) 100vw, 1107px\" \/><\/a><p id=\"caption-attachment-555054\" class=\"wp-caption-text\">Profili i Sali Berish\u00ebs n\u00eb TikTok<\/p><\/div>\n","protected":false,"gt_translate_keys":[{"key":"rendered","format":"html"}]},"excerpt":{"rendered":"<p>Kryetari i Partis\u00eb Demokratike, Sali Berisha ka njoftuar n\u00eb emisionin \u201cOpinion\u201d, se tashm\u00eb ka hapur dhe nj\u00eb llogari t\u00eb tij\u00ebn n\u00eb rrjetin social n\u00eb Tik-Tok. Kryedemokrati ka shpjeguar pse ka hapur k\u00ebt\u00eb llogari n\u00eb rrjet social ku mund t\u00eb postosh video. \u201cTikToku \u00ebsht\u00eb sot m\u00eb i preferuari n\u00eb mediat sociale i adoleshent\u00ebve dhe mosh\u00ebs af\u00ebr [&hellip;]<\/p>\n","protected":false,"gt_translate_keys":[{"key":"rendered","format":"html"}]},"author":32,"featured_media":555053,"comment_status":"closed","ping_status":"closed","sticky":false,"template":"","format":"standard","meta":{"footnotes":""},"categories":[65,13],"tags":[],"class_list":["post-555052","post","type-post","status-publish","format-standard","has-post-thumbnail","hentry","category-lajme","category-te-fundit"],"gt_translate_keys":[{"key":"link","format":"url"}],"_links":{"self":[{"href":"https:\/\/www.hashtag.al\/index.php\/wp-json\/wp\/v2\/posts\/555052","targetHints":{"allow":["GET"]}}],"collection":[{"href":"https:\/\/www.hashtag.al\/index.php\/wp-json\/wp\/v2\/posts"}],"about":[{"href":"https:\/\/www.hashtag.al\/index.php\/wp-json\/wp\/v2\/types\/post"}],"author":[{"embeddable":true,"href":"https:\/\/www.hashtag.al\/index.php\/wp-json\/wp\/v2\/users\/32"}],"replies":[{"embeddable":true,"href":"https:\/\/www.hashtag.al\/index.php\/wp-json\/wp\/v2\/comments?post=555052"}],"version-history":[{"count":0,"href":"https:\/\/www.hashtag.al\/index.php\/wp-json\/wp\/v2\/posts\/555052\/revisions"}],"wp:featuredmedia":[{"embeddable":true,"href":"https:\/\/www.hashtag.al\/index.php\/wp-json\/wp\/v2\/media\/555053"}],"wp:attachment":[{"href":"https:\/\/www.hashtag.al\/index.php\/wp-json\/wp\/v2\/media?parent=555052"}],"wp:term":[{"taxonomy":"category","embeddable":true,"href":"https:\/\/www.hashtag.al\/index.php\/wp-json\/wp\/v2\/categories?post=555052"},{"taxonomy":"post_tag","embeddable":true,"href":"https:\/\/www.hashtag.al\/index.php\/wp-json\/wp\/v2\/tags?post=555052"}],"curies":[{"name":"wp","href":"https:\/\/api.w.org\/{rel}","templated":true}]}}