{"id":554998,"date":"2022-10-13T17:00:23","date_gmt":"2022-10-13T15:00:23","guid":{"rendered":"https:\/\/www.hashtag.al\/?p=554998"},"modified":"2022-10-13T17:00:23","modified_gmt":"2022-10-13T15:00:23","slug":"kurti-thote-se-eshte-i-gatshem-te-takohet-me-vucicin","status":"publish","type":"post","link":"https:\/\/www.hashtag.al\/index.php\/2022\/10\/13\/kurti-thote-se-eshte-i-gatshem-te-takohet-me-vucicin\/","title":{"rendered":"Kurti thot\u00eb se \u00ebsht\u00eb i gatsh\u00ebm t\u00eb takohet me Vu\u00e7i\u00e7in","gt_translate_keys":[{"key":"rendered","format":"text"}]},"content":{"rendered":"<p><span style=\"color: #000000;\"><a href=\"https:\/\/www.hashtag.al\/wp-content\/uploads\/2022\/10\/Kurti.jpg\"><img loading=\"lazy\" decoding=\"async\" class=\"aligncenter size-full wp-image-554999\" src=\"https:\/\/www.hashtag.al\/wp-content\/uploads\/2022\/10\/Kurti.jpg\" alt=\"\" width=\"600\" height=\"360\" srcset=\"https:\/\/www.hashtag.al\/wp-content\/uploads\/2022\/10\/Kurti.jpg 600w, https:\/\/www.hashtag.al\/wp-content\/uploads\/2022\/10\/Kurti-300x180.jpg 300w\" sizes=\"auto, (max-width: 600px) 100vw, 600px\" \/><\/a><\/span><\/p>\n<p><span style=\"color: #000000;\">Kryeministri i Kosov\u00ebs Albin Kurti \u00ebsht\u00eb shprehur i gatsh\u00ebm q\u00eb t\u00eb takohet me presidentin e Serbis\u00eb, Aleksand\u00ebr Vu\u00e7i\u00e7, kurdo q\u00eb t\u00eb caktohet takimi i radh\u00ebs.<\/span><\/p>\n<p><span style=\"color: #000000;\"><em>\u201cKur t\u00eb na th\u00ebrrasin jemi t\u00eb gatsh\u00ebm q\u00eb t\u00eb zhvillojm\u00eb takimin e radh\u00ebs, por ne nd\u00ebrkoh\u00eb duhet t\u00eb vijm\u00eb n\u00eb arat q\u00eb punohen, n\u00eb \u00e7erdhet q\u00eb na dhurohen. Jeta vazhdon.\u201d<\/em>&#8211; iu p\u00ebrgjigj Kurti gazetar\u00ebve n\u00eb nj\u00eb prononcim p\u00ebr mediet pas vizit\u00ebs n\u00eb Miresh t\u00eb Gjilanit.<\/span><\/p>\n<p><span style=\"color: #000000;\">Ai foli dhe p\u00ebr takimin q\u00eb pati me Laj\u00e7ak. Kurti ka deklaruar se n\u00eb takimin e sot\u00ebm me t\u00eb d\u00ebrguarin e posa\u00e7\u00ebm t\u00eb Bashkimit Evropian p\u00ebr dialogun Kosov\u00eb-Serbi, Miroslav Laj\u00e7ak, kan\u00eb diskutuar p\u00ebr korniz\u00ebn e p\u00ebrgjithshme t\u00eb marr\u00ebveshjes dhe zbatimin e asaj p\u00ebr energjin\u00eb n\u00eb veri.<\/span><\/p>\n<p><span style=\"color: #000000;\"><em>\u00a0\u201cGjithmon\u00eb i kemi dy tema kryesore, e para \u00ebsht\u00eb korniza e p\u00ebrgjithshme e marr\u00ebveshjes dhe e dyta jan\u00eb \u00e7\u00ebshtjet aktuale. N\u00eb \u00e7\u00ebshtjet aktuale kryesorja p\u00ebr neve \u00ebsht\u00eb zbatimi i marr\u00ebveshjes s\u00eb energjis\u00eb, n\u00eb m\u00ebnyr\u00eb q\u00eb edhe n\u00eb veri t\u00eb Ibrit t\u00eb filloj\u00eb inkasimi p\u00ebr energjin\u00eb e konsumuar, sepse nuk ka kurrfar\u00eb kuptimi q\u00eb ta shfryt\u00ebzosh energjin\u00eb elektrike nga burimet e Kosov\u00ebs e t\u00eb mos paguash asgj\u00eb. Prandaj tek \u00e7\u00ebshtjet aktuale fokusi yn\u00eb \u00ebsht\u00eb zbatimi i marr\u00ebveshjes p\u00ebr energjin\u00eb q\u00eb edhe atje t\u00eb paguhet energjia elektrike. Q\u00eb \u00ebsht\u00eb e domosdoshme p\u00ebr ekonomin\u00eb ton\u00eb dhe p\u00ebr ligjet tona.\u201d<\/em>&#8211; ka shtuar Kurti.<\/span><\/p>\n","protected":false,"gt_translate_keys":[{"key":"rendered","format":"html"}]},"excerpt":{"rendered":"<p>Kryeministri i Kosov\u00ebs Albin Kurti \u00ebsht\u00eb shprehur i gatsh\u00ebm q\u00eb t\u00eb takohet me presidentin e Serbis\u00eb, Aleksand\u00ebr Vu\u00e7i\u00e7, kurdo q\u00eb t\u00eb caktohet takimi i radh\u00ebs. \u201cKur t\u00eb na th\u00ebrrasin jemi t\u00eb gatsh\u00ebm q\u00eb t\u00eb zhvillojm\u00eb takimin e radh\u00ebs, por ne nd\u00ebrkoh\u00eb duhet t\u00eb vijm\u00eb n\u00eb arat q\u00eb punohen, n\u00eb \u00e7erdhet q\u00eb na dhurohen. Jeta vazhdon.\u201d&#8211; [&hellip;]<\/p>\n","protected":false,"gt_translate_keys":[{"key":"rendered","format":"html"}]},"author":30,"featured_media":554999,"comment_status":"closed","ping_status":"closed","sticky":false,"template":"","format":"standard","meta":{"footnotes":""},"categories":[65,13],"tags":[],"class_list":["post-554998","post","type-post","status-publish","format-standard","has-post-thumbnail","hentry","category-lajme","category-te-fundit"],"gt_translate_keys":[{"key":"link","format":"url"}],"_links":{"self":[{"href":"https:\/\/www.hashtag.al\/index.php\/wp-json\/wp\/v2\/posts\/554998","targetHints":{"allow":["GET"]}}],"collection":[{"href":"https:\/\/www.hashtag.al\/index.php\/wp-json\/wp\/v2\/posts"}],"about":[{"href":"https:\/\/www.hashtag.al\/index.php\/wp-json\/wp\/v2\/types\/post"}],"author":[{"embeddable":true,"href":"https:\/\/www.hashtag.al\/index.php\/wp-json\/wp\/v2\/users\/30"}],"replies":[{"embeddable":true,"href":"https:\/\/www.hashtag.al\/index.php\/wp-json\/wp\/v2\/comments?post=554998"}],"version-history":[{"count":0,"href":"https:\/\/www.hashtag.al\/index.php\/wp-json\/wp\/v2\/posts\/554998\/revisions"}],"wp:featuredmedia":[{"embeddable":true,"href":"https:\/\/www.hashtag.al\/index.php\/wp-json\/wp\/v2\/media\/554999"}],"wp:attachment":[{"href":"https:\/\/www.hashtag.al\/index.php\/wp-json\/wp\/v2\/media?parent=554998"}],"wp:term":[{"taxonomy":"category","embeddable":true,"href":"https:\/\/www.hashtag.al\/index.php\/wp-json\/wp\/v2\/categories?post=554998"},{"taxonomy":"post_tag","embeddable":true,"href":"https:\/\/www.hashtag.al\/index.php\/wp-json\/wp\/v2\/tags?post=554998"}],"curies":[{"name":"wp","href":"https:\/\/api.w.org\/{rel}","templated":true}]}}