{"id":554984,"date":"2022-10-13T15:42:16","date_gmt":"2022-10-13T13:42:16","guid":{"rendered":"https:\/\/www.hashtag.al\/?p=554984"},"modified":"2022-10-13T15:42:16","modified_gmt":"2022-10-13T13:42:16","slug":"prodhuesit-e-bukes-kerkojne-uljen-e-tvsh-se-per-te-parandaluar-ndikimin-e-krizes-nga-europa","status":"publish","type":"post","link":"https:\/\/www.hashtag.al\/index.php\/2022\/10\/13\/prodhuesit-e-bukes-kerkojne-uljen-e-tvsh-se-per-te-parandaluar-ndikimin-e-krizes-nga-europa\/","title":{"rendered":"Prodhuesit e buk\u00ebs k\u00ebrkojn\u00eb uljen e TVSH-s\u00eb p\u00ebr t\u00eb parandaluar ndikimin e kriz\u00ebs nga Europa","gt_translate_keys":[{"key":"rendered","format":"text"}]},"content":{"rendered":"<p><span style=\"color: #000000;\"><a href=\"https:\/\/www.hashtag.al\/wp-content\/uploads\/2022\/10\/furre-buke.png\"><img loading=\"lazy\" decoding=\"async\" class=\"aligncenter size-full wp-image-554985\" src=\"https:\/\/www.hashtag.al\/wp-content\/uploads\/2022\/10\/furre-buke.png\" alt=\"\" width=\"700\" height=\"375\" srcset=\"https:\/\/www.hashtag.al\/wp-content\/uploads\/2022\/10\/furre-buke.png 700w, https:\/\/www.hashtag.al\/wp-content\/uploads\/2022\/10\/furre-buke-300x161.png 300w\" sizes=\"auto, (max-width: 700px) 100vw, 700px\" \/><\/a><\/span><\/p>\n<p><span style=\"color: #000000;\">Shoqata e Prodhuesve t\u00eb Buk\u00ebs, Pasti\u00e7erive dhe Brum\u00ebrave k\u00ebrkon q\u00eb qeveria t\u00eb marr\u00eb masa parandaluese fiskale me q\u00ebllim q\u00eb zinxhiri i falimentimit t\u00eb furrave q\u00eb po ndodh n\u00eb Europ\u00eb, t\u00eb mos ndodh\u00eb edhe n\u00eb Shqip\u00ebri.<\/span><\/p>\n<p><span style=\"color: #000000;\">Kryetari i Shoqat\u00ebs G\u00ebzim Peshkopia tha p\u00ebr \u201c<span style=\"color: #0000ff;\"><a style=\"color: #0000ff;\" href=\"https:\/\/www.monitor.al\/prodhuesit-e-bukes-kerkojne-uljen-e-tvsh-se-per-te-parandaluar-ndikimin-e-krizes-nga-europa\/\">Monitor<\/a><\/span>\u201d se kolapsi q\u00eb ka Europa p\u00ebr furnizimin me energji dhe me shtrenjtimin e \u00e7mimeve t\u00eb p\u00ebrb\u00ebr\u00ebsve t\u00eb buk\u00ebs dhe produkteve t\u00eb brum\u00ebrave , si miell, margarina, vaji, etj nga furnizohet Shqip\u00ebria jan\u00eb dallg\u00eb t\u00eb kriz\u00ebs q\u00eb kan\u00eb ardhur edhe n\u00eb Shqip\u00ebri.<\/span><\/p>\n<p><span style=\"color: #000000;\">P\u00ebr t\u00eb parandaluar ndikimin e kriz\u00ebs nga Europa dhe rrezikun e mbylljes s\u00eb furrave, Peshkopia rekomandon q\u00eb edhe qeveria shqiptare duhet t\u00eb marr\u00eb n\u00eb konsiderat\u00eb k\u00ebrkesat p\u00ebr ulje t\u00eb TVSh-s\u00eb, taksave apo tarifave t\u00eb tjera q\u00eb kan\u00eb t\u00eb b\u00ebjn\u00eb me prodhimin e produkteve ushqimore, ashtu si\u00e7 kan\u00eb k\u00ebrkuar edhe furrat n\u00eb Europ\u00eb.<\/span><\/p>\n<p><span style=\"color: #000000;\">Rritja e \u00e7mimeve t\u00eb l\u00ebnd\u00ebve t\u00eb para dhe energjis\u00eb jan\u00eb shqet\u00ebsimet kryesore t\u00eb prodhuesve t\u00eb buk\u00ebs n\u00eb Europ\u00eb.<\/span><\/p>\n<p><span style=\"color: #000000;\">P\u00ebr k\u00ebt\u00eb arsye Konfederata Evropiane e Organizatave Komb\u00ebtare t\u00eb Furrave dhe \u00cbmb\u00eblsirave (CEBP) ku b\u00ebn pjesa edhe shoqata e prodhuesve shqiptar\u00eb, n\u00eb nj\u00eb let\u00ebr drejtuar Presidentes s\u00eb Komisionit Europian Ursula Von der Leyen ngren\u00eb shqet\u00ebsimin se lufta Rusi-Ukrain\u00eb ka rritur kostot prodhuese.<\/span><\/p>\n<p><span style=\"color: #000000;\">Prodhuesit n\u00eb Europ\u00eb paralajm\u00ebrojn\u00eb se shtimi i kostove do t\u00eb rris\u00eb edhe m\u00eb shum\u00eb mbylljen e furrave dhe p\u00ebr k\u00ebt\u00eb arsye k\u00ebrkojn\u00eb q\u00eb p\u00ebr kompanit\u00eb ushqimore t\u00eb b\u00ebhen nd\u00ebrhyrje t\u00eb p\u00ebrkohshme te TVSH, taksat apo tarifat e tjera.<\/span><\/p>\n<p><span style=\"color: #000000;\"><strong>Shqet\u00ebsimet dhe k\u00ebrkesat e konfederat\u00ebs europiane t\u00eb furrave t\u00eb buk\u00ebs (CEBP) p\u00ebr KE<\/strong><\/span><\/p>\n<p><span style=\"color: #000000;\">N\u00eb letr\u00ebn d\u00ebrguar Presidentes s\u00eb KE Ursula Von der Leyen prodhuesit e Europ\u00ebs shprehen se \u00e7mimet e miellit, energjis\u00eb, transportit dhe shumic\u00ebs s\u00eb l\u00ebnd\u00ebve t\u00eb para, furnizimeve dhe sh\u00ebrbimeve thelb\u00ebsore p\u00ebr t\u00eb b\u00ebr\u00eb buk\u00eb jan\u00eb duke p\u00ebrjetuar rritje dramatike q\u00eb na \u00e7ojn\u00eb, mikro, t\u00eb vogla dhe furrat e mesme dhe pasti\u00e7erit\u00eb n\u00eb nj\u00eb situat\u00eb kritike. Ata theksojn\u00eb se k\u00ebto kompani tashm\u00eb kishin hasur n\u00eb v\u00ebshtir\u00ebsi t\u00eb m\u00ebdha gjat\u00eb pandemis\u00eb, kur furnizimi me buk\u00eb nuk u nd\u00ebrpre kurr\u00eb.<\/span><\/p>\n<p><span style=\"color: #000000;\">Dhe, nd\u00ebrsa zanati yn\u00eb dhe furrat tradicionale po b\u00ebjn\u00eb gjith\u00e7ka q\u00eb \u00ebsht\u00eb e mundur p\u00ebr t\u00eb zbutur ndikimin ndaj konsumator\u00ebve dhe vazhdojn\u00eb t\u00eb prodhojn\u00eb, CEBP sheh me shqet\u00ebsim t\u00eb madh rritjen n\u00eb rritje, t\u00eb atyre q\u00eb jan\u00eb t\u00eb detyruar t\u00eb mbyllen.<\/span><\/p>\n<p><span style=\"color: #000000;\">Q\u00eb t\u00eb njihet roli themelor i buk\u00ebs artizanale dhe tradicionale, pra duke u garantuar kompanive tona akses n\u00eb energji dhe l\u00ebnd\u00eb t\u00eb para, duke pasur parasysh at\u00eb statusin si ushqim baz\u00eb.<\/span><\/p>\n<p><span style=\"color: #000000;\">Q\u00eb barrierat tregtare p\u00ebr importet e vendeve t\u00eb treta t\u00eb ndalen sa m\u00eb shum\u00eb, me rregull p\u00ebr t\u00eb parandaluar munges\u00ebn e l\u00ebnd\u00ebve t\u00eb para bujq\u00ebsore esenciale p\u00ebr prodhimin e buk\u00ebs.<\/span><\/p>\n<p><span style=\"color: #000000;\">Q\u00eb aksesi n\u00eb masat zbut\u00ebse t\u00eb garantohet p\u00ebr operator\u00ebt tan\u00eb mikro, t\u00eb vegj\u00ebl dhe furrat e mesme dhe pasti\u00e7erit\u00eb, duke miratuar masa strukturore p\u00ebr t\u00eb zbutur ndikimi i inflacionit n\u00eb kostot e energjis\u00eb, transportit dhe pun\u00ebs, si dhe fleksibiliteti n\u00eb nivel lokal masat mb\u00ebshtet\u00ebse dhe ndihma shtet\u00ebrore p\u00ebr operator\u00ebt e kompanive tona ushqimore n\u00eb \u00e7\u00ebshtje t\u00eb tilla si TVSH, taksat, tarifat, t\u00eb p\u00ebrkohshme ose t\u00eb papun\u00ebsis\u00eb. \u00cbsht\u00eb ve\u00e7an\u00ebrisht kritike p\u00ebr t\u00eb zbutur d\u00ebrrmuesin nga rritja e kostove t\u00eb energjis\u00eb, p\u00ebr shkak t\u00eb indeksimit t\u00eb gazit, i cili po udh\u00ebheq gjithnj\u00eb e m\u00eb shum\u00eb tek ne kompanit\u00eb deri n\u00eb mbylljen p\u00ebrfundimtare.<\/span><\/p>\n<p><strong><span style=\"color: #000000;\"><span style=\"color: #ff0000;\">VINI RE:<\/span> Ky artikull \u00ebsht\u00eb pron\u00eb intelektuale e <span style=\"color: #0000ff;\"><a style=\"color: #0000ff;\" href=\"https:\/\/www.monitor.al\/prodhuesit-e-bukes-kerkojne-uljen-e-tvsh-se-per-te-parandaluar-ndikimin-e-krizes-nga-europa\/\">Monitor.al<\/a><\/span><\/span><\/strong><\/p>\n","protected":false,"gt_translate_keys":[{"key":"rendered","format":"html"}]},"excerpt":{"rendered":"<p>Shoqata e Prodhuesve t\u00eb Buk\u00ebs, Pasti\u00e7erive dhe Brum\u00ebrave k\u00ebrkon q\u00eb qeveria t\u00eb marr\u00eb masa parandaluese fiskale me q\u00ebllim q\u00eb zinxhiri i falimentimit t\u00eb furrave q\u00eb po ndodh n\u00eb Europ\u00eb, t\u00eb mos ndodh\u00eb edhe n\u00eb Shqip\u00ebri. Kryetari i Shoqat\u00ebs G\u00ebzim Peshkopia tha p\u00ebr \u201cMonitor\u201d se kolapsi q\u00eb ka Europa p\u00ebr furnizimin me energji dhe me shtrenjtimin [&hellip;]<\/p>\n","protected":false,"gt_translate_keys":[{"key":"rendered","format":"html"}]},"author":30,"featured_media":554985,"comment_status":"closed","ping_status":"closed","sticky":false,"template":"","format":"standard","meta":{"footnotes":""},"categories":[65,13],"tags":[],"class_list":["post-554984","post","type-post","status-publish","format-standard","has-post-thumbnail","hentry","category-lajme","category-te-fundit"],"gt_translate_keys":[{"key":"link","format":"url"}],"_links":{"self":[{"href":"https:\/\/www.hashtag.al\/index.php\/wp-json\/wp\/v2\/posts\/554984","targetHints":{"allow":["GET"]}}],"collection":[{"href":"https:\/\/www.hashtag.al\/index.php\/wp-json\/wp\/v2\/posts"}],"about":[{"href":"https:\/\/www.hashtag.al\/index.php\/wp-json\/wp\/v2\/types\/post"}],"author":[{"embeddable":true,"href":"https:\/\/www.hashtag.al\/index.php\/wp-json\/wp\/v2\/users\/30"}],"replies":[{"embeddable":true,"href":"https:\/\/www.hashtag.al\/index.php\/wp-json\/wp\/v2\/comments?post=554984"}],"version-history":[{"count":0,"href":"https:\/\/www.hashtag.al\/index.php\/wp-json\/wp\/v2\/posts\/554984\/revisions"}],"wp:featuredmedia":[{"embeddable":true,"href":"https:\/\/www.hashtag.al\/index.php\/wp-json\/wp\/v2\/media\/554985"}],"wp:attachment":[{"href":"https:\/\/www.hashtag.al\/index.php\/wp-json\/wp\/v2\/media?parent=554984"}],"wp:term":[{"taxonomy":"category","embeddable":true,"href":"https:\/\/www.hashtag.al\/index.php\/wp-json\/wp\/v2\/categories?post=554984"},{"taxonomy":"post_tag","embeddable":true,"href":"https:\/\/www.hashtag.al\/index.php\/wp-json\/wp\/v2\/tags?post=554984"}],"curies":[{"name":"wp","href":"https:\/\/api.w.org\/{rel}","templated":true}]}}