{"id":554934,"date":"2022-10-13T12:41:04","date_gmt":"2022-10-13T10:41:04","guid":{"rendered":"https:\/\/www.hashtag.al\/?p=554934"},"modified":"2022-10-13T12:41:04","modified_gmt":"2022-10-13T10:41:04","slug":"ish-te-perndjekurit-proteste-para-kuvendit-qeveria-te-zbatoje-ligjet-jemi-ne-kushte-te-veshtira","status":"publish","type":"post","link":"https:\/\/www.hashtag.al\/index.php\/2022\/10\/13\/ish-te-perndjekurit-proteste-para-kuvendit-qeveria-te-zbatoje-ligjet-jemi-ne-kushte-te-veshtira\/","title":{"rendered":"Ish-t\u00eb p\u00ebrndjekurit protest\u00eb para Kuvendit: Qeveria t\u00eb zbatoj\u00eb ligjet, jemi n\u00eb kushte t\u00eb v\u00ebshtira","gt_translate_keys":[{"key":"rendered","format":"text"}]},"content":{"rendered":"<p><span style=\"color: #000000;\"><img loading=\"lazy\" decoding=\"async\" class=\"aligncenter size-full wp-image-554935\" src=\"https:\/\/www.hashtag.al\/wp-content\/uploads\/2022\/10\/te-perndjekur.jpg\" alt=\"\" width=\"770\" height=\"433\" srcset=\"https:\/\/www.hashtag.al\/wp-content\/uploads\/2022\/10\/te-perndjekur.jpg 770w, https:\/\/www.hashtag.al\/wp-content\/uploads\/2022\/10\/te-perndjekur-300x169.jpg 300w, https:\/\/www.hashtag.al\/wp-content\/uploads\/2022\/10\/te-perndjekur-768x432.jpg 768w\" sizes=\"auto, (max-width: 770px) 100vw, 770px\" \/><\/span><\/p>\n<p><span style=\"color: #000000;\">Disa ish-t\u00eb p\u00ebrndjekur politik\u00eb kan\u00eb zhvilluar sot nj\u00eb protest para Kuvendit. <\/span><\/p>\n<p><span style=\"color: #000000;\">Ata kan\u00eb pohuar se pas 10 vitesh nga protesta ku u vet\u00ebdogj ish-i p\u00ebrndjekuri Lirak Bejko, duke humbur jet\u00ebn, ndodhen n\u00eb t\u00eb nj\u00ebjt\u00ebn gjendje. <\/span><\/p>\n<p><span style=\"color: #000000;\">Ata i kan\u00eb b\u00ebr\u00eb thirrje qeveris\u00eb q\u00eb t\u00eb zbatoj\u00eb ligjet.<\/span><\/p>\n<p><span style=\"color: #000000;\"><em>\u201cPara 10 vitesh si pasoj\u00eb e grev\u00ebs p\u00ebr t\u00eb drejtat legjitime na u dogj shoku jon\u00eb, Lirak Bejko. Ne jemi mbledhur sot q\u00eb t\u00eb kujtojm\u00eb Bejkon, q\u00eb ndrit\u00eb shpirti atje ku \u00ebsht\u00eb. Ne jemi mbledhur se jemi atje ku kemi qen\u00eb si p\u00ebrpara 10 vitesh n\u00eb koh\u00ebn e grev\u00ebs q\u00eb zhvilluam. Nuk k\u00ebrkojm\u00eb l\u00ebmosh\u00eb, por Shqip\u00ebria t\u00eb zbatoj\u00eb ligjet kundrejt t\u00eb burgosurve dhe t\u00eb p\u00ebrndjekurve politik\u00eb.\u201d<\/em> &#8211; tha nj\u00ebri prej tyre.<\/span><\/p>\n","protected":false,"gt_translate_keys":[{"key":"rendered","format":"html"}]},"excerpt":{"rendered":"<p>Disa ish-t\u00eb p\u00ebrndjekur politik\u00eb kan\u00eb zhvilluar sot nj\u00eb protest para Kuvendit. Ata kan\u00eb pohuar se pas 10 vitesh nga protesta ku u vet\u00ebdogj ish-i p\u00ebrndjekuri Lirak Bejko, duke humbur jet\u00ebn, ndodhen n\u00eb t\u00eb nj\u00ebjt\u00ebn gjendje. Ata i kan\u00eb b\u00ebr\u00eb thirrje qeveris\u00eb q\u00eb t\u00eb zbatoj\u00eb ligjet. \u201cPara 10 vitesh si pasoj\u00eb e grev\u00ebs p\u00ebr t\u00eb drejtat [&hellip;]<\/p>\n","protected":false,"gt_translate_keys":[{"key":"rendered","format":"html"}]},"author":51,"featured_media":554935,"comment_status":"closed","ping_status":"closed","sticky":false,"template":"","format":"standard","meta":{"footnotes":""},"categories":[65,13],"tags":[],"class_list":["post-554934","post","type-post","status-publish","format-standard","has-post-thumbnail","hentry","category-lajme","category-te-fundit"],"gt_translate_keys":[{"key":"link","format":"url"}],"_links":{"self":[{"href":"https:\/\/www.hashtag.al\/index.php\/wp-json\/wp\/v2\/posts\/554934","targetHints":{"allow":["GET"]}}],"collection":[{"href":"https:\/\/www.hashtag.al\/index.php\/wp-json\/wp\/v2\/posts"}],"about":[{"href":"https:\/\/www.hashtag.al\/index.php\/wp-json\/wp\/v2\/types\/post"}],"author":[{"embeddable":true,"href":"https:\/\/www.hashtag.al\/index.php\/wp-json\/wp\/v2\/users\/51"}],"replies":[{"embeddable":true,"href":"https:\/\/www.hashtag.al\/index.php\/wp-json\/wp\/v2\/comments?post=554934"}],"version-history":[{"count":0,"href":"https:\/\/www.hashtag.al\/index.php\/wp-json\/wp\/v2\/posts\/554934\/revisions"}],"wp:featuredmedia":[{"embeddable":true,"href":"https:\/\/www.hashtag.al\/index.php\/wp-json\/wp\/v2\/media\/554935"}],"wp:attachment":[{"href":"https:\/\/www.hashtag.al\/index.php\/wp-json\/wp\/v2\/media?parent=554934"}],"wp:term":[{"taxonomy":"category","embeddable":true,"href":"https:\/\/www.hashtag.al\/index.php\/wp-json\/wp\/v2\/categories?post=554934"},{"taxonomy":"post_tag","embeddable":true,"href":"https:\/\/www.hashtag.al\/index.php\/wp-json\/wp\/v2\/tags?post=554934"}],"curies":[{"name":"wp","href":"https:\/\/api.w.org\/{rel}","templated":true}]}}