{"id":554453,"date":"2022-10-11T10:41:24","date_gmt":"2022-10-11T08:41:24","guid":{"rendered":"https:\/\/www.hashtag.al\/?p=554453"},"modified":"2022-10-11T10:41:24","modified_gmt":"2022-10-11T08:41:24","slug":"putini-ankohet-per-marrezine-gjate-mobilizimit","status":"publish","type":"post","link":"https:\/\/www.hashtag.al\/index.php\/2022\/10\/11\/putini-ankohet-per-marrezine-gjate-mobilizimit\/","title":{"rendered":"Putini ankohet p\u00ebr &#8216;marr\u00ebzin\u00eb&#8217; gjat\u00eb mobilizimit","gt_translate_keys":[{"key":"rendered","format":"text"}]},"content":{"rendered":"<p><span style=\"color: #000000;\"><img loading=\"lazy\" decoding=\"async\" class=\"aligncenter size-full wp-image-554454\" src=\"https:\/\/www.hashtag.al\/wp-content\/uploads\/2022\/10\/mobilizim.jpg\" alt=\"\" width=\"540\" height=\"304\" srcset=\"https:\/\/www.hashtag.al\/wp-content\/uploads\/2022\/10\/mobilizim.jpg 540w, https:\/\/www.hashtag.al\/wp-content\/uploads\/2022\/10\/mobilizim-300x169.jpg 300w\" sizes=\"auto, (max-width: 540px) 100vw, 540px\" \/><\/span><\/p>\n<p><span style=\"color: #000000;\">Mobilizimi i pjessh\u00ebm ushtarak i vazhduesh\u00ebm i Rusis\u00eb ka pasur pjes\u00ebn e tij t\u00eb \u2018marr\u00ebzis\u00eb\u2019 n\u00eb aspektin e zbatimit, ka pranuar presidenti Putin.<\/span><\/p>\n<p><span style=\"color: #000000;\">Duke folur gjat\u00eb nj\u00eb takimi me guvernator\u00ebt e rajoneve ruse t\u00eb h\u00ebn\u00ebn, Putin tha: <\/span><\/p>\n<p><span style=\"color: #000000;\"><em>&#8220;P\u00ebr fat t\u00eb keq, kjo pjes\u00eb ka pasur marr\u00ebzin\u00eb e vet. Megjithat\u00eb n\u00ebse nuk do kishim pasur mobilizimin e pjessh\u00ebm, \u2018ne nuk do t&#8217;i kishim par\u00eb kurr\u00eb ato probleme q\u00eb jan\u00eb grumbulluar atje me sa duket p\u00ebr nj\u00eb koh\u00eb t\u00eb gjat\u00eb\u2019.<\/em><\/span><\/p>\n<p><span style=\"color: #000000;\">Putin arriti n\u00eb p\u00ebrfundimin se situata e tanishme paraqet nj\u00eb mund\u00ebsi t\u00eb mir\u00eb p\u00ebr t\u00eb korrigjuar k\u00ebto \u00e7\u00ebshtje.<\/span><\/p>\n<p><span style=\"color: #000000;\">Mobilizimi i pjessh\u00ebm u shpall m\u00eb 21 shtator. Q\u00eb at\u00ebher\u00eb, ka pasur raportime t\u00eb shumta p\u00ebr persona pa p\u00ebrvoj\u00eb apo aft\u00ebsi p\u00ebrkat\u00ebse luftarake t\u00eb mobilizuar n\u00eb rajone t\u00eb ndryshme. <\/span><\/p>\n<p><span style=\"color: #000000;\">N\u00eb disa raste, edhe personat me gjendje sh\u00ebndet\u00ebsore q\u00eb i pengojn\u00eb ata nga sh\u00ebrbimi ushtarak, n\u00ebse nuk shpallet lufta, jan\u00eb thirrur n\u00ebn arm\u00eb. E gjith\u00eb kjo bie ndesh me kriteret e p\u00ebrcaktuara nga Putin.<\/span><\/p>\n<p><span style=\"color: #000000;\">Disa nga personat q\u00eb ishin mobilizuar gabimisht u kthyen n\u00eb sht\u00ebpi pasi rastet e tyre u pasqyruan nga media.<\/span><\/p>\n<p><span style=\"color: #000000;\">N\u00eb fund t\u00eb shtatorit, guvernatori i Rajonit t\u00eb Dagestanit t\u00eb Rusis\u00eb, Sergej Melikov, u kap n\u00eb kamera duke qortuar vart\u00ebsit e tij p\u00ebr zellin e tep\u00ebrt n\u00eb kryerjen e mobilizimit t\u00eb pjessh\u00ebm.<\/span><\/p>\n<p><span style=\"color: #000000;\">Zyrtari me sa duket ishte aq i indinjuar sa p\u00ebrdori nj\u00eb gjuh\u00eb shum\u00eb t\u00eb fort\u00eb gjat\u00eb takimit.<\/span><\/p>\n<p><span style=\"color: #000000;\">Zem\u00ebrimi i Melikov u shkaktua nga raportimet e nj\u00eb makine policie q\u00eb qarkullonte me nj\u00eb altoparlant dhe u b\u00ebnte thirrje t\u00eb gjith\u00eb banor\u00ebve meshkuj t\u00eb qytetit t\u00eb Derbentit t\u00eb \u2018vinin menj\u00ebher\u00eb\u2019 n\u00eb qendr\u00ebn lokale t\u00eb rekrutimit ushtarak.<\/span><\/p>\n","protected":false,"gt_translate_keys":[{"key":"rendered","format":"html"}]},"excerpt":{"rendered":"<p>Mobilizimi i pjessh\u00ebm ushtarak i vazhduesh\u00ebm i Rusis\u00eb ka pasur pjes\u00ebn e tij t\u00eb \u2018marr\u00ebzis\u00eb\u2019 n\u00eb aspektin e zbatimit, ka pranuar presidenti Putin. Duke folur gjat\u00eb nj\u00eb takimi me guvernator\u00ebt e rajoneve ruse t\u00eb h\u00ebn\u00ebn, Putin tha: &#8220;P\u00ebr fat t\u00eb keq, kjo pjes\u00eb ka pasur marr\u00ebzin\u00eb e vet. Megjithat\u00eb n\u00ebse nuk do kishim pasur mobilizimin [&hellip;]<\/p>\n","protected":false,"gt_translate_keys":[{"key":"rendered","format":"html"}]},"author":51,"featured_media":554454,"comment_status":"closed","ping_status":"closed","sticky":false,"template":"","format":"standard","meta":{"footnotes":""},"categories":[53],"tags":[],"class_list":["post-554453","post","type-post","status-publish","format-standard","has-post-thumbnail","hentry","category-fast-foodi"],"gt_translate_keys":[{"key":"link","format":"url"}],"_links":{"self":[{"href":"https:\/\/www.hashtag.al\/index.php\/wp-json\/wp\/v2\/posts\/554453","targetHints":{"allow":["GET"]}}],"collection":[{"href":"https:\/\/www.hashtag.al\/index.php\/wp-json\/wp\/v2\/posts"}],"about":[{"href":"https:\/\/www.hashtag.al\/index.php\/wp-json\/wp\/v2\/types\/post"}],"author":[{"embeddable":true,"href":"https:\/\/www.hashtag.al\/index.php\/wp-json\/wp\/v2\/users\/51"}],"replies":[{"embeddable":true,"href":"https:\/\/www.hashtag.al\/index.php\/wp-json\/wp\/v2\/comments?post=554453"}],"version-history":[{"count":0,"href":"https:\/\/www.hashtag.al\/index.php\/wp-json\/wp\/v2\/posts\/554453\/revisions"}],"wp:featuredmedia":[{"embeddable":true,"href":"https:\/\/www.hashtag.al\/index.php\/wp-json\/wp\/v2\/media\/554454"}],"wp:attachment":[{"href":"https:\/\/www.hashtag.al\/index.php\/wp-json\/wp\/v2\/media?parent=554453"}],"wp:term":[{"taxonomy":"category","embeddable":true,"href":"https:\/\/www.hashtag.al\/index.php\/wp-json\/wp\/v2\/categories?post=554453"},{"taxonomy":"post_tag","embeddable":true,"href":"https:\/\/www.hashtag.al\/index.php\/wp-json\/wp\/v2\/tags?post=554453"}],"curies":[{"name":"wp","href":"https:\/\/api.w.org\/{rel}","templated":true}]}}