{"id":554203,"date":"2022-10-09T22:44:54","date_gmt":"2022-10-09T20:44:54","guid":{"rendered":"https:\/\/www.hashtag.al\/?p=554203"},"modified":"2022-10-09T22:47:23","modified_gmt":"2022-10-09T20:47:23","slug":"shtatori-regjistroi-shkallen-me-te-keqe-te-shpyllezimit-ndonjehere-ne-pyjet-e-amazones","status":"publish","type":"post","link":"https:\/\/www.hashtag.al\/index.php\/2022\/10\/09\/shtatori-regjistroi-shkallen-me-te-keqe-te-shpyllezimit-ndonjehere-ne-pyjet-e-amazones\/","title":{"rendered":"Shtatori regjistroi shkall\u00ebn m\u00eb t\u00eb keqe ndonj\u00ebher\u00eb t\u00eb shpyll\u00ebzimit n\u00eb Amazon\u00eb","gt_translate_keys":[{"key":"rendered","format":"text"}]},"content":{"rendered":"<p><span style=\"color: #000000;\"><img loading=\"lazy\" decoding=\"async\" class=\"aligncenter size-full wp-image-554204\" src=\"https:\/\/www.hashtag.al\/wp-content\/uploads\/2022\/10\/amazon.jpg\" alt=\"\" width=\"864\" height=\"486\" srcset=\"https:\/\/www.hashtag.al\/wp-content\/uploads\/2022\/10\/amazon.jpg 864w, https:\/\/www.hashtag.al\/wp-content\/uploads\/2022\/10\/amazon-300x169.jpg 300w, https:\/\/www.hashtag.al\/wp-content\/uploads\/2022\/10\/amazon-768x432.jpg 768w\" sizes=\"auto, (max-width: 864px) 100vw, 864px\" \/><\/span><\/p>\n<p><span style=\"color: #000000;\">P\u00ebrpara raundit t\u00eb dyt\u00eb t\u00eb gar\u00ebs presidenciale t\u00eb Brazilit, q\u00eb do mbahet m\u00eb 30 tetor, autoritetet braziliane kan\u00eb regjistruar nivelet m\u00eb t\u00eb k\u00ebqija t\u00eb shpyll\u00ebzimit n\u00eb Amazon\u00eb p\u00ebr muajin shtator.<\/span><\/p>\n<p><span style=\"color: #000000;\">Sipas Institutit Brazilian t\u00eb K\u00ebrkimeve Hap\u00ebsinore (INPE), 1,455 kilometra katror\u00eb pyje u shkat\u00ebrruan n\u00eb shtator 2022. Rekordi i shtatorit 2022 thyen rekordin e m\u00ebparsh\u00ebm t\u00eb shtatorit 2019 kur u shkat\u00ebrruan 1,454 km2.<\/span><\/p>\n<p><span style=\"color: #000000;\">K\u00ebt\u00eb vit pyjet e Amazon\u00ebs ka p\u00ebrjetuar nj\u00eb num\u00ebr rekordesh p\u00ebr zjarret dhe shpyll\u00ebzimin, pasi nga janari deri n\u00eb shtator 8,590 km\u00b2 u shpyll\u00ebzuan, sipas Green Peace. <\/span><\/p>\n<p><span style=\"color: #000000;\">Gjat\u00eb tre viteve t\u00eb fundit, nj\u00eb zon\u00eb m\u00eb e madhe se Belgjika \u00ebsht\u00eb shkat\u00ebrruar n\u00eb Amazon\u00eb, nd\u00ebrsa shum\u00eb ambientalist\u00eb dhe mbrojt\u00ebs t\u00eb popujve indigjen\u00eb dhe t\u00eb drejtave t\u00eb tyre territoriale kan\u00eb kritikuar politikat e presidentit brazilian Jair Bolsonaro.<\/span><\/p>\n<p><span style=\"color: #000000;\">Ata kan\u00eb k\u00ebmb\u00ebngulur se ai ka zhveshur mbrojtjen mjedisore, duke shkaktuar shkat\u00ebrrim ekologjik e duke nxitur prer\u00ebsit e paligjsh\u00ebm t\u00eb pyjeve, minator\u00ebt dhe blegtor\u00ebt t\u00eb shpyll\u00ebzojn\u00eb sip\u00ebrfaqe t\u00eb m\u00ebdha.<\/span><\/p>\n<p><span style=\"color: #000000;\">Presidenti i djatht\u00eb Bolsonaro d\u00ebshiron t\u00eb hap\u00eb Amazon\u00ebn p\u00ebr zhvillim, nd\u00ebrsa kund\u00ebrshtari i tij, ish-presidenti Luiz In\u00e1cio Lula da Silva, \u00ebsht\u00eb zotuar t\u00eb krijoj\u00eb nj\u00eb Ministri t\u00eb \u00c7\u00ebshtjeve Indigjene, t\u00eb ndaloj\u00eb k\u00ebrkimet e paligjshme t\u00eb arit n\u00eb Amazon dhe rind\u00ebrtoj\u00eb Agjencin\u00eb Mjedisore t\u00eb Institutit Brazilian t\u00eb Mjedisit dhe Burimeve t\u00eb Rinovueshme Natyrore (IBAMA).<\/span><\/p>\n","protected":false,"gt_translate_keys":[{"key":"rendered","format":"html"}]},"excerpt":{"rendered":"<p>P\u00ebrpara raundit t\u00eb dyt\u00eb t\u00eb gar\u00ebs presidenciale t\u00eb Brazilit, q\u00eb do mbahet m\u00eb 30 tetor, autoritetet braziliane kan\u00eb regjistruar nivelet m\u00eb t\u00eb k\u00ebqija t\u00eb shpyll\u00ebzimit n\u00eb Amazon\u00eb p\u00ebr muajin shtator. Sipas Institutit Brazilian t\u00eb K\u00ebrkimeve Hap\u00ebsinore (INPE), 1,455 kilometra katror\u00eb pyje u shkat\u00ebrruan n\u00eb shtator 2022. Rekordi i shtatorit 2022 thyen rekordin e m\u00ebparsh\u00ebm t\u00eb [&hellip;]<\/p>\n","protected":false,"gt_translate_keys":[{"key":"rendered","format":"html"}]},"author":51,"featured_media":554204,"comment_status":"closed","ping_status":"closed","sticky":false,"template":"","format":"standard","meta":{"footnotes":""},"categories":[53],"tags":[],"class_list":["post-554203","post","type-post","status-publish","format-standard","has-post-thumbnail","hentry","category-fast-foodi"],"gt_translate_keys":[{"key":"link","format":"url"}],"_links":{"self":[{"href":"https:\/\/www.hashtag.al\/index.php\/wp-json\/wp\/v2\/posts\/554203","targetHints":{"allow":["GET"]}}],"collection":[{"href":"https:\/\/www.hashtag.al\/index.php\/wp-json\/wp\/v2\/posts"}],"about":[{"href":"https:\/\/www.hashtag.al\/index.php\/wp-json\/wp\/v2\/types\/post"}],"author":[{"embeddable":true,"href":"https:\/\/www.hashtag.al\/index.php\/wp-json\/wp\/v2\/users\/51"}],"replies":[{"embeddable":true,"href":"https:\/\/www.hashtag.al\/index.php\/wp-json\/wp\/v2\/comments?post=554203"}],"version-history":[{"count":0,"href":"https:\/\/www.hashtag.al\/index.php\/wp-json\/wp\/v2\/posts\/554203\/revisions"}],"wp:featuredmedia":[{"embeddable":true,"href":"https:\/\/www.hashtag.al\/index.php\/wp-json\/wp\/v2\/media\/554204"}],"wp:attachment":[{"href":"https:\/\/www.hashtag.al\/index.php\/wp-json\/wp\/v2\/media?parent=554203"}],"wp:term":[{"taxonomy":"category","embeddable":true,"href":"https:\/\/www.hashtag.al\/index.php\/wp-json\/wp\/v2\/categories?post=554203"},{"taxonomy":"post_tag","embeddable":true,"href":"https:\/\/www.hashtag.al\/index.php\/wp-json\/wp\/v2\/tags?post=554203"}],"curies":[{"name":"wp","href":"https:\/\/api.w.org\/{rel}","templated":true}]}}